{"id":81524,"date":"2026-02-05T13:38:40","date_gmt":"2026-02-05T13:38:40","guid":{"rendered":"https:\/\/elterritorialweb.com.ar\/web\/?p=81524"},"modified":"2026-02-05T13:38:42","modified_gmt":"2026-02-05T13:38:42","slug":"jornada-calurosa-y-probables-tormentas-aisladas-en-la-madre-de-ciudades","status":"publish","type":"post","link":"https:\/\/elterritorialweb.com.ar\/web\/jornada-calurosa-y-probables-tormentas-aisladas-en-la-madre-de-ciudades\/","title":{"rendered":"JORNADA CALUROSA Y PROBABLES TORMENTAS AISLADAS EN LA MADRE DE CIUDADES"},"content":{"rendered":"\n<p>Seg\u00fan el pron\u00f3stico del <strong>Servicio Meteorol\u00f3gico Nacional,<\/strong> este <strong>jueves 5 de febrero<\/strong> se presentar\u00e1 con tiempo inestable y tormentas aisladas a lo largo de la jornada. La temperatura <strong>m\u00ednima ser\u00e1 de 23\u00b0C, <\/strong>mientras que la <strong>m\u00e1xima llegar\u00e1 a los 31\u00b0C,<\/strong> configurando una jornada calurosa y h\u00fameda.<\/p>\n\n\n\n<p>Durante la ma\u00f1ana se esperan tormentas aisladas, con una <strong>probabilidad de precipitaciones del 40 al 70%<\/strong>, <strong>vientos<\/strong> leves del sector <strong>noreste entre 7 y 12 km\/h,<\/strong> y una temperatura cercana a los 27\u00b0C.<\/p>\n\n\n\n<p>En la <strong>tarde<\/strong>, las condiciones se mantendr\u00e1n similares, con <strong>tormentas aisladas<\/strong> y la misma <strong>probabilidad de lluvias (40 al 70%).<\/strong> La <strong>temperatura alcanzar\u00e1 el pico m\u00e1ximo de 31\u00b0C,<\/strong> con <strong>vientos<\/strong> del sudoeste que oscilar\u00e1n entre <strong>13 y 22 km\/h.<\/strong><\/p>\n\n\n\n<p>Hacia la <strong>noche<\/strong>, continuar\u00e1 la inestabilidad, aunque con una disminuci\u00f3n de la probabilidad de precipitaciones, estimada entre el 10 y el 40%. La <strong>temperatura descender\u00e1 a 25\u00b0C <\/strong>y se prev\u00e9n <strong>vientos<\/strong> <strong>del sudeste de 13 a 22 km\/h<\/strong>, con <strong>r\u00e1fagas<\/strong> que podr\u00edan alcanzar entre <strong>42 y 50 km\/h.<\/strong><\/p>\n\n\n\n<p>Desde el organismo meteorol\u00f3gico recomiendan mantenerse informados ante posibles cambios en las condiciones del tiempo y tomar precauciones frente a la actividad el\u00e9ctrica y las r\u00e1fagas de viento asociadas a las tormentas.<\/p>\n","protected":false},"excerpt":{"rendered":"<p>El Servicio Meteorol\u00f3gico Nacional anticipa un jueves con condiciones de inestabilidad durante toda la jornada, probabilidad de precipitaciones y una m\u00e1xima que alcanzar\u00e1 los 31\u00b0C.<\/p>\n","protected":false},"author":2,"featured_media":81525,"comment_status":"open","ping_status":"open","sticky":false,"template":"","format":"standard","meta":{"om_disable_all_campaigns":false,"_monsterinsights_skip_tracking":false,"_monsterinsights_sitenote_active":false,"_monsterinsights_sitenote_note":"","_monsterinsights_sitenote_category":0,"_uf_show_specific_survey":0,"_uf_disable_surveys":false,"jetpack_post_was_ever_published":false,"_jetpack_newsletter_access":"","_jetpack_dont_email_post_to_subs":false,"_jetpack_newsletter_tier_id":0,"_jetpack_memberships_contains_paywalled_content":false,"_jetpack_memberships_contains_paid_content":false,"footnotes":"","jetpack_publicize_message":"","jetpack_publicize_feature_enabled":true,"jetpack_social_post_already_shared":true,"jetpack_social_options":{"image_generator_settings":{"template":"highway","default_image_id":0,"font":"","enabled":false},"version":2}},"categories":[4,21],"tags":[1123,1124,1031],"class_list":["post-81524","post","type-post","status-publish","format-standard","has-post-thumbnail","hentry","category-destacadas","category-locales","tag-clima","tag-datos-del-tiempo","tag-servicio-meteorologico-nacional"],"aioseo_notices":[],"views":11,"jetpack_publicize_connections":[],"jetpack_featured_media_url":"https:\/\/i0.wp.com\/elterritorialweb.com.ar\/web\/wp-content\/uploads\/2026\/02\/20260202_111606-scaled.jpg?fit=2560%2C2138&ssl=1","jetpack_sharing_enabled":true,"_links":{"self":[{"href":"https:\/\/elterritorialweb.com.ar\/web\/wp-json\/wp\/v2\/posts\/81524","targetHints":{"allow":["GET"]}}],"collection":[{"href":"https:\/\/elterritorialweb.com.ar\/web\/wp-json\/wp\/v2\/posts"}],"about":[{"href":"https:\/\/elterritorialweb.com.ar\/web\/wp-json\/wp\/v2\/types\/post"}],"author":[{"embeddable":true,"href":"https:\/\/elterritorialweb.com.ar\/web\/wp-json\/wp\/v2\/users\/2"}],"replies":[{"embeddable":true,"href":"https:\/\/elterritorialweb.com.ar\/web\/wp-json\/wp\/v2\/comments?post=81524"}],"version-history":[{"count":1,"href":"https:\/\/elterritorialweb.com.ar\/web\/wp-json\/wp\/v2\/posts\/81524\/revisions"}],"predecessor-version":[{"id":81526,"href":"https:\/\/elterritorialweb.com.ar\/web\/wp-json\/wp\/v2\/posts\/81524\/revisions\/81526"}],"wp:featuredmedia":[{"embeddable":true,"href":"https:\/\/elterritorialweb.com.ar\/web\/wp-json\/wp\/v2\/media\/81525"}],"wp:attachment":[{"href":"https:\/\/elterritorialweb.com.ar\/web\/wp-json\/wp\/v2\/media?parent=81524"}],"wp:term":[{"taxonomy":"category","embeddable":true,"href":"https:\/\/elterritorialweb.com.ar\/web\/wp-json\/wp\/v2\/categories?post=81524"},{"taxonomy":"post_tag","embeddable":true,"href":"https:\/\/elterritorialweb.com.ar\/web\/wp-json\/wp\/v2\/tags?post=81524"}],"curies":[{"name":"wp","href":"https:\/\/api.w.org\/{rel}","templated":true}]}}