{"id":81549,"date":"2026-02-07T01:20:16","date_gmt":"2026-02-07T01:20:16","guid":{"rendered":"https:\/\/elterritorialweb.com.ar\/web\/?p=81549"},"modified":"2026-02-07T01:20:19","modified_gmt":"2026-02-07T01:20:19","slug":"educacion-de-la-capital-convoca-a-la-cobertura-de-cargos-docentes-en-el-jardin-municipal-papa-francisco","status":"publish","type":"post","link":"https:\/\/elterritorialweb.com.ar\/web\/educacion-de-la-capital-convoca-a-la-cobertura-de-cargos-docentes-en-el-jardin-municipal-papa-francisco\/","title":{"rendered":"EDUCACI\u00d3N DE LA CAPITAL CONVOCA A LA COBERTURA DE CARGOS DOCENTES EN EL JARD\u00cdN MUNICIPAL PAPA FRANCISCO"},"content":{"rendered":"\n<p>La Supervisi\u00f3n de Jardines de Infantes de la <strong>Subsecretar\u00eda de Educaci\u00f3n de la Municipalidad de la Capital<\/strong> inform\u00f3 que se llevar\u00e1 a cabo el acto de opci\u00f3n para la <strong>cobertura de cargos docentes en el Jard\u00edn Municipal N\u00b0 27 \u201cPapa Francisco\u201d,<\/strong> de acuerdo al listado de inscripci\u00f3n extraordinaria correspondiente a dicha instituci\u00f3n.<\/p>\n\n\n\n<p>En esta instancia se designar\u00e1n <strong>dos cargos interinos de maestras de secci\u00f3n para el turno ma\u00f1ana<\/strong>, a partir del orden N\u00b0 5 con un puntaje de 22,43. Asimismo, se cubrir\u00e1 un cargo interino de maestra celadora para el turno ma\u00f1ana y un cargo de maestra celadora para el turno tarde.<\/p>\n\n\n\n<p>Tambi\u00e9n se convoca para la cobertura de <strong>un cargo de maestro\/a de Educaci\u00f3n F\u00edsica, interno<\/strong>, para los <strong>turnos ma\u00f1ana y tarde<\/strong>, a partir del n\u00famero de orden 1, con un puntaje de 20,43. En tanto, se designar\u00e1 <strong>un cargo de maestro\/a de Lenguajes Art\u00edsticos para ambos turnos<\/strong>, desde el n\u00famero de orden 1, con un puntaje de 26,51.<\/p>\n\n\n\n<p>El <strong>acto de opci\u00f3n<\/strong> se realizar\u00e1 el <strong>viernes 13 de febrero de 2026, a las 9 horas<\/strong>, en el sal\u00f3n del <strong>edificio de la Subsecretar\u00eda de Educaci\u00f3n<\/strong>, primer piso del Block 1, Complejo Parque Norte, ubicado en Belgrano N\u00b0 800, entre Constituci\u00f3n y Ameghino.<\/p>\n\n\n\n<p>Desde el \u00e1rea informaron que los aspirantes deber\u00e1n presentarse con apto m\u00e9dico en original y copia, y la declaraci\u00f3n jurada municipal de cargos y horarios, emitida por la Supervisi\u00f3n de Jardines de Infantes.<\/p>\n","protected":false},"excerpt":{"rendered":"<p>La Subsecretar\u00eda de Educaci\u00f3n municipal realizar\u00e1 el acto de opci\u00f3n el viernes 13 de febrero para cubrir cargos interinos en distintos turnos y \u00e1reas del nivel inicial.<\/p>\n","protected":false},"author":2,"featured_media":81550,"comment_status":"open","ping_status":"open","sticky":false,"template":"","format":"standard","meta":{"om_disable_all_campaigns":false,"_monsterinsights_skip_tracking":false,"_monsterinsights_sitenote_active":false,"_monsterinsights_sitenote_note":"","_monsterinsights_sitenote_category":0,"_uf_show_specific_survey":0,"_uf_disable_surveys":false,"jetpack_post_was_ever_published":false,"_jetpack_newsletter_access":"","_jetpack_dont_email_post_to_subs":false,"_jetpack_newsletter_tier_id":0,"_jetpack_memberships_contains_paywalled_content":false,"_jetpack_memberships_contains_paid_content":false,"footnotes":"","jetpack_publicize_message":"","jetpack_publicize_feature_enabled":true,"jetpack_social_post_already_shared":true,"jetpack_social_options":{"image_generator_settings":{"template":"highway","default_image_id":0,"font":"","enabled":false},"version":2}},"categories":[4,19],"tags":[214,313],"class_list":["post-81549","post","type-post","status-publish","format-standard","has-post-thumbnail","hentry","category-destacadas","category-educacion","tag-cobertura-de-cargos","tag-jardines-de-infantes-municipales"],"aioseo_notices":[],"views":6,"jetpack_publicize_connections":[],"jetpack_featured_media_url":"https:\/\/i0.wp.com\/elterritorialweb.com.ar\/web\/wp-content\/uploads\/2026\/02\/convocatoria-educacion.jpg?fit=1151%2C591&ssl=1","jetpack_sharing_enabled":true,"_links":{"self":[{"href":"https:\/\/elterritorialweb.com.ar\/web\/wp-json\/wp\/v2\/posts\/81549","targetHints":{"allow":["GET"]}}],"collection":[{"href":"https:\/\/elterritorialweb.com.ar\/web\/wp-json\/wp\/v2\/posts"}],"about":[{"href":"https:\/\/elterritorialweb.com.ar\/web\/wp-json\/wp\/v2\/types\/post"}],"author":[{"embeddable":true,"href":"https:\/\/elterritorialweb.com.ar\/web\/wp-json\/wp\/v2\/users\/2"}],"replies":[{"embeddable":true,"href":"https:\/\/elterritorialweb.com.ar\/web\/wp-json\/wp\/v2\/comments?post=81549"}],"version-history":[{"count":1,"href":"https:\/\/elterritorialweb.com.ar\/web\/wp-json\/wp\/v2\/posts\/81549\/revisions"}],"predecessor-version":[{"id":81551,"href":"https:\/\/elterritorialweb.com.ar\/web\/wp-json\/wp\/v2\/posts\/81549\/revisions\/81551"}],"wp:featuredmedia":[{"embeddable":true,"href":"https:\/\/elterritorialweb.com.ar\/web\/wp-json\/wp\/v2\/media\/81550"}],"wp:attachment":[{"href":"https:\/\/elterritorialweb.com.ar\/web\/wp-json\/wp\/v2\/media?parent=81549"}],"wp:term":[{"taxonomy":"category","embeddable":true,"href":"https:\/\/elterritorialweb.com.ar\/web\/wp-json\/wp\/v2\/categories?post=81549"},{"taxonomy":"post_tag","embeddable":true,"href":"https:\/\/elterritorialweb.com.ar\/web\/wp-json\/wp\/v2\/tags?post=81549"}],"curies":[{"name":"wp","href":"https:\/\/api.w.org\/{rel}","templated":true}]}}