{"id":81552,"date":"2026-02-07T02:55:27","date_gmt":"2026-02-07T02:55:27","guid":{"rendered":"https:\/\/elterritorialweb.com.ar\/web\/?p=81552"},"modified":"2026-02-07T02:55:30","modified_gmt":"2026-02-07T02:55:30","slug":"central-cordoba-se-hizo-fuerte-en-casa-y-vencio-a-union-en-el-madre-de-ciudades","status":"publish","type":"post","link":"https:\/\/elterritorialweb.com.ar\/web\/central-cordoba-se-hizo-fuerte-en-casa-y-vencio-a-union-en-el-madre-de-ciudades\/","title":{"rendered":"CENTRAL C\u00d3RDOBA SE HIZO FUERTE EN CASA Y VENCI\u00d3 A UNI\u00d3N EN EL MADRE DE CIUDADES"},"content":{"rendered":"\n<p><strong>Central C\u00f3rdoba<\/strong> logr\u00f3 una <strong>victoria<\/strong> importante este viernes por la noche al derrotar por <strong>1 a 0<\/strong> a <strong>Uni\u00f3n de Santa Fe<\/strong>, en un encuentro disputado en el <strong>estadio \u00danico Madre de Ciudades<\/strong>. El partido, correspondiente a la cuarta fecha de la <strong>Liga Profesional de F\u00fatbol, <\/strong>fue parejo y cerrado, y se defini\u00f3 a los <strong>30 minutos <\/strong>del complemento gracias a un certero cabezazo de <strong>Michael Nicol\u00e1s Santos<\/strong> <strong>Rosadilla<\/strong>.<\/p>\n\n\n\n<p>Durante la primera etapa, ambos equipos mostraron intensidad pero carecieron de claridad en los metros finales. Las situaciones m\u00e1s peligrosas fueron para el conjunto local, que estuvo cerca de abrir el marcador con un cabezazo de Tijanovich que exigi\u00f3 una gran respuesta del arquero Mansilla.<\/p>\n\n\n\n<figure class=\"wp-block-image size-large\"><a href=\"https:\/\/i0.wp.com\/elterritorialweb.com.ar\/web\/wp-content\/uploads\/2026\/02\/1000326144.jpg?ssl=1\"><img data-recalc-dims=\"1\" decoding=\"async\" width=\"640\" height=\"427\" data-src=\"https:\/\/i0.wp.com\/elterritorialweb.com.ar\/web\/wp-content\/uploads\/2026\/02\/1000326144-1024x683.jpg?resize=640%2C427&#038;ssl=1\" alt=\"\" class=\"wp-image-81554 lazyload\" data-srcset=\"https:\/\/i0.wp.com\/elterritorialweb.com.ar\/web\/wp-content\/uploads\/2026\/02\/1000326144.jpg?resize=1024%2C683&amp;ssl=1 1024w, https:\/\/i0.wp.com\/elterritorialweb.com.ar\/web\/wp-content\/uploads\/2026\/02\/1000326144.jpg?resize=300%2C200&amp;ssl=1 300w, https:\/\/i0.wp.com\/elterritorialweb.com.ar\/web\/wp-content\/uploads\/2026\/02\/1000326144.jpg?resize=768%2C512&amp;ssl=1 768w, https:\/\/i0.wp.com\/elterritorialweb.com.ar\/web\/wp-content\/uploads\/2026\/02\/1000326144.jpg?w=1392&amp;ssl=1 1392w, https:\/\/i0.wp.com\/elterritorialweb.com.ar\/web\/wp-content\/uploads\/2026\/02\/1000326144.jpg?w=1280 1280w\" data-sizes=\"(max-width: 640px) 100vw, 640px\" src=\"data:image\/svg+xml;base64,PHN2ZyB3aWR0aD0iMSIgaGVpZ2h0PSIxIiB4bWxucz0iaHR0cDovL3d3dy53My5vcmcvMjAwMC9zdmciPjwvc3ZnPg==\" style=\"--smush-placeholder-width: 640px; --smush-placeholder-aspect-ratio: 640\/427;\" \/><\/a><\/figure>\n\n\n\n<p>En el segundo tiempo, Central C\u00f3rdoba ajust\u00f3 piezas desde el banco y encontr\u00f3 la diferencia a partir de una pelota parada. Tras un tiro libre desde la derecha, Marco Iacobellis envi\u00f3 el centro preciso para que Santos conectara de cabeza y rompiera la racha sin goles del Ferroviario.<\/p>\n\n\n\n<p>Uni\u00f3n intent\u00f3 reaccionar en los minutos finales y gener\u00f3 algunas aproximaciones, incluida una chance clara de Estigarribia que fue bien resuelta por Alan Aguerre, pero no logr\u00f3 quebrar la solidez defensiva del local.<\/p>\n\n\n\n<figure class=\"wp-block-image size-large\"><a href=\"https:\/\/i0.wp.com\/elterritorialweb.com.ar\/web\/wp-content\/uploads\/2026\/02\/1000326142.jpg?ssl=1\"><img data-recalc-dims=\"1\" decoding=\"async\" width=\"640\" height=\"427\" data-src=\"https:\/\/i0.wp.com\/elterritorialweb.com.ar\/web\/wp-content\/uploads\/2026\/02\/1000326142-1024x683.jpg?resize=640%2C427&#038;ssl=1\" alt=\"\" class=\"wp-image-81555 lazyload\" data-srcset=\"https:\/\/i0.wp.com\/elterritorialweb.com.ar\/web\/wp-content\/uploads\/2026\/02\/1000326142.jpg?resize=1024%2C683&amp;ssl=1 1024w, https:\/\/i0.wp.com\/elterritorialweb.com.ar\/web\/wp-content\/uploads\/2026\/02\/1000326142.jpg?resize=300%2C200&amp;ssl=1 300w, https:\/\/i0.wp.com\/elterritorialweb.com.ar\/web\/wp-content\/uploads\/2026\/02\/1000326142.jpg?resize=768%2C512&amp;ssl=1 768w, https:\/\/i0.wp.com\/elterritorialweb.com.ar\/web\/wp-content\/uploads\/2026\/02\/1000326142.jpg?w=1392&amp;ssl=1 1392w, https:\/\/i0.wp.com\/elterritorialweb.com.ar\/web\/wp-content\/uploads\/2026\/02\/1000326142.jpg?w=1280 1280w\" data-sizes=\"(max-width: 640px) 100vw, 640px\" src=\"data:image\/svg+xml;base64,PHN2ZyB3aWR0aD0iMSIgaGVpZ2h0PSIxIiB4bWxucz0iaHR0cDovL3d3dy53My5vcmcvMjAwMC9zdmciPjwvc3ZnPg==\" style=\"--smush-placeholder-width: 640px; --smush-placeholder-aspect-ratio: 640\/427;\" \/><\/a><\/figure>\n\n\n\n<p>Con este resultado, <strong>Central C\u00f3rdoba<\/strong> qued\u00f3 <strong>noveno en el Grupo A <\/strong>con cuatro puntos y ya piensa en lo que viene: el <strong>mi\u00e9rcoles enfrentar\u00e1 a Gimnasia de Jujuy por la Copa Argentina<\/strong> y el <strong>domingo visitar\u00e1 a Instituto<\/strong>. <\/p>\n\n\n\n<p>Por su parte, <strong>Uni\u00f3n<\/strong> tambi\u00e9n suma cuatro unidades y se mantiene cerca de la zona de clasificaci\u00f3n; el pr\u00f3ximo viernes recibir\u00e1 a San Lorenzo en Santa Fe, con la necesidad de recuperarse tras la derrota en Santiago.<\/p>\n","protected":false},"excerpt":{"rendered":"<p>Con un gol de Michael Santos en el segundo tiempo, el Ferroviario se impuso 1 a 0 ante el Tatengue por la fecha 4 de la Liga Profesional y sum\u00f3 tres puntos clave en Santiago del Estero.<\/p>\n","protected":false},"author":2,"featured_media":81553,"comment_status":"open","ping_status":"open","sticky":false,"template":"","format":"standard","meta":{"om_disable_all_campaigns":false,"_monsterinsights_skip_tracking":false,"_monsterinsights_sitenote_active":false,"_monsterinsights_sitenote_note":"","_monsterinsights_sitenote_category":0,"_uf_show_specific_survey":0,"_uf_disable_surveys":false,"jetpack_post_was_ever_published":false,"_jetpack_newsletter_access":"","_jetpack_dont_email_post_to_subs":false,"_jetpack_newsletter_tier_id":0,"_jetpack_memberships_contains_paywalled_content":false,"_jetpack_memberships_contains_paid_content":false,"footnotes":"","jetpack_publicize_message":"","jetpack_publicize_feature_enabled":true,"jetpack_social_post_already_shared":true,"jetpack_social_options":{"image_generator_settings":{"template":"highway","default_image_id":0,"font":"","enabled":false},"version":2}},"categories":[6,4],"tags":[69,104,433],"class_list":["post-81552","post","type-post","status-publish","format-standard","has-post-thumbnail","hentry","category-deportes","category-destacadas","tag-central-cordoba","tag-liga-profesional-de-futbol","tag-union-de-santa-fe"],"aioseo_notices":[],"views":9,"jetpack_publicize_connections":[],"jetpack_featured_media_url":"https:\/\/i0.wp.com\/elterritorialweb.com.ar\/web\/wp-content\/uploads\/2026\/02\/IMG-20260206-WA0054.jpg?fit=1086%2C724&ssl=1","jetpack_sharing_enabled":true,"_links":{"self":[{"href":"https:\/\/elterritorialweb.com.ar\/web\/wp-json\/wp\/v2\/posts\/81552","targetHints":{"allow":["GET"]}}],"collection":[{"href":"https:\/\/elterritorialweb.com.ar\/web\/wp-json\/wp\/v2\/posts"}],"about":[{"href":"https:\/\/elterritorialweb.com.ar\/web\/wp-json\/wp\/v2\/types\/post"}],"author":[{"embeddable":true,"href":"https:\/\/elterritorialweb.com.ar\/web\/wp-json\/wp\/v2\/users\/2"}],"replies":[{"embeddable":true,"href":"https:\/\/elterritorialweb.com.ar\/web\/wp-json\/wp\/v2\/comments?post=81552"}],"version-history":[{"count":1,"href":"https:\/\/elterritorialweb.com.ar\/web\/wp-json\/wp\/v2\/posts\/81552\/revisions"}],"predecessor-version":[{"id":81556,"href":"https:\/\/elterritorialweb.com.ar\/web\/wp-json\/wp\/v2\/posts\/81552\/revisions\/81556"}],"wp:featuredmedia":[{"embeddable":true,"href":"https:\/\/elterritorialweb.com.ar\/web\/wp-json\/wp\/v2\/media\/81553"}],"wp:attachment":[{"href":"https:\/\/elterritorialweb.com.ar\/web\/wp-json\/wp\/v2\/media?parent=81552"}],"wp:term":[{"taxonomy":"category","embeddable":true,"href":"https:\/\/elterritorialweb.com.ar\/web\/wp-json\/wp\/v2\/categories?post=81552"},{"taxonomy":"post_tag","embeddable":true,"href":"https:\/\/elterritorialweb.com.ar\/web\/wp-json\/wp\/v2\/tags?post=81552"}],"curies":[{"name":"wp","href":"https:\/\/api.w.org\/{rel}","templated":true}]}}