{"id":81557,"date":"2026-02-08T01:29:49","date_gmt":"2026-02-08T01:29:49","guid":{"rendered":"https:\/\/elterritorialweb.com.ar\/web\/?p=81557"},"modified":"2026-02-08T01:29:59","modified_gmt":"2026-02-08T01:29:59","slug":"en-operativo-antidrogas-la-policia-secuestro-cocaina-marihuana-y-plantas-de-cannabis-sativa","status":"publish","type":"post","link":"https:\/\/elterritorialweb.com.ar\/web\/en-operativo-antidrogas-la-policia-secuestro-cocaina-marihuana-y-plantas-de-cannabis-sativa\/","title":{"rendered":"EN OPERATIVO ANTIDROGAS, LA POLIC\u00cdA SECUESTR\u00d3 COCA\u00cdNA, MARIHUANA Y PLANTAS DE CANNABIS SATIVA"},"content":{"rendered":"\n<p>Efectivos de la Direcci\u00f3n General de Drogas Peligrosas llevaron adelante un importante operativo antidrogas en el interior provincial, en el marco de una causa por infracci\u00f3n a la Ley Nacional de Drogas N.\u00ba 23.737, en perjuicio de la salud p\u00fablica.<\/p>\n\n\n\n<p>El procedimiento se desarroll\u00f3 durante la jornada del 6 de febrero de 2026 e incluy\u00f3 m\u00faltiples allanamientos simult\u00e1neos en domicilios de las localidades de Pampa de los Guanacos y Sachayoj, con intervenci\u00f3n del juez y el fiscal competentes.<\/p>\n\n\n\n<p>Las medidas judiciales se concretaron en viviendas de los barrios Santa Rosa y Presidente Per\u00f3n de Pampa de los Guanacos, y en el barrio Villa Tranquila de la localidad de Sachayoj. Como resultado, se logr\u00f3 el secuestro de coca\u00edna, con un peso cercano a los 50 gramos, y marihuana, distribuida en dos envoltorios que totalizaron m\u00e1s de 55 gramos. Adem\u00e1s, se incautaron nueve plantas de Cannabis Sativa, cuyas alturas oscilaban entre los 0,87 y 2,30 metros.<\/p>\n\n\n\n<p>Durante los allanamientos tambi\u00e9n se procedi\u00f3 al secuestro de una importante suma de dinero en efectivo, superior a 1.700.000 pesos, un motoveh\u00edculo, un autom\u00f3vil, dos balanzas de precisi\u00f3n y trece tel\u00e9fonos celulares, considerados de inter\u00e9s para el avance de la investigaci\u00f3n.<\/p>\n\n\n\n<figure class=\"wp-block-gallery has-nested-images columns-default is-cropped wp-block-gallery-1 is-layout-flex wp-block-gallery-is-layout-flex\">\n<figure class=\"wp-block-image size-large\"><a href=\"https:\/\/i0.wp.com\/elterritorialweb.com.ar\/web\/wp-content\/uploads\/2026\/02\/FB_IMG_1770513730704.jpg?ssl=1\"><img data-recalc-dims=\"1\" decoding=\"async\" width=\"640\" height=\"479\" data-id=\"81559\" data-src=\"https:\/\/i0.wp.com\/elterritorialweb.com.ar\/web\/wp-content\/uploads\/2026\/02\/FB_IMG_1770513730704-1024x767.jpg?resize=640%2C479&#038;ssl=1\" alt=\"\" class=\"wp-image-81559 lazyload\" data-srcset=\"https:\/\/i0.wp.com\/elterritorialweb.com.ar\/web\/wp-content\/uploads\/2026\/02\/FB_IMG_1770513730704.jpg?resize=1024%2C767&amp;ssl=1 1024w, https:\/\/i0.wp.com\/elterritorialweb.com.ar\/web\/wp-content\/uploads\/2026\/02\/FB_IMG_1770513730704.jpg?resize=300%2C225&amp;ssl=1 300w, https:\/\/i0.wp.com\/elterritorialweb.com.ar\/web\/wp-content\/uploads\/2026\/02\/FB_IMG_1770513730704.jpg?resize=768%2C575&amp;ssl=1 768w, https:\/\/i0.wp.com\/elterritorialweb.com.ar\/web\/wp-content\/uploads\/2026\/02\/FB_IMG_1770513730704.jpg?resize=1536%2C1150&amp;ssl=1 1536w, https:\/\/i0.wp.com\/elterritorialweb.com.ar\/web\/wp-content\/uploads\/2026\/02\/FB_IMG_1770513730704.jpg?w=1600&amp;ssl=1 1600w, https:\/\/i0.wp.com\/elterritorialweb.com.ar\/web\/wp-content\/uploads\/2026\/02\/FB_IMG_1770513730704.jpg?w=1280 1280w\" data-sizes=\"(max-width: 640px) 100vw, 640px\" src=\"data:image\/svg+xml;base64,PHN2ZyB3aWR0aD0iMSIgaGVpZ2h0PSIxIiB4bWxucz0iaHR0cDovL3d3dy53My5vcmcvMjAwMC9zdmciPjwvc3ZnPg==\" style=\"--smush-placeholder-width: 640px; --smush-placeholder-aspect-ratio: 640\/479;\" \/><\/a><\/figure>\n<\/figure>\n\n\n\n<p>En el marco del operativo fueron detenidas tres personas mayores de edad y otras dos resultaron aprehendidas, todas domiciliadas en distintos barrios de Pampa de los Guanacos y Sachayoj, quedando a disposici\u00f3n de la Justicia.<\/p>\n\n\n\n<p>Desde la fuerza policial se inform\u00f3 que una de las personas encartadas se desempe\u00f1a como docente en una escuela p\u00fablica de la ciudad de Pampa de los Guanacos, situaci\u00f3n que fue debidamente comunicada a la autoridad judicial interviniente.<\/p>\n\n\n\n<p>Las actuaciones contin\u00faan bajo la \u00f3rbita judicial correspondiente, con el objetivo de profundizar la investigaci\u00f3n y determinar responsabilidades, en el marco de las acciones contra el narcotr\u00e1fico que se desarrollan en el interior provincial.<\/p>\n","protected":false},"excerpt":{"rendered":"<p>El procedimiento incluy\u00f3 allanamientos simult\u00e1neos en Pampa de los Guanacos y Sachayoj. Hubo detenidos, secuestro de dinero, veh\u00edculos y elementos clave para la causa.<\/p>\n","protected":false},"author":2,"featured_media":81558,"comment_status":"open","ping_status":"open","sticky":false,"template":"","format":"standard","meta":{"om_disable_all_campaigns":false,"_monsterinsights_skip_tracking":false,"_monsterinsights_sitenote_active":false,"_monsterinsights_sitenote_note":"","_monsterinsights_sitenote_category":0,"_uf_show_specific_survey":0,"_uf_disable_surveys":false,"jetpack_post_was_ever_published":false,"_jetpack_newsletter_access":"","_jetpack_dont_email_post_to_subs":false,"_jetpack_newsletter_tier_id":0,"_jetpack_memberships_contains_paywalled_content":false,"_jetpack_memberships_contains_paid_content":false,"footnotes":"","jetpack_publicize_message":"","jetpack_publicize_feature_enabled":true,"jetpack_social_post_already_shared":true,"jetpack_social_options":{"image_generator_settings":{"template":"highway","default_image_id":0,"font":"","enabled":false},"version":2}},"categories":[4,36],"tags":[1604,604],"class_list":["post-81557","post","type-post","status-publish","format-standard","has-post-thumbnail","hentry","category-destacadas","category-policiales","tag-operativo-antidroga","tag-policia-de-la-provincia-de-santiago-del-estero"],"aioseo_notices":[],"views":10,"jetpack_publicize_connections":[],"jetpack_featured_media_url":"https:\/\/i0.wp.com\/elterritorialweb.com.ar\/web\/wp-content\/uploads\/2026\/02\/FB_IMG_1770513717381.jpg?fit=1416%2C765&ssl=1","jetpack_sharing_enabled":true,"_links":{"self":[{"href":"https:\/\/elterritorialweb.com.ar\/web\/wp-json\/wp\/v2\/posts\/81557","targetHints":{"allow":["GET"]}}],"collection":[{"href":"https:\/\/elterritorialweb.com.ar\/web\/wp-json\/wp\/v2\/posts"}],"about":[{"href":"https:\/\/elterritorialweb.com.ar\/web\/wp-json\/wp\/v2\/types\/post"}],"author":[{"embeddable":true,"href":"https:\/\/elterritorialweb.com.ar\/web\/wp-json\/wp\/v2\/users\/2"}],"replies":[{"embeddable":true,"href":"https:\/\/elterritorialweb.com.ar\/web\/wp-json\/wp\/v2\/comments?post=81557"}],"version-history":[{"count":1,"href":"https:\/\/elterritorialweb.com.ar\/web\/wp-json\/wp\/v2\/posts\/81557\/revisions"}],"predecessor-version":[{"id":81560,"href":"https:\/\/elterritorialweb.com.ar\/web\/wp-json\/wp\/v2\/posts\/81557\/revisions\/81560"}],"wp:featuredmedia":[{"embeddable":true,"href":"https:\/\/elterritorialweb.com.ar\/web\/wp-json\/wp\/v2\/media\/81558"}],"wp:attachment":[{"href":"https:\/\/elterritorialweb.com.ar\/web\/wp-json\/wp\/v2\/media?parent=81557"}],"wp:term":[{"taxonomy":"category","embeddable":true,"href":"https:\/\/elterritorialweb.com.ar\/web\/wp-json\/wp\/v2\/categories?post=81557"},{"taxonomy":"post_tag","embeddable":true,"href":"https:\/\/elterritorialweb.com.ar\/web\/wp-json\/wp\/v2\/tags?post=81557"}],"curies":[{"name":"wp","href":"https:\/\/api.w.org\/{rel}","templated":true}]}}