{"id":81561,"date":"2026-02-08T01:43:43","date_gmt":"2026-02-08T01:43:43","guid":{"rendered":"https:\/\/elterritorialweb.com.ar\/web\/?p=81561"},"modified":"2026-02-08T01:43:46","modified_gmt":"2026-02-08T01:43:46","slug":"continuan-las-tareas-de-desmalezamiento-en-la-ciudad-capital","status":"publish","type":"post","link":"https:\/\/elterritorialweb.com.ar\/web\/continuan-las-tareas-de-desmalezamiento-en-la-ciudad-capital\/","title":{"rendered":"CONTIN\u00daAN LAS TAREAS DE DESMALEZAMIENTO EN LA CIUDAD CAPITAL"},"content":{"rendered":"\n<p>Durante la ma\u00f1ana y la tarde de este s\u00e1bado se llevaron adelante tareas de desmalezamiento en distintos puntos de la ciudad. Los trabajos se concentraron sobre la avenida de Lugones, a la altura de los barrios Siglo XX y Siglo XXI, donde personal municipal realiz\u00f3 labores de limpieza y mantenimiento de los espacios verdes.<\/p>\n\n\n\n<figure class=\"wp-block-image size-full\"><a href=\"https:\/\/i0.wp.com\/elterritorialweb.com.ar\/web\/wp-content\/uploads\/2026\/02\/FB_IMG_1770514685240.jpg\"><img data-recalc-dims=\"1\" decoding=\"async\" width=\"640\" height=\"493\" data-src=\"https:\/\/i0.wp.com\/elterritorialweb.com.ar\/web\/wp-content\/uploads\/2026\/02\/FB_IMG_1770514685240.jpg?resize=640%2C493\" alt=\"\" class=\"wp-image-81563 lazyload\" data-srcset=\"https:\/\/i0.wp.com\/elterritorialweb.com.ar\/web\/wp-content\/uploads\/2026\/02\/FB_IMG_1770514685240.jpg?w=960&amp;ssl=1 960w, https:\/\/i0.wp.com\/elterritorialweb.com.ar\/web\/wp-content\/uploads\/2026\/02\/FB_IMG_1770514685240.jpg?resize=300%2C231&amp;ssl=1 300w, https:\/\/i0.wp.com\/elterritorialweb.com.ar\/web\/wp-content\/uploads\/2026\/02\/FB_IMG_1770514685240.jpg?resize=768%2C592&amp;ssl=1 768w\" data-sizes=\"(max-width: 640px) 100vw, 640px\" src=\"data:image\/svg+xml;base64,PHN2ZyB3aWR0aD0iMSIgaGVpZ2h0PSIxIiB4bWxucz0iaHR0cDovL3d3dy53My5vcmcvMjAwMC9zdmciPjwvc3ZnPg==\" style=\"--smush-placeholder-width: 640px; --smush-placeholder-aspect-ratio: 640\/493;\" \/><\/a><\/figure>\n\n\n\n<p>Asimismo, las cuadrillas continuaron con intervenciones en la rotonda de El Linyerita, ubicada en la intersecci\u00f3n de las avenidas Belgrano y Lugones, un sector de alto tr\u00e1nsito vehicular. Estas acciones forman parte del plan de mantenimiento urbano que busca optimizar la visibilidad, el orden y las condiciones de circulaci\u00f3n en arterias principales.<\/p>\n","protected":false},"excerpt":{"rendered":"<p>Los trabajos se desarrollaron durante la ma\u00f1ana y la tarde de este s\u00e1bado en sectores estrat\u00e9gicos, con el objetivo de mejorar la limpieza y la seguridad vial.<\/p>\n","protected":false},"author":2,"featured_media":81562,"comment_status":"open","ping_status":"open","sticky":false,"template":"","format":"standard","meta":{"om_disable_all_campaigns":false,"_monsterinsights_skip_tracking":false,"_monsterinsights_sitenote_active":false,"_monsterinsights_sitenote_note":"","_monsterinsights_sitenote_category":0,"_uf_show_specific_survey":0,"_uf_disable_surveys":false,"jetpack_post_was_ever_published":false,"_jetpack_newsletter_access":"","_jetpack_dont_email_post_to_subs":false,"_jetpack_newsletter_tier_id":0,"_jetpack_memberships_contains_paywalled_content":false,"_jetpack_memberships_contains_paid_content":false,"footnotes":"","jetpack_publicize_message":"","jetpack_publicize_feature_enabled":true,"jetpack_social_post_already_shared":true,"jetpack_social_options":{"image_generator_settings":{"template":"highway","default_image_id":0,"font":"","enabled":false},"version":2}},"categories":[4,21],"tags":[1605,73],"class_list":["post-81561","post","type-post","status-publish","format-standard","has-post-thumbnail","hentry","category-destacadas","category-locales","tag-limpieza-y-desmalezamiento","tag-municipalidad-de-la-capital"],"aioseo_notices":[],"views":9,"jetpack_publicize_connections":[],"jetpack_featured_media_url":"https:\/\/i0.wp.com\/elterritorialweb.com.ar\/web\/wp-content\/uploads\/2026\/02\/FB_IMG_1770514668727.jpg?fit=1423%2C977&ssl=1","jetpack_sharing_enabled":true,"_links":{"self":[{"href":"https:\/\/elterritorialweb.com.ar\/web\/wp-json\/wp\/v2\/posts\/81561","targetHints":{"allow":["GET"]}}],"collection":[{"href":"https:\/\/elterritorialweb.com.ar\/web\/wp-json\/wp\/v2\/posts"}],"about":[{"href":"https:\/\/elterritorialweb.com.ar\/web\/wp-json\/wp\/v2\/types\/post"}],"author":[{"embeddable":true,"href":"https:\/\/elterritorialweb.com.ar\/web\/wp-json\/wp\/v2\/users\/2"}],"replies":[{"embeddable":true,"href":"https:\/\/elterritorialweb.com.ar\/web\/wp-json\/wp\/v2\/comments?post=81561"}],"version-history":[{"count":1,"href":"https:\/\/elterritorialweb.com.ar\/web\/wp-json\/wp\/v2\/posts\/81561\/revisions"}],"predecessor-version":[{"id":81564,"href":"https:\/\/elterritorialweb.com.ar\/web\/wp-json\/wp\/v2\/posts\/81561\/revisions\/81564"}],"wp:featuredmedia":[{"embeddable":true,"href":"https:\/\/elterritorialweb.com.ar\/web\/wp-json\/wp\/v2\/media\/81562"}],"wp:attachment":[{"href":"https:\/\/elterritorialweb.com.ar\/web\/wp-json\/wp\/v2\/media?parent=81561"}],"wp:term":[{"taxonomy":"category","embeddable":true,"href":"https:\/\/elterritorialweb.com.ar\/web\/wp-json\/wp\/v2\/categories?post=81561"},{"taxonomy":"post_tag","embeddable":true,"href":"https:\/\/elterritorialweb.com.ar\/web\/wp-json\/wp\/v2\/tags?post=81561"}],"curies":[{"name":"wp","href":"https:\/\/api.w.org\/{rel}","templated":true}]}}