{"id":81566,"date":"2026-02-08T01:52:50","date_gmt":"2026-02-08T01:52:50","guid":{"rendered":"https:\/\/elterritorialweb.com.ar\/web\/?p=81566"},"modified":"2026-02-08T01:53:01","modified_gmt":"2026-02-08T01:53:01","slug":"santiago-es-tu-rio-sigue-convocando-a-familias-y-vecinos-con-actividades-gratuitas","status":"publish","type":"post","link":"https:\/\/elterritorialweb.com.ar\/web\/santiago-es-tu-rio-sigue-convocando-a-familias-y-vecinos-con-actividades-gratuitas\/","title":{"rendered":"SANTIAGO ES TU R\u00cdO SIGUE CONVOCANDO A FAMILIAS Y VECINOS CON ACTIVIDADES GRATUITAS"},"content":{"rendered":"\n<p>El programa Santiago es tu R\u00edo, edici\u00f3n 2026, impulsado por la Municipalidad de la Capital, volvi\u00f3 a ser protagonista de un nuevo fin de semana de verano con una amplia agenda de actividades gratuitas destinadas a familias y vecinos de la ciudad.<\/p>\n\n\n\n<p>La iniciativa se desarrolla en los espacios de Costanera y Alsina, donde se ofrecen clases abiertas de baile, paseos gratuitos en bicicletas el\u00e9ctricas, feria de emprendedores locales, experiencias de realidad virtual, juegos mec\u00e1nicos y distintos espacios recreativos para compartir al aire libre.<\/p>\n\n\n\n<figure class=\"wp-block-image size-large\"><a href=\"https:\/\/i0.wp.com\/elterritorialweb.com.ar\/web\/wp-content\/uploads\/2026\/02\/FB_IMG_1770515149431.jpg\"><img data-recalc-dims=\"1\" decoding=\"async\" width=\"640\" height=\"406\" data-src=\"https:\/\/i0.wp.com\/elterritorialweb.com.ar\/web\/wp-content\/uploads\/2026\/02\/FB_IMG_1770515149431.jpg?resize=640%2C406\" alt=\"\" class=\"wp-image-81568 lazyload\" data-srcset=\"https:\/\/i0.wp.com\/elterritorialweb.com.ar\/web\/wp-content\/uploads\/2026\/02\/FB_IMG_1770515149431.jpg?resize=1024%2C650&amp;ssl=1 1024w, https:\/\/i0.wp.com\/elterritorialweb.com.ar\/web\/wp-content\/uploads\/2026\/02\/FB_IMG_1770515149431.jpg?resize=300%2C190&amp;ssl=1 300w, https:\/\/i0.wp.com\/elterritorialweb.com.ar\/web\/wp-content\/uploads\/2026\/02\/FB_IMG_1770515149431.jpg?resize=768%2C487&amp;ssl=1 768w, https:\/\/i0.wp.com\/elterritorialweb.com.ar\/web\/wp-content\/uploads\/2026\/02\/FB_IMG_1770515149431.jpg?resize=1536%2C974&amp;ssl=1 1536w, https:\/\/i0.wp.com\/elterritorialweb.com.ar\/web\/wp-content\/uploads\/2026\/02\/FB_IMG_1770515149431.jpg?w=1600&amp;ssl=1 1600w, https:\/\/i0.wp.com\/elterritorialweb.com.ar\/web\/wp-content\/uploads\/2026\/02\/FB_IMG_1770515149431.jpg?w=1280 1280w\" data-sizes=\"(max-width: 640px) 100vw, 640px\" src=\"data:image\/svg+xml;base64,PHN2ZyB3aWR0aD0iMSIgaGVpZ2h0PSIxIiB4bWxucz0iaHR0cDovL3d3dy53My5vcmcvMjAwMC9zdmciPjwvc3ZnPg==\" style=\"--smush-placeholder-width: 640px; --smush-placeholder-aspect-ratio: 640\/406;\" \/><\/a><\/figure>\n\n\n\n<p>La propuesta, pensada para personas de todas las edades, busca promover el disfrute del r\u00edo como punto de encuentro social, fomentando h\u00e1bitos saludables y el acceso a actividades culturales y recreativas en un entorno natural.<\/p>\n\n\n\n<p>Adem\u00e1s, las familias cuentan con sectores especialmente acondicionados para picnic, lo que refuerza el car\u00e1cter comunitario del programa y consolida a la Costanera como un espacio de integraci\u00f3n y esparcimiento durante la temporada estival.<\/p>\n","protected":false},"excerpt":{"rendered":"<p>El programa municipal renov\u00f3 su propuesta de verano 2026 con m\u00faltiples opciones recreativas, culturales y deportivas en la Costanera y Alsina, pensadas para todas las edades.<\/p>\n","protected":false},"author":2,"featured_media":81567,"comment_status":"open","ping_status":"open","sticky":false,"template":"","format":"standard","meta":{"om_disable_all_campaigns":false,"_monsterinsights_skip_tracking":false,"_monsterinsights_sitenote_active":false,"_monsterinsights_sitenote_note":"","_monsterinsights_sitenote_category":0,"_uf_show_specific_survey":0,"_uf_disable_surveys":false,"jetpack_post_was_ever_published":false,"_jetpack_newsletter_access":"","_jetpack_dont_email_post_to_subs":false,"_jetpack_newsletter_tier_id":0,"_jetpack_memberships_contains_paywalled_content":false,"_jetpack_memberships_contains_paid_content":false,"footnotes":"","jetpack_publicize_message":"","jetpack_publicize_feature_enabled":true,"jetpack_social_post_already_shared":true,"jetpack_social_options":{"image_generator_settings":{"template":"highway","default_image_id":0,"font":"","enabled":false},"version":2}},"categories":[4,21],"tags":[873],"class_list":["post-81566","post","type-post","status-publish","format-standard","has-post-thumbnail","hentry","category-destacadas","category-locales","tag-santiago-es-tu-rio"],"aioseo_notices":[],"views":10,"jetpack_publicize_connections":[],"jetpack_featured_media_url":"https:\/\/i0.wp.com\/elterritorialweb.com.ar\/web\/wp-content\/uploads\/2026\/02\/FB_IMG_1770515145311.jpg?fit=1392%2C856&ssl=1","jetpack_sharing_enabled":true,"_links":{"self":[{"href":"https:\/\/elterritorialweb.com.ar\/web\/wp-json\/wp\/v2\/posts\/81566","targetHints":{"allow":["GET"]}}],"collection":[{"href":"https:\/\/elterritorialweb.com.ar\/web\/wp-json\/wp\/v2\/posts"}],"about":[{"href":"https:\/\/elterritorialweb.com.ar\/web\/wp-json\/wp\/v2\/types\/post"}],"author":[{"embeddable":true,"href":"https:\/\/elterritorialweb.com.ar\/web\/wp-json\/wp\/v2\/users\/2"}],"replies":[{"embeddable":true,"href":"https:\/\/elterritorialweb.com.ar\/web\/wp-json\/wp\/v2\/comments?post=81566"}],"version-history":[{"count":1,"href":"https:\/\/elterritorialweb.com.ar\/web\/wp-json\/wp\/v2\/posts\/81566\/revisions"}],"predecessor-version":[{"id":81570,"href":"https:\/\/elterritorialweb.com.ar\/web\/wp-json\/wp\/v2\/posts\/81566\/revisions\/81570"}],"wp:featuredmedia":[{"embeddable":true,"href":"https:\/\/elterritorialweb.com.ar\/web\/wp-json\/wp\/v2\/media\/81567"}],"wp:attachment":[{"href":"https:\/\/elterritorialweb.com.ar\/web\/wp-json\/wp\/v2\/media?parent=81566"}],"wp:term":[{"taxonomy":"category","embeddable":true,"href":"https:\/\/elterritorialweb.com.ar\/web\/wp-json\/wp\/v2\/categories?post=81566"},{"taxonomy":"post_tag","embeddable":true,"href":"https:\/\/elterritorialweb.com.ar\/web\/wp-json\/wp\/v2\/tags?post=81566"}],"curies":[{"name":"wp","href":"https:\/\/api.w.org\/{rel}","templated":true}]}}