{"id":81828,"date":"2026-02-19T11:59:45","date_gmt":"2026-02-19T11:59:45","guid":{"rendered":"https:\/\/elterritorialweb.com.ar\/web\/?p=81828"},"modified":"2026-02-19T12:20:06","modified_gmt":"2026-02-19T12:20:06","slug":"la-licenciatura-en-historia-de-la-unse-inicio-el-ciclo-2026-con-una-fuerte-proyeccion-regional-y-logros-editoriales","status":"publish","type":"post","link":"https:\/\/elterritorialweb.com.ar\/web\/la-licenciatura-en-historia-de-la-unse-inicio-el-ciclo-2026-con-una-fuerte-proyeccion-regional-y-logros-editoriales\/","title":{"rendered":"\u200bLA LICENCIATURA EN HISTORIA DE LA UNSE INICI\u00d3 EL CICLO 2026 CON UNA FUERTE PROYECCI\u00d3N REGIONAL Y LOGROS EDITORIALES"},"content":{"rendered":"\n<p>\u200b\u200bLa <strong>Licenciatura en Historia<\/strong>, dictada por la Facultad de Humanidades, Ciencias Sociales y de la Salud de la <strong>Universidad Nacional de Santiago del Estero (UNSE)<\/strong>, dio inicio formal a sus actividades correspondientes al ciclo lectivo 2026. El comienzo estuvo marcado por el inicio del segundo a\u00f1o de cursado de la s\u00e9ptima cohorte, reafirmando el crecimiento de una propuesta que trasciende las fronteras provinciales.<\/p>\n\n\n\n<h3 class=\"wp-block-heading\">\u200bDesaf\u00edos acad\u00e9micos y modalidad h\u00edbrida<\/h3>\n\n\n\n<p>\u200bLa carrera, que se desarrolla bajo una modalidad a distancia, mantiene un esquema de clases presenciales virtuales de car\u00e1cter obligatorio los d\u00edas viernes y s\u00e1bados. En esta primera instancia, se puso en marcha el espacio curricular <em>Historia y Ciencias Sociales<\/em>, bajo la tutela del <strong>Mag\u00edster Pablo Cabrera<\/strong>. Asimismo, se dio por finalizado el primer a\u00f1o de la cohorte con el examen integrador de <em>Historia Social Regional<\/em>.<\/p>\n\n\n\n<p>\u200bLa coordinadora de la carrera, <strong>Adriana Medina<\/strong>, expres\u00f3 su entusiasmo por el compromiso estudiantil:<\/p>\n\n\n\n<blockquote class=\"wp-block-quote is-layout-flow wp-block-quote-is-layout-flow\">\n<p>\u200b\u201cHemos comenzado las actividades con un n\u00famero cercano a 150 alumnos regulares. El SUM de la Facultad estuvo a pleno, lo que demuestra el inter\u00e9s que genera esta propuesta acad\u00e9mica\u201d, se\u00f1al\u00f3.<\/p>\n<\/blockquote>\n\n\n\n<h3 class=\"wp-block-heading\">\u200bRespaldo institucional y alcance federal<\/h3>\n\n\n\n<p>\u200bLa jornada inaugural cont\u00f3 con la presencia de la flamante gesti\u00f3n de la Facultad. La decana <strong>Sandra Moreira<\/strong>, junto a la vicedecana <strong>Carla Ferreyra<\/strong> y la secretaria acad\u00e9mica <strong>Valeria Pinto<\/strong>, dieron la bienvenida a los estudiantes, inst\u00e1ndolos a alcanzar la meta del t\u00edtulo de grado.<\/p>\n\n\n\n<p>\u200bUn punto destacado por la coordinaci\u00f3n fue el car\u00e1cter federal de la matr\u00edcula. Actualmente, la licenciatura cuenta con alumnos no solo de Santiago del Estero y La Banda, sino tambi\u00e9n de:<\/p>\n\n\n\n<ul class=\"wp-block-list\">\n<li>\u200b<strong>Catamarca y La Rioja<\/strong><\/li>\n\n\n\n<li>\u200b<strong>Chaco y Tucum\u00e1n<\/strong><\/li>\n\n\n\n<li>\u200b<strong>Salta y Jujuy<\/strong><\/li>\n<\/ul>\n\n\n\n<h3 class=\"wp-block-heading\">\u200bHitos editoriales y presencia nacional<\/h3>\n\n\n\n<p>\u200bEl 2026 se perfila como un a\u00f1o de consolidaci\u00f3n para la investigaci\u00f3n regional. Medina destac\u00f3 la participaci\u00f3n de la UNSE en las <strong>20\u00aa Jornadas Interescuelas de Historia<\/strong>, que se realizar\u00e1n en septiembre en R\u00edo Cuarto, C\u00f3rdoba, espec\u00edficamente en la mesa sobre perspectivas de la historia del NOA.<\/p>\n\n\n\n<p>\u200bEn el \u00e1mbito editorial, la carrera celebr\u00f3 la producci\u00f3n de sus egresados:<\/p>\n\n\n\n<ol class=\"wp-block-list\">\n<li>\u200b<strong>\u00abLa Huella Afro en Santiago del Estero\u00bb<\/strong>: Obra de <strong>Mar\u00eda Rosa Olivera<\/strong> que reconstruye la presencia africana y afrodescendiente en el territorio provincial desde la colonia hasta el siglo XIX.<\/li>\n\n\n\n<li>\u200b<strong>Investigaci\u00f3n sobre el Fort\u00edn de Avipones<\/strong>: Trabajo de <strong>Mauricio Villaruel<\/strong> (oriundo de Sumampa) que analiza el rol de los fortines en las antiguas fronteras antes de la organizaci\u00f3n institucional de la provincia.<\/li>\n<\/ol>\n\n\n\n<p>\u200bCon estos avances, la Licenciatura en Historia no solo fortalece su oferta acad\u00e9mica, sino que se posiciona como un polo de producci\u00f3n de conocimiento cr\u00edtico sobre la identidad y el pasado regional.<\/p>\n","protected":false},"excerpt":{"rendered":"<p>Con m\u00e1s de 150 alumnos regulares y la visita de las nuevas autoridades de la Facultad de Humanidades, la carrera consolid\u00f3 su modalidad a distancia y destac\u00f3 la producci\u00f3n acad\u00e9mica de sus egresados.<\/p>\n","protected":false},"author":2,"featured_media":81835,"comment_status":"open","ping_status":"open","sticky":false,"template":"","format":"standard","meta":{"om_disable_all_campaigns":false,"_monsterinsights_skip_tracking":false,"_monsterinsights_sitenote_active":false,"_monsterinsights_sitenote_note":"","_monsterinsights_sitenote_category":0,"_uf_show_specific_survey":0,"_uf_disable_surveys":false,"jetpack_post_was_ever_published":false,"_jetpack_newsletter_access":"","_jetpack_dont_email_post_to_subs":false,"_jetpack_newsletter_tier_id":0,"_jetpack_memberships_contains_paywalled_content":false,"_jetpack_memberships_contains_paid_content":false,"footnotes":"","jetpack_publicize_message":"","jetpack_publicize_feature_enabled":true,"jetpack_social_post_already_shared":true,"jetpack_social_options":{"image_generator_settings":{"template":"highway","default_image_id":0,"font":"","enabled":false},"version":2}},"categories":[4,19],"tags":[1621,1243,74],"class_list":["post-81828","post","type-post","status-publish","format-standard","has-post-thumbnail","hentry","category-destacadas","category-educacion","tag-ciclo-lectivo-2026","tag-licenciatura-en-historia","tag-unse"],"aioseo_notices":[],"views":8,"jetpack_publicize_connections":[],"jetpack_featured_media_url":"https:\/\/i0.wp.com\/elterritorialweb.com.ar\/web\/wp-content\/uploads\/2026\/02\/Historia.jpeg?fit=1600%2C1066&ssl=1","jetpack_sharing_enabled":true,"_links":{"self":[{"href":"https:\/\/elterritorialweb.com.ar\/web\/wp-json\/wp\/v2\/posts\/81828","targetHints":{"allow":["GET"]}}],"collection":[{"href":"https:\/\/elterritorialweb.com.ar\/web\/wp-json\/wp\/v2\/posts"}],"about":[{"href":"https:\/\/elterritorialweb.com.ar\/web\/wp-json\/wp\/v2\/types\/post"}],"author":[{"embeddable":true,"href":"https:\/\/elterritorialweb.com.ar\/web\/wp-json\/wp\/v2\/users\/2"}],"replies":[{"embeddable":true,"href":"https:\/\/elterritorialweb.com.ar\/web\/wp-json\/wp\/v2\/comments?post=81828"}],"version-history":[{"count":2,"href":"https:\/\/elterritorialweb.com.ar\/web\/wp-json\/wp\/v2\/posts\/81828\/revisions"}],"predecessor-version":[{"id":81844,"href":"https:\/\/elterritorialweb.com.ar\/web\/wp-json\/wp\/v2\/posts\/81828\/revisions\/81844"}],"wp:featuredmedia":[{"embeddable":true,"href":"https:\/\/elterritorialweb.com.ar\/web\/wp-json\/wp\/v2\/media\/81835"}],"wp:attachment":[{"href":"https:\/\/elterritorialweb.com.ar\/web\/wp-json\/wp\/v2\/media?parent=81828"}],"wp:term":[{"taxonomy":"category","embeddable":true,"href":"https:\/\/elterritorialweb.com.ar\/web\/wp-json\/wp\/v2\/categories?post=81828"},{"taxonomy":"post_tag","embeddable":true,"href":"https:\/\/elterritorialweb.com.ar\/web\/wp-json\/wp\/v2\/tags?post=81828"}],"curies":[{"name":"wp","href":"https:\/\/api.w.org\/{rel}","templated":true}]}}