{"id":82202,"date":"2026-02-27T15:37:19","date_gmt":"2026-02-27T15:37:19","guid":{"rendered":"https:\/\/elterritorialweb.com.ar\/web\/?p=82202"},"modified":"2026-02-27T15:43:20","modified_gmt":"2026-02-27T15:43:20","slug":"el-programa-santiago-crece-con-vos-amplia-su-alcance-1-000-nuevos-cupos-y-formacion-integral-para-jovenes","status":"publish","type":"post","link":"https:\/\/elterritorialweb.com.ar\/web\/el-programa-santiago-crece-con-vos-amplia-su-alcance-1-000-nuevos-cupos-y-formacion-integral-para-jovenes\/","title":{"rendered":"\u200bEL PROGRAMA \u00abSANTIAGO CRECE CON VOS\u00bb AMPL\u00cdA SU ALCANCE: 1.000 NUEVOS CUPOS Y FORMACI\u00d3N INTEGRAL PARA J\u00d3VENES"},"content":{"rendered":"\n<p>\u200b\u200bEl Gobierno de Santiago del Estero, a trav\u00e9s de una acci\u00f3n articulada entre el Ministerio de Educaci\u00f3n y diversas instituciones acad\u00e9micas, lanza una nueva etapa del programa <strong>\u00abSantiago Crece con Vos\u00bb<\/strong>. Esta propuesta integral est\u00e1 dise\u00f1ada para que los j\u00f3venes de entre <strong>18 y 35 a\u00f1os<\/strong> sean protagonistas de su desarrollo personal y profesional, vinculando la formaci\u00f3n t\u00e9cnica con las demandas reales del mercado laboral actual.<\/p>\n\n\n\n<h3 class=\"wp-block-heading\">\u200bUn modelo de formaci\u00f3n con prop\u00f3sito<\/h3>\n\n\n\n<p>\u200bEl programa no solo ofrece capacitaci\u00f3n, sino que se presenta como una herramienta de <strong>reconstrucci\u00f3n de v\u00ednculos comunitarios<\/strong>. Su objetivo central es mejorar la empleabilidad mediante la certificaci\u00f3n de saberes, permitiendo a los participantes proyectar un futuro sostenible dentro de la provincia.<\/p>\n\n\n\n<blockquote class=\"wp-block-quote is-layout-flow wp-block-quote-is-layout-flow\">\n<p>\u200b\u00bbLa capacitaci\u00f3n es un est\u00edmulo fundamental para desarrollar nuevos saberes y acompa\u00f1ar a las juventudes en su formaci\u00f3n integral\u00bb, destacan desde la organizaci\u00f3n.<\/p>\n<\/blockquote>\n\n\n\n<h3 class=\"wp-block-heading\">\u200bDetalles de la oferta formativa<\/h3>\n\n\n\n<p>\u200bLos trayectos est\u00e1n divididos en dos grandes ejes estrat\u00e9gicos:<\/p>\n\n\n\n<ol class=\"wp-block-list\">\n<li>\u200b<strong>Oficios Tradicionales:<\/strong> Incluye formaci\u00f3n en construcci\u00f3n, servicios del hogar, mec\u00e1nica, industria alimenticia, servicios agropecuarios y sector forestal.<\/li>\n\n\n\n<li>\u200b<strong>\u00c1reas Tecnol\u00f3gicas y Digitales:<\/strong> Programaci\u00f3n, dise\u00f1o web, administraci\u00f3n de sistemas, log\u00edstica y competencias digitales aplicadas al trabajo.<\/li>\n<\/ol>\n\n\n\n<h3 class=\"wp-block-heading\">\u200bRequisitos y Beneficios<\/h3>\n\n\n\n<p>\u200bPara garantizar la equidad y el acceso, el programa contempla un <strong>est\u00edmulo econ\u00f3mico mensual<\/strong> destinado a cubrir gastos de traslado y materiales de estudio.<\/p>\n\n\n\n<figure class=\"wp-block-image size-full\"><a href=\"https:\/\/i0.wp.com\/elterritorialweb.com.ar\/web\/wp-content\/uploads\/2026\/02\/1000346448.jpg?ssl=1\"><img data-recalc-dims=\"1\" decoding=\"async\" width=\"640\" height=\"466\" data-src=\"https:\/\/i0.wp.com\/elterritorialweb.com.ar\/web\/wp-content\/uploads\/2026\/02\/1000346448.jpg?resize=640%2C466&#038;ssl=1\" alt=\"\" class=\"wp-image-82205 lazyload\" data-srcset=\"https:\/\/i0.wp.com\/elterritorialweb.com.ar\/web\/wp-content\/uploads\/2026\/02\/1000346448.jpg?w=976&amp;ssl=1 976w, https:\/\/i0.wp.com\/elterritorialweb.com.ar\/web\/wp-content\/uploads\/2026\/02\/1000346448.jpg?resize=300%2C218&amp;ssl=1 300w, https:\/\/i0.wp.com\/elterritorialweb.com.ar\/web\/wp-content\/uploads\/2026\/02\/1000346448.jpg?resize=768%2C559&amp;ssl=1 768w\" data-sizes=\"(max-width: 640px) 100vw, 640px\" src=\"data:image\/svg+xml;base64,PHN2ZyB3aWR0aD0iMSIgaGVpZ2h0PSIxIiB4bWxucz0iaHR0cDovL3d3dy53My5vcmcvMjAwMC9zdmciPjwvc3ZnPg==\" style=\"--smush-placeholder-width: 640px; --smush-placeholder-aspect-ratio: 640\/466;\" \/><\/a><\/figure>\n\n\n\n<p><strong>Los requisitos para postularse son:<\/strong><\/p>\n\n\n\n<ul class=\"wp-block-list\">\n<li>\u200bSer residente de la provincia de Santiago del Estero.<\/li>\n\n\n\n<li>\u200bTener entre 18 y 35 a\u00f1os.<\/li>\n\n\n\n<li>\u200bPoseer t\u00edtulo secundario completo (en caso de no tenerlo, el programa exige cursarlo en paralelo con la capacitaci\u00f3n t\u00e9cnica).<\/li>\n<\/ul>\n\n\n\n<h3 class=\"wp-block-heading\">\u200bMunicipios alcanzados y articulaci\u00f3n institucional<\/h3>\n\n\n\n<p>\u200bEn esta primera etapa, el impacto llegar\u00e1 a las localidades de <strong>Capital, La Banda, Fern\u00e1ndez, A\u00f1atuya, Forres, Fr\u00edas, Termas de R\u00edo Hondo y Beltr\u00e1n<\/strong>.<\/p>\n\n\n\n<p>\u200bEl \u00e9xito de la iniciativa se apoya en el trabajo conjunto del Ministerio de Educaci\u00f3n, Ciencia y Tecnolog\u00eda, el Consejo General de Educaci\u00f3n, el ITSE, la Secretar\u00eda de Ciencia y Tecnolog\u00eda, y las universidades <strong>UNSE<\/strong> y <strong>UCSE<\/strong>.<\/p>\n\n\n\n<h3 class=\"wp-block-heading\">\u200bCronograma de Inscripci\u00f3n<\/h3>\n\n\n\n<p>\u200bLas inscripciones se realizar\u00e1n de manera online a partir del <strong>18 de febrero a las 08:00 hs<\/strong>. Se recuerda que los <strong>cupos son limitados<\/strong> por cada oferta formativa.<\/p>\n\n\n\n<ul class=\"wp-block-list\">\n<li>\u200b<strong>Documentaci\u00f3n necesaria:<\/strong> DNI y t\u00edtulo secundario (o constancia del \u00faltimo estudio realizado).<\/li>\n\n\n\n<li>\u200b<strong>Inicio de cursado:<\/strong> Mes de abril.<\/li>\n\n\n\n<li>\u200b<strong>Sitio oficial:<\/strong> <a href=\"https:\/\/www.google.com\/search?q=http:\/\/meducacionsantiago.gob.ar\/crececonvos\">meducacionsantiago.gob.ar\/crececonvos<\/a><\/li>\n<\/ul>\n","protected":false},"excerpt":{"rendered":"<p>La iniciativa del Gobierno Provincial busca fortalecer la empleabilidad y la inclusi\u00f3n social de 3.200 santiague\u00f1os. Con un est\u00edmulo econ\u00f3mico mensual y formaci\u00f3n en oficios y tecnolog\u00eda, las inscripciones abren el 18 de febrero.<\/p>\n","protected":false},"author":2,"featured_media":82203,"comment_status":"open","ping_status":"open","sticky":false,"template":"","format":"standard","meta":{"om_disable_all_campaigns":false,"_monsterinsights_skip_tracking":false,"_monsterinsights_sitenote_active":false,"_monsterinsights_sitenote_note":"","_monsterinsights_sitenote_category":0,"_uf_show_specific_survey":0,"_uf_disable_surveys":false,"jetpack_post_was_ever_published":false,"_jetpack_newsletter_access":"","_jetpack_dont_email_post_to_subs":false,"_jetpack_newsletter_tier_id":0,"_jetpack_memberships_contains_paywalled_content":false,"_jetpack_memberships_contains_paid_content":false,"footnotes":"","jetpack_publicize_message":"","jetpack_publicize_feature_enabled":true,"jetpack_social_post_already_shared":true,"jetpack_social_options":{"image_generator_settings":{"template":"highway","default_image_id":0,"font":"","enabled":false},"version":2}},"categories":[4,21],"tags":[1578],"class_list":["post-82202","post","type-post","status-publish","format-standard","has-post-thumbnail","hentry","category-destacadas","category-locales","tag-programa-santiago-crece-con-vos"],"aioseo_notices":[],"views":11,"jetpack_publicize_connections":[],"jetpack_featured_media_url":"https:\/\/i0.wp.com\/elterritorialweb.com.ar\/web\/wp-content\/uploads\/2026\/02\/FB_IMG_1772206299839.jpg?fit=613%2C488&ssl=1","jetpack_sharing_enabled":true,"_links":{"self":[{"href":"https:\/\/elterritorialweb.com.ar\/web\/wp-json\/wp\/v2\/posts\/82202","targetHints":{"allow":["GET"]}}],"collection":[{"href":"https:\/\/elterritorialweb.com.ar\/web\/wp-json\/wp\/v2\/posts"}],"about":[{"href":"https:\/\/elterritorialweb.com.ar\/web\/wp-json\/wp\/v2\/types\/post"}],"author":[{"embeddable":true,"href":"https:\/\/elterritorialweb.com.ar\/web\/wp-json\/wp\/v2\/users\/2"}],"replies":[{"embeddable":true,"href":"https:\/\/elterritorialweb.com.ar\/web\/wp-json\/wp\/v2\/comments?post=82202"}],"version-history":[{"count":2,"href":"https:\/\/elterritorialweb.com.ar\/web\/wp-json\/wp\/v2\/posts\/82202\/revisions"}],"predecessor-version":[{"id":82206,"href":"https:\/\/elterritorialweb.com.ar\/web\/wp-json\/wp\/v2\/posts\/82202\/revisions\/82206"}],"wp:featuredmedia":[{"embeddable":true,"href":"https:\/\/elterritorialweb.com.ar\/web\/wp-json\/wp\/v2\/media\/82203"}],"wp:attachment":[{"href":"https:\/\/elterritorialweb.com.ar\/web\/wp-json\/wp\/v2\/media?parent=82202"}],"wp:term":[{"taxonomy":"category","embeddable":true,"href":"https:\/\/elterritorialweb.com.ar\/web\/wp-json\/wp\/v2\/categories?post=82202"},{"taxonomy":"post_tag","embeddable":true,"href":"https:\/\/elterritorialweb.com.ar\/web\/wp-json\/wp\/v2\/tags?post=82202"}],"curies":[{"name":"wp","href":"https:\/\/api.w.org\/{rel}","templated":true}]}}