{"id":82207,"date":"2026-02-27T16:50:37","date_gmt":"2026-02-27T16:50:37","guid":{"rendered":"https:\/\/elterritorialweb.com.ar\/web\/?p=82207"},"modified":"2026-02-27T18:57:49","modified_gmt":"2026-02-27T18:57:49","slug":"llegar-a-todos-los-lugares-de-nuestra-provincia-con-igualdad-de-oportunidades","status":"publish","type":"post","link":"https:\/\/elterritorialweb.com.ar\/web\/llegar-a-todos-los-lugares-de-nuestra-provincia-con-igualdad-de-oportunidades\/","title":{"rendered":"\u00abLLEGAR A TODOS LOS LUGARES DE NUESTRA PROVINCIA CON IGUALDAD DE OPORTUNIDADES\u00bb"},"content":{"rendered":"\n<p>\u200bEl mandatario tambi\u00e9n subray\u00f3 el trabajo articulado entre el <strong>Ministerio de Educaci\u00f3n<\/strong>, el <strong>Consejo General de Educaci\u00f3n<\/strong> y las universidades (<strong>UNSE y UCSE<\/strong>) para garantizar que el programa cumpla con los est\u00e1ndares necesarios para transformar el futuro de la regi\u00f3n.<\/p>\n\n\n\n<h3 class=\"wp-block-heading\">\u200b<strong>Puntos clave de la ampliaci\u00f3n del programa<\/strong><\/h3>\n\n\n\n<p>\u200bAnte la alta demanda, el Gobierno Provincial ha decidido fortalecer la infraestructura y el alcance de esta iniciativa:<\/p>\n\n\n\n<ul class=\"wp-block-list\">\n<li>\u200b<strong>Aumento de cupos:<\/strong> Se suman <strong>1.200 nuevas vacantes<\/strong> (1.000 para el interior y 200 distribuidas entre Capital y Banda).<\/li>\n\n\n\n<li>\u200b<strong>Alcance territorial:<\/strong> Se incorporan <strong>14 nuevas localidades<\/strong>, reforzando el car\u00e1cter federal del proyecto.<\/li>\n\n\n\n<li>\u200b<strong>Ejes estrat\u00e9gicos:<\/strong> Formaci\u00f3n con visi\u00f3n clara hacia el empleo y generaci\u00f3n de riqueza para la provincia.<\/li>\n<\/ul>\n\n\n\n<h3 class=\"wp-block-heading\">\u200b<strong>Detalles de la Nueva Estructura<\/strong><\/h3>\n\n\n\n<figure class=\"wp-block-table\"><table class=\"has-fixed-layout\"><tbody><tr><th>Categor\u00eda<\/th><th>Situaci\u00f3n Original<\/th><th>Nueva Medida<\/th><\/tr><tr><td>Inscriptos<\/td><td>3.200<\/td><td>+ 1.200 (Total 4.400)<\/td><\/tr><tr><td>Sedes<\/td><td>8 sedes<\/td><td>+ 14 localidades nuevas<\/td><\/tr><tr><td>Enfoque<\/td><td>Capacitaci\u00f3n b\u00e1sica<\/td><td>Salida laboral y visi\u00f3n estrat\u00e9gica<\/td><\/tr><\/tbody><\/table><\/figure>\n\n\n\n<blockquote class=\"wp-block-quote is-layout-flow wp-block-quote-is-layout-flow\">\n<p>\u200b\u00bbNuestra vocaci\u00f3n es acompa\u00f1ar a quien hoy est\u00e1 demandando un derecho que es la y la formaci\u00f3n\u00bb. \u2014 <strong>El\u00edas Su\u00e1rez.<\/strong><\/p>\n<\/blockquote>\n\n\n\n<p><\/p>\n","protected":false},"excerpt":{"rendered":"<p>\u200bEl gobernador El\u00edas Su\u00e1rez anunci\u00f3 la expansi\u00f3n del programa Santiago Crece Con Vos, destacando que la educaci\u00f3n y la formaci\u00f3n t\u00e9cnica son el camino estrat\u00e9gico para mejorar la calidad de vida y la salida laboral de los j\u00f3venes santiague\u00f1os.<\/p>\n","protected":false},"author":2,"featured_media":82208,"comment_status":"open","ping_status":"open","sticky":false,"template":"","format":"standard","meta":{"om_disable_all_campaigns":false,"_monsterinsights_skip_tracking":false,"_monsterinsights_sitenote_active":false,"_monsterinsights_sitenote_note":"","_monsterinsights_sitenote_category":0,"_uf_show_specific_survey":0,"_uf_disable_surveys":false,"jetpack_post_was_ever_published":false,"_jetpack_newsletter_access":"","_jetpack_dont_email_post_to_subs":false,"_jetpack_newsletter_tier_id":0,"_jetpack_memberships_contains_paywalled_content":false,"_jetpack_memberships_contains_paid_content":false,"footnotes":"","jetpack_publicize_message":"","jetpack_publicize_feature_enabled":true,"jetpack_social_post_already_shared":true,"jetpack_social_options":{"image_generator_settings":{"template":"highway","default_image_id":0,"font":"","enabled":false},"version":2}},"categories":[4,21],"tags":[322,1603],"class_list":["post-82207","post","type-post","status-publish","format-standard","has-post-thumbnail","hentry","category-destacadas","category-locales","tag-elias-suarez","tag-programa-santiago-crece"],"aioseo_notices":[],"views":11,"jetpack_publicize_connections":[],"jetpack_featured_media_url":"https:\/\/i0.wp.com\/elterritorialweb.com.ar\/web\/wp-content\/uploads\/2026\/02\/IMG-20260227-WA0019.jpg?fit=1826%2C1469&ssl=1","jetpack_sharing_enabled":true,"_links":{"self":[{"href":"https:\/\/elterritorialweb.com.ar\/web\/wp-json\/wp\/v2\/posts\/82207","targetHints":{"allow":["GET"]}}],"collection":[{"href":"https:\/\/elterritorialweb.com.ar\/web\/wp-json\/wp\/v2\/posts"}],"about":[{"href":"https:\/\/elterritorialweb.com.ar\/web\/wp-json\/wp\/v2\/types\/post"}],"author":[{"embeddable":true,"href":"https:\/\/elterritorialweb.com.ar\/web\/wp-json\/wp\/v2\/users\/2"}],"replies":[{"embeddable":true,"href":"https:\/\/elterritorialweb.com.ar\/web\/wp-json\/wp\/v2\/comments?post=82207"}],"version-history":[{"count":2,"href":"https:\/\/elterritorialweb.com.ar\/web\/wp-json\/wp\/v2\/posts\/82207\/revisions"}],"predecessor-version":[{"id":82210,"href":"https:\/\/elterritorialweb.com.ar\/web\/wp-json\/wp\/v2\/posts\/82207\/revisions\/82210"}],"wp:featuredmedia":[{"embeddable":true,"href":"https:\/\/elterritorialweb.com.ar\/web\/wp-json\/wp\/v2\/media\/82208"}],"wp:attachment":[{"href":"https:\/\/elterritorialweb.com.ar\/web\/wp-json\/wp\/v2\/media?parent=82207"}],"wp:term":[{"taxonomy":"category","embeddable":true,"href":"https:\/\/elterritorialweb.com.ar\/web\/wp-json\/wp\/v2\/categories?post=82207"},{"taxonomy":"post_tag","embeddable":true,"href":"https:\/\/elterritorialweb.com.ar\/web\/wp-json\/wp\/v2\/tags?post=82207"}],"curies":[{"name":"wp","href":"https:\/\/api.w.org\/{rel}","templated":true}]}}