{"id":82225,"date":"2026-02-28T10:34:43","date_gmt":"2026-02-28T10:34:43","guid":{"rendered":"https:\/\/elterritorialweb.com.ar\/web\/?p=82225"},"modified":"2026-02-28T10:34:45","modified_gmt":"2026-02-28T10:34:45","slug":"la-intendente-fuentes-inauguro-el-corso-2026-con-una-multitudinaria-convocatoria","status":"publish","type":"post","link":"https:\/\/elterritorialweb.com.ar\/web\/la-intendente-fuentes-inauguro-el-corso-2026-con-una-multitudinaria-convocatoria\/","title":{"rendered":"LA INTENDENTE FUENTES INAUGUR\u00d3 EL CORSO 2026 CON UNA MULTITUDINARIA CONVOCATORIA"},"content":{"rendered":"\n<p>\u200b\u200bEn una noche marcada por el color y el despliegue art\u00edstico, la intendente de la ciudad, <strong>Ing. Norma Fuentes<\/strong>, dej\u00f3 oficialmente inaugurada la edici\u00f3n <strong>2026 de los Corsos de la Ciudad<\/strong>. El acto protocolar incluy\u00f3 la tradicional entrega simb\u00f3lica de las llaves de la ciudad al Rey Momo, ante una avenida Costanera que luci\u00f3 completamente colmada por familias y turistas.<\/p>\n\n\n\n<h3 class=\"wp-block-heading\">\u200bHomenaje y tradici\u00f3n<\/h3>\n\n\n\n<p>\u200bLa jornada inicial tuvo un momento de profunda emoci\u00f3n con el <strong>reconocimiento a la hist\u00f3rica comparsa Murua<\/strong>. La Ing. Fuentes hizo entrega de una plaqueta recordatoria a los familiares de <strong>\u201cMama Chili\u201d<\/strong>, pionera de la agrupaci\u00f3n, destacando el legado cultural que representa para la comunidad.<\/p>\n\n\n\n<h3 class=\"wp-block-heading\">\u200bEl valor del trabajo comunitario<\/h3>\n\n\n\n<p>\u200bDurante el evento, la jefa comunal expres\u00f3 su satisfacci\u00f3n por el \u00e9xito de la convocatoria:<\/p>\n\n\n\n<blockquote class=\"wp-block-quote is-layout-flow wp-block-quote-is-layout-flow\">\n<p>\u200b\u201cEs una alegr\u00eda que la ciudad pueda vibrar con la presentaci\u00f3n de comparsas, murgas y carrozas. Invitamos a todos los vecinos a que se acerquen y disfruten de estas noches de color y entusiasmo\u201d, sostuvo Fuentes.<\/p>\n<\/blockquote>\n\n\n\n<p>\u200bAsimismo, la intendente puso de relieve el esfuerzo realizado por los protagonistas detr\u00e1s de escena, agradeciendo los meses de ensayos y la confecci\u00f3n del vestuario coordinados junto a la <strong>Asociaci\u00f3n de Amigos del Corso<\/strong>.<\/p>\n\n\n\n<h3 class=\"wp-block-heading\">\u200bProtagonistas de la primera noche<\/h3>\n\n\n\n<p>\u200bEl cors\u00f3dromo vibr\u00f3 al ritmo de diversas agrupaciones que desplegaron su arte a lo largo de la calzada. Entre las presentaciones destacadas estuvieron:<\/p>\n\n\n\n<ul class=\"wp-block-list\">\n<li>\u200b<strong>Comparsas:<\/strong> Bella Bah\u00eda, Caribe Samba, Delirio de Carnaval (junto a Banda Gaby) y Estrella de Carnaval.<\/li>\n\n\n\n<li>\u200b<strong>Murgas:<\/strong> Elegantes del Carnaval, Los Incomparables de la Loma, Los Murgueros del Oeste e Ilustres del Carnaval.<\/li>\n\n\n\n<li>\u200b<strong>Carrozas:<\/strong> Barrio C\u00e1ceres, Terra Latidos de Madre y Suceso Da Bah\u00eda.<\/li>\n\n\n\n<li>\u200b<strong>Invitados especiales:<\/strong> Caribe Samba, proveniente de la ciudad de Beltr\u00e1n.<\/li>\n<\/ul>\n\n\n\n<p>\u200bLa celebraci\u00f3n continuar\u00e1 con una segunda jornada que promete mantener el mismo nivel de convocatoria y fervor popular en el principal pulm\u00f3n recreativo de la ciudad.<\/p>\n","protected":false},"excerpt":{"rendered":"<p>Con m\u00e1s de 1500 bailarines en escena y un emotivo homenaje a la comparsa Murua, la jefa comunal dio inicio a la m\u00e1xima celebraci\u00f3n del carnaval en la avenida Costanera.<\/p>\n","protected":false},"author":2,"featured_media":82226,"comment_status":"open","ping_status":"open","sticky":false,"template":"","format":"standard","meta":{"om_disable_all_campaigns":false,"_monsterinsights_skip_tracking":false,"_monsterinsights_sitenote_active":false,"_monsterinsights_sitenote_note":"","_monsterinsights_sitenote_category":0,"_uf_show_specific_survey":0,"_uf_disable_surveys":false,"jetpack_post_was_ever_published":false,"_jetpack_newsletter_access":"","_jetpack_dont_email_post_to_subs":false,"_jetpack_newsletter_tier_id":0,"_jetpack_memberships_contains_paywalled_content":false,"_jetpack_memberships_contains_paid_content":false,"footnotes":"","jetpack_publicize_message":"","jetpack_publicize_feature_enabled":true,"jetpack_social_post_already_shared":true,"jetpack_social_options":{"image_generator_settings":{"template":"highway","default_image_id":0,"font":"","enabled":false},"version":2}},"categories":[4,21],"tags":[1628,73,116],"class_list":["post-82225","post","type-post","status-publish","format-standard","has-post-thumbnail","hentry","category-destacadas","category-locales","tag-corso-2026","tag-municipalidad-de-la-capital","tag-norma-fuentes"],"aioseo_notices":[],"views":10,"jetpack_publicize_connections":[],"jetpack_featured_media_url":"https:\/\/i0.wp.com\/elterritorialweb.com.ar\/web\/wp-content\/uploads\/2026\/02\/FB_IMG_1772274765042.jpg?fit=2048%2C1248&ssl=1","jetpack_sharing_enabled":true,"_links":{"self":[{"href":"https:\/\/elterritorialweb.com.ar\/web\/wp-json\/wp\/v2\/posts\/82225","targetHints":{"allow":["GET"]}}],"collection":[{"href":"https:\/\/elterritorialweb.com.ar\/web\/wp-json\/wp\/v2\/posts"}],"about":[{"href":"https:\/\/elterritorialweb.com.ar\/web\/wp-json\/wp\/v2\/types\/post"}],"author":[{"embeddable":true,"href":"https:\/\/elterritorialweb.com.ar\/web\/wp-json\/wp\/v2\/users\/2"}],"replies":[{"embeddable":true,"href":"https:\/\/elterritorialweb.com.ar\/web\/wp-json\/wp\/v2\/comments?post=82225"}],"version-history":[{"count":1,"href":"https:\/\/elterritorialweb.com.ar\/web\/wp-json\/wp\/v2\/posts\/82225\/revisions"}],"predecessor-version":[{"id":82227,"href":"https:\/\/elterritorialweb.com.ar\/web\/wp-json\/wp\/v2\/posts\/82225\/revisions\/82227"}],"wp:featuredmedia":[{"embeddable":true,"href":"https:\/\/elterritorialweb.com.ar\/web\/wp-json\/wp\/v2\/media\/82226"}],"wp:attachment":[{"href":"https:\/\/elterritorialweb.com.ar\/web\/wp-json\/wp\/v2\/media?parent=82225"}],"wp:term":[{"taxonomy":"category","embeddable":true,"href":"https:\/\/elterritorialweb.com.ar\/web\/wp-json\/wp\/v2\/categories?post=82225"},{"taxonomy":"post_tag","embeddable":true,"href":"https:\/\/elterritorialweb.com.ar\/web\/wp-json\/wp\/v2\/tags?post=82225"}],"curies":[{"name":"wp","href":"https:\/\/api.w.org\/{rel}","templated":true}]}}