{"id":82230,"date":"2026-02-28T10:43:34","date_gmt":"2026-02-28T10:43:34","guid":{"rendered":"https:\/\/elterritorialweb.com.ar\/web\/?p=82230"},"modified":"2026-02-28T10:44:39","modified_gmt":"2026-02-28T10:44:39","slug":"el-corso-2026-desplego-todo-su-brillo-con-una-multitudinaria-convocatoria-en-la-costanera","status":"publish","type":"post","link":"https:\/\/elterritorialweb.com.ar\/web\/el-corso-2026-desplego-todo-su-brillo-con-una-multitudinaria-convocatoria-en-la-costanera\/","title":{"rendered":"EL CORSO 2026 DESPLEG\u00d3 TODO SU BRILLO CON UNA MULTITUDINARIA CONVOCATORIA EN LA COSTANERA"},"content":{"rendered":"\n<p>\u200b\u200bLa ciudad dio inicio a una de sus festividades m\u00e1s esperadas con la inauguraci\u00f3n oficial del <strong>Corso 2026<\/strong>. La avenida Costanera se transform\u00f3 en un escenario vibrante donde el desfile de carrozas y el ritmo de las comparsas fueron los protagonistas ante un p\u00fablico que colm\u00f3 cada sector del predio.<\/p>\n\n\n\n<figure class=\"wp-block-image size-large\"><a href=\"https:\/\/i0.wp.com\/elterritorialweb.com.ar\/web\/wp-content\/uploads\/2026\/02\/1000347432.jpg?ssl=1\"><img data-recalc-dims=\"1\" decoding=\"async\" width=\"640\" height=\"427\" data-src=\"https:\/\/i0.wp.com\/elterritorialweb.com.ar\/web\/wp-content\/uploads\/2026\/02\/1000347432-1024x683.jpg?resize=640%2C427&#038;ssl=1\" alt=\"\" class=\"wp-image-82232 lazyload\" data-srcset=\"https:\/\/i0.wp.com\/elterritorialweb.com.ar\/web\/wp-content\/uploads\/2026\/02\/1000347432.jpg?resize=1024%2C683&amp;ssl=1 1024w, https:\/\/i0.wp.com\/elterritorialweb.com.ar\/web\/wp-content\/uploads\/2026\/02\/1000347432.jpg?resize=300%2C200&amp;ssl=1 300w, https:\/\/i0.wp.com\/elterritorialweb.com.ar\/web\/wp-content\/uploads\/2026\/02\/1000347432.jpg?resize=768%2C512&amp;ssl=1 768w, https:\/\/i0.wp.com\/elterritorialweb.com.ar\/web\/wp-content\/uploads\/2026\/02\/1000347432.jpg?resize=1536%2C1025&amp;ssl=1 1536w, https:\/\/i0.wp.com\/elterritorialweb.com.ar\/web\/wp-content\/uploads\/2026\/02\/1000347432.jpg?w=2048&amp;ssl=1 2048w, https:\/\/i0.wp.com\/elterritorialweb.com.ar\/web\/wp-content\/uploads\/2026\/02\/1000347432.jpg?w=1280 1280w, https:\/\/i0.wp.com\/elterritorialweb.com.ar\/web\/wp-content\/uploads\/2026\/02\/1000347432.jpg?w=1920 1920w\" data-sizes=\"(max-width: 640px) 100vw, 640px\" src=\"data:image\/svg+xml;base64,PHN2ZyB3aWR0aD0iMSIgaGVpZ2h0PSIxIiB4bWxucz0iaHR0cDovL3d3dy53My5vcmcvMjAwMC9zdmciPjwvc3ZnPg==\" style=\"--smush-placeholder-width: 640px; --smush-placeholder-aspect-ratio: 640\/427;\" \/><\/a><\/figure>\n\n\n\n<p>\u200bEl evento comenz\u00f3 con un profundo sentido de identidad al rendirse homenaje a la <strong>comparsa Murua<\/strong>. En un momento de gran emoci\u00f3n, se entreg\u00f3 una plaqueta recordatoria a la familia de su pionera, <strong>\u201cMama Chili\u201d<\/strong>, reconociendo su legado hist\u00f3rico en la cultura del carnaval local.<\/p>\n\n\n\n<figure class=\"wp-block-image size-large\"><a href=\"https:\/\/i0.wp.com\/elterritorialweb.com.ar\/web\/wp-content\/uploads\/2026\/02\/1000347436.jpg?ssl=1\"><img data-recalc-dims=\"1\" decoding=\"async\" width=\"640\" height=\"426\" data-src=\"https:\/\/i0.wp.com\/elterritorialweb.com.ar\/web\/wp-content\/uploads\/2026\/02\/1000347436-1024x682.jpg?resize=640%2C426&#038;ssl=1\" alt=\"\" class=\"wp-image-82236 lazyload\" data-srcset=\"https:\/\/i0.wp.com\/elterritorialweb.com.ar\/web\/wp-content\/uploads\/2026\/02\/1000347436.jpg?resize=1024%2C682&amp;ssl=1 1024w, https:\/\/i0.wp.com\/elterritorialweb.com.ar\/web\/wp-content\/uploads\/2026\/02\/1000347436.jpg?resize=300%2C200&amp;ssl=1 300w, https:\/\/i0.wp.com\/elterritorialweb.com.ar\/web\/wp-content\/uploads\/2026\/02\/1000347436.jpg?resize=768%2C512&amp;ssl=1 768w, https:\/\/i0.wp.com\/elterritorialweb.com.ar\/web\/wp-content\/uploads\/2026\/02\/1000347436.jpg?w=1280&amp;ssl=1 1280w\" data-sizes=\"(max-width: 640px) 100vw, 640px\" src=\"data:image\/svg+xml;base64,PHN2ZyB3aWR0aD0iMSIgaGVpZ2h0PSIxIiB4bWxucz0iaHR0cDovL3d3dy53My5vcmcvMjAwMC9zdmciPjwvc3ZnPg==\" style=\"--smush-placeholder-width: 640px; --smush-placeholder-aspect-ratio: 640\/426;\" \/><\/a><\/figure>\n\n\n\n<h3 class=\"wp-block-heading\">\u200bEl esfuerzo detr\u00e1s de la escena<\/h3>\n\n\n\n<p>\u200bEl despliegue de esta primera noche es el resultado de meses de preparaci\u00f3n. La <strong>Asociaci\u00f3n de Amigos del Corso<\/strong> trabaj\u00f3 de forma articulada con las agrupaciones para coordinar los ensayos y la confecci\u00f3n de los impactantes vestuarios que lucieron los protagonistas sobre la calzada.<\/p>\n\n\n\n<figure class=\"wp-block-image size-large\"><a href=\"https:\/\/i0.wp.com\/elterritorialweb.com.ar\/web\/wp-content\/uploads\/2026\/02\/1000347438.jpg?ssl=1\"><img data-recalc-dims=\"1\" decoding=\"async\" width=\"640\" height=\"377\" data-src=\"https:\/\/i0.wp.com\/elterritorialweb.com.ar\/web\/wp-content\/uploads\/2026\/02\/1000347438-1024x603.jpg?resize=640%2C377&#038;ssl=1\" alt=\"\" class=\"wp-image-82233 lazyload\" data-srcset=\"https:\/\/i0.wp.com\/elterritorialweb.com.ar\/web\/wp-content\/uploads\/2026\/02\/1000347438.jpg?resize=1024%2C603&amp;ssl=1 1024w, https:\/\/i0.wp.com\/elterritorialweb.com.ar\/web\/wp-content\/uploads\/2026\/02\/1000347438.jpg?resize=300%2C177&amp;ssl=1 300w, https:\/\/i0.wp.com\/elterritorialweb.com.ar\/web\/wp-content\/uploads\/2026\/02\/1000347438.jpg?resize=768%2C452&amp;ssl=1 768w, https:\/\/i0.wp.com\/elterritorialweb.com.ar\/web\/wp-content\/uploads\/2026\/02\/1000347438.jpg?w=1084&amp;ssl=1 1084w\" data-sizes=\"(max-width: 640px) 100vw, 640px\" src=\"data:image\/svg+xml;base64,PHN2ZyB3aWR0aD0iMSIgaGVpZ2h0PSIxIiB4bWxucz0iaHR0cDovL3d3dy53My5vcmcvMjAwMC9zdmciPjwvc3ZnPg==\" style=\"--smush-placeholder-width: 640px; --smush-placeholder-aspect-ratio: 640\/377;\" \/><\/a><\/figure>\n\n\n\n<h3 class=\"wp-block-heading\">\u200bProtagonistas del carnaval<\/h3>\n\n\n\n<p>\u200bEl cors\u00f3dromo vibr\u00f3 con la m\u00fasica y el baile de diversas agrupaciones que representaron el esp\u00edritu de los barrios y ciudades vecinas:<\/p>\n\n\n\n<ul class=\"wp-block-list\">\n<li>\u200b<strong>Comparsas:<\/strong> Bella Bah\u00eda, Caribe Samba, Delirio de Carnaval (junto a Banda Gaby) y Estrella de Carnaval.<\/li>\n\n\n\n<li>\u200b<strong>Murgas:<\/strong> Elegantes del Carnaval, Los Incomparables de la Loma, Los Murgueros del Oeste e Ilustres del Carnaval.<\/li>\n\n\n\n<li>\u200b<strong>Carrozas:<\/strong> Vecinal Barrio C\u00e1ceres, Terra Latidos de Madre y Suceso Da Bah\u00eda.<\/li>\n\n\n\n<li>\u200b<strong>Invitados:<\/strong> La delegaci\u00f3n de Caribe Samba, proveniente de la ciudad de Beltr\u00e1n.<\/li>\n<\/ul>\n\n\n\n<figure class=\"wp-block-image size-large\"><a href=\"https:\/\/i0.wp.com\/elterritorialweb.com.ar\/web\/wp-content\/uploads\/2026\/02\/1000347433.jpg?ssl=1\"><img data-recalc-dims=\"1\" decoding=\"async\" width=\"640\" height=\"427\" data-src=\"https:\/\/i0.wp.com\/elterritorialweb.com.ar\/web\/wp-content\/uploads\/2026\/02\/1000347433-1024x683.jpg?resize=640%2C427&#038;ssl=1\" alt=\"\" class=\"wp-image-82234 lazyload\" data-srcset=\"https:\/\/i0.wp.com\/elterritorialweb.com.ar\/web\/wp-content\/uploads\/2026\/02\/1000347433.jpg?resize=1024%2C683&amp;ssl=1 1024w, https:\/\/i0.wp.com\/elterritorialweb.com.ar\/web\/wp-content\/uploads\/2026\/02\/1000347433.jpg?resize=300%2C200&amp;ssl=1 300w, https:\/\/i0.wp.com\/elterritorialweb.com.ar\/web\/wp-content\/uploads\/2026\/02\/1000347433.jpg?resize=768%2C512&amp;ssl=1 768w, https:\/\/i0.wp.com\/elterritorialweb.com.ar\/web\/wp-content\/uploads\/2026\/02\/1000347433.jpg?resize=1536%2C1025&amp;ssl=1 1536w, https:\/\/i0.wp.com\/elterritorialweb.com.ar\/web\/wp-content\/uploads\/2026\/02\/1000347433.jpg?w=2048&amp;ssl=1 2048w, https:\/\/i0.wp.com\/elterritorialweb.com.ar\/web\/wp-content\/uploads\/2026\/02\/1000347433.jpg?w=1280 1280w, https:\/\/i0.wp.com\/elterritorialweb.com.ar\/web\/wp-content\/uploads\/2026\/02\/1000347433.jpg?w=1920 1920w\" data-sizes=\"(max-width: 640px) 100vw, 640px\" src=\"data:image\/svg+xml;base64,PHN2ZyB3aWR0aD0iMSIgaGVpZ2h0PSIxIiB4bWxucz0iaHR0cDovL3d3dy53My5vcmcvMjAwMC9zdmciPjwvc3ZnPg==\" style=\"--smush-placeholder-width: 640px; --smush-placeholder-aspect-ratio: 640\/427;\" \/><\/a><\/figure>\n\n\n\n<p>\u200bLa celebraci\u00f3n, que destaca por su ambiente familiar y su capacidad de convocatoria, continuar\u00e1 con una segunda jornada cargada de entusiasmo, invitando a todos los vecinos a sumarse a esta gran muestra de arte popular.<\/p>\n\n\n\n<p><\/p>\n","protected":false},"excerpt":{"rendered":"<p>M\u00e1s de 1500 bailarines y un emotivo homenaje a la trayectoria carnavalesca marcaron la apertura de una fiesta que reuni\u00f3 a las familias en un imponente despliegue de arte y color.<\/p>\n","protected":false},"author":2,"featured_media":82231,"comment_status":"open","ping_status":"open","sticky":false,"template":"","format":"standard","meta":{"om_disable_all_campaigns":false,"_monsterinsights_skip_tracking":false,"_monsterinsights_sitenote_active":false,"_monsterinsights_sitenote_note":"","_monsterinsights_sitenote_category":0,"_uf_show_specific_survey":0,"_uf_disable_surveys":false,"jetpack_post_was_ever_published":false,"_jetpack_newsletter_access":"","_jetpack_dont_email_post_to_subs":false,"_jetpack_newsletter_tier_id":0,"_jetpack_memberships_contains_paywalled_content":false,"_jetpack_memberships_contains_paid_content":false,"footnotes":"","jetpack_publicize_message":"","jetpack_publicize_feature_enabled":true,"jetpack_social_post_already_shared":true,"jetpack_social_options":{"image_generator_settings":{"template":"highway","default_image_id":0,"font":"","enabled":false},"version":2}},"categories":[4,21],"tags":[1628],"class_list":["post-82230","post","type-post","status-publish","format-standard","has-post-thumbnail","hentry","category-destacadas","category-locales","tag-corso-2026"],"aioseo_notices":[],"views":25,"jetpack_publicize_connections":[],"jetpack_featured_media_url":"https:\/\/i0.wp.com\/elterritorialweb.com.ar\/web\/wp-content\/uploads\/2026\/02\/FB_IMG_1772275092127.jpg?fit=2048%2C1366&ssl=1","jetpack_sharing_enabled":true,"_links":{"self":[{"href":"https:\/\/elterritorialweb.com.ar\/web\/wp-json\/wp\/v2\/posts\/82230","targetHints":{"allow":["GET"]}}],"collection":[{"href":"https:\/\/elterritorialweb.com.ar\/web\/wp-json\/wp\/v2\/posts"}],"about":[{"href":"https:\/\/elterritorialweb.com.ar\/web\/wp-json\/wp\/v2\/types\/post"}],"author":[{"embeddable":true,"href":"https:\/\/elterritorialweb.com.ar\/web\/wp-json\/wp\/v2\/users\/2"}],"replies":[{"embeddable":true,"href":"https:\/\/elterritorialweb.com.ar\/web\/wp-json\/wp\/v2\/comments?post=82230"}],"version-history":[{"count":2,"href":"https:\/\/elterritorialweb.com.ar\/web\/wp-json\/wp\/v2\/posts\/82230\/revisions"}],"predecessor-version":[{"id":82237,"href":"https:\/\/elterritorialweb.com.ar\/web\/wp-json\/wp\/v2\/posts\/82230\/revisions\/82237"}],"wp:featuredmedia":[{"embeddable":true,"href":"https:\/\/elterritorialweb.com.ar\/web\/wp-json\/wp\/v2\/media\/82231"}],"wp:attachment":[{"href":"https:\/\/elterritorialweb.com.ar\/web\/wp-json\/wp\/v2\/media?parent=82230"}],"wp:term":[{"taxonomy":"category","embeddable":true,"href":"https:\/\/elterritorialweb.com.ar\/web\/wp-json\/wp\/v2\/categories?post=82230"},{"taxonomy":"post_tag","embeddable":true,"href":"https:\/\/elterritorialweb.com.ar\/web\/wp-json\/wp\/v2\/tags?post=82230"}],"curies":[{"name":"wp","href":"https:\/\/api.w.org\/{rel}","templated":true}]}}