{"id":82239,"date":"2026-02-28T14:46:42","date_gmt":"2026-02-28T14:46:42","guid":{"rendered":"https:\/\/elterritorialweb.com.ar\/web\/?p=82239"},"modified":"2026-02-28T14:51:38","modified_gmt":"2026-02-28T14:51:38","slug":"quedo-inaugurada-la-29a-edicion-del-festival-nacional-del-artesano-por-los-ninos-en-villa-ojo-de-agua","status":"publish","type":"post","link":"https:\/\/elterritorialweb.com.ar\/web\/quedo-inaugurada-la-29a-edicion-del-festival-nacional-del-artesano-por-los-ninos-en-villa-ojo-de-agua\/","title":{"rendered":"QUED\u00d3 INAUGURADA LA 29\u00aa EDICI\u00d3N DEL FESTIVAL NACIONAL DEL ARTESANO \u201cPOR LOS NI\u00d1OS\u201d EN VILLA OJO DE AGUA"},"content":{"rendered":"\n<p>\u200bEn un clima de gran expectativa y fervor popular, se llev\u00f3 a cabo la <strong>apertura oficial de la 29\u00aa edici\u00f3n del Festival Nacional del Artesano \u201cPor los Ni\u00f1os\u201d<\/strong>. La jornada inaugural marc\u00f3 el inicio de uno de los eventos m\u00e1s significativos del calendario cultural de Santiago del Estero, reafirmando su rol como espacio de encuentro para la comunidad y vidriera para el talento local.<\/p>\n\n\n\n<p>\u200bLa ceremonia de inauguraci\u00f3n fue encabezada por la <strong>Intendente de Villa Ojo de Agua, Dra. Monica Bustamante<\/strong>, quien recibi\u00f3 al <strong>Vicegobernador de la provincia, Dr. Carlos Silva Neder<\/strong>. Ambas autoridades coincidieron en destacar la importancia de sostener estos espacios que, adem\u00e1s de su valor art\u00edstico, cumplen una funci\u00f3n social fundamental bajo el lema del festival.<\/p>\n\n\n\n<figure class=\"wp-block-image size-full\"><a href=\"https:\/\/i0.wp.com\/elterritorialweb.com.ar\/web\/wp-content\/uploads\/2026\/02\/1000347731.jpg?ssl=1\"><img data-recalc-dims=\"1\" decoding=\"async\" width=\"640\" height=\"441\" data-src=\"https:\/\/i0.wp.com\/elterritorialweb.com.ar\/web\/wp-content\/uploads\/2026\/02\/1000347731.jpg?resize=640%2C441&#038;ssl=1\" alt=\"\" class=\"wp-image-82244 lazyload\" data-srcset=\"https:\/\/i0.wp.com\/elterritorialweb.com.ar\/web\/wp-content\/uploads\/2026\/02\/1000347731.jpg?w=1015&amp;ssl=1 1015w, https:\/\/i0.wp.com\/elterritorialweb.com.ar\/web\/wp-content\/uploads\/2026\/02\/1000347731.jpg?resize=300%2C207&amp;ssl=1 300w, https:\/\/i0.wp.com\/elterritorialweb.com.ar\/web\/wp-content\/uploads\/2026\/02\/1000347731.jpg?resize=768%2C530&amp;ssl=1 768w\" data-sizes=\"(max-width: 640px) 100vw, 640px\" src=\"data:image\/svg+xml;base64,PHN2ZyB3aWR0aD0iMSIgaGVpZ2h0PSIxIiB4bWxucz0iaHR0cDovL3d3dy53My5vcmcvMjAwMC9zdmciPjwvc3ZnPg==\" style=\"--smush-placeholder-width: 640px; --smush-placeholder-aspect-ratio: 640\/441;\" \/><\/a><\/figure>\n\n\n\n<h3 class=\"wp-block-heading\">\u200bFuerte respaldo institucional<\/h3>\n\n\n\n<p>\u200bLa primera noche cont\u00f3 con una nutrida presencia de funcionarios que acompa\u00f1aron el tradicional corte de cintas y el recorrido por los stands:<\/p>\n\n\n\n<ul class=\"wp-block-list\">\n<li>\u200b<strong>Dr. V\u00edctor Araujo<\/strong>, Jefe de Gabinete de Ministros.<\/li>\n\n\n\n<li>\u200b<strong>Sr. Ricardo Sosa<\/strong>, Subsecretario de Relaciones Institucionales.<\/li>\n\n\n\n<li>\u200b<strong>Prof. Nelson Bravo<\/strong>, Subsecretario de Turismo.<\/li>\n\n\n\n<li>\u200b<strong>Prof. \u00c1ngel In\u00edguez<\/strong>, Subsecretario de Producci\u00f3n.<\/li>\n\n\n\n<li>\u200b<strong>Diputados Provinciales<\/strong>, quienes participaron activamente del acto de apertura.<\/li>\n<\/ul>\n\n\n\n<figure class=\"wp-block-image size-large\"><a href=\"https:\/\/i0.wp.com\/elterritorialweb.com.ar\/web\/wp-content\/uploads\/2026\/02\/1000347729.jpg?ssl=1\"><img data-recalc-dims=\"1\" decoding=\"async\" width=\"640\" height=\"480\" data-src=\"https:\/\/i0.wp.com\/elterritorialweb.com.ar\/web\/wp-content\/uploads\/2026\/02\/1000347729-1024x768.jpg?resize=640%2C480&#038;ssl=1\" alt=\"\" class=\"wp-image-82241 lazyload\" data-srcset=\"https:\/\/i0.wp.com\/elterritorialweb.com.ar\/web\/wp-content\/uploads\/2026\/02\/1000347729.jpg?resize=1024%2C768&amp;ssl=1 1024w, https:\/\/i0.wp.com\/elterritorialweb.com.ar\/web\/wp-content\/uploads\/2026\/02\/1000347729.jpg?resize=300%2C225&amp;ssl=1 300w, https:\/\/i0.wp.com\/elterritorialweb.com.ar\/web\/wp-content\/uploads\/2026\/02\/1000347729.jpg?resize=768%2C576&amp;ssl=1 768w, https:\/\/i0.wp.com\/elterritorialweb.com.ar\/web\/wp-content\/uploads\/2026\/02\/1000347729.jpg?w=1440&amp;ssl=1 1440w, https:\/\/i0.wp.com\/elterritorialweb.com.ar\/web\/wp-content\/uploads\/2026\/02\/1000347729.jpg?w=1280 1280w\" data-sizes=\"(max-width: 640px) 100vw, 640px\" src=\"data:image\/svg+xml;base64,PHN2ZyB3aWR0aD0iMSIgaGVpZ2h0PSIxIiB4bWxucz0iaHR0cDovL3d3dy53My5vcmcvMjAwMC9zdmciPjwvc3ZnPg==\" style=\"--smush-placeholder-width: 640px; --smush-placeholder-aspect-ratio: 640\/480;\" \/><\/a><\/figure>\n\n\n\n<h3 class=\"wp-block-heading\">\u200bUn comienzo con identidad y compromiso<\/h3>\n\n\n\n<p>\u200bTras las palabras de bienvenida y el acto protocolar, los presentes pudieron disfrutar del despliegue de los artesanos, protagonistas centrales de esta edici\u00f3n. El compromiso de la comunidad y el apoyo de las diversas carteras del Estado aseguran el \u00e9xito de esta entrega, que comenz\u00f3 con un marco de p\u00fablico imponente.<\/p>\n\n\n\n<blockquote class=\"wp-block-quote is-layout-flow wp-block-quote-is-layout-flow\">\n<p>\u200b\u00bbInaugurar esta 29\u00aa edici\u00f3n es celebrar nuestra historia y el futuro de nuestros ni\u00f1os. Gracias a cada autoridad y vecino por hacer posible este inicio\u00bb, expresaron desde la organizaci\u00f3n.<\/p>\n<\/blockquote>\n\n\n\n<p>\u200bCon esta exitosa jornada inaugural, el Festival Nacional del Artesano inicia su camino hacia el cierre, prometiendo noches cargadas de m\u00fasica, tradici\u00f3n y el calor de su gente.<\/p>\n","protected":false},"excerpt":{"rendered":"<p>En una emotiva primera noche, autoridades provinciales y municipales dieron inicio oficial al tradicional encuentro que celebra el arte, la cultura y la solidaridad santiague\u00f1a.<\/p>\n","protected":false},"author":2,"featured_media":82240,"comment_status":"open","ping_status":"open","sticky":false,"template":"","format":"standard","meta":{"om_disable_all_campaigns":false,"_monsterinsights_skip_tracking":false,"_monsterinsights_sitenote_active":false,"_monsterinsights_sitenote_note":"","_monsterinsights_sitenote_category":0,"_uf_show_specific_survey":0,"_uf_disable_surveys":false,"jetpack_post_was_ever_published":false,"_jetpack_newsletter_access":"","_jetpack_dont_email_post_to_subs":false,"_jetpack_newsletter_tier_id":0,"_jetpack_memberships_contains_paywalled_content":false,"_jetpack_memberships_contains_paid_content":false,"footnotes":"","jetpack_publicize_message":"","jetpack_publicize_feature_enabled":true,"jetpack_social_post_already_shared":true,"jetpack_social_options":{"image_generator_settings":{"template":"highway","default_image_id":0,"font":"","enabled":false},"version":2}},"categories":[4,35],"tags":[1173,1261],"class_list":["post-82239","post","type-post","status-publish","format-standard","has-post-thumbnail","hentry","category-destacadas","category-interior","tag-festival-del-artesano","tag-monica-bustamante"],"aioseo_notices":[],"views":16,"jetpack_publicize_connections":[],"jetpack_featured_media_url":"https:\/\/i0.wp.com\/elterritorialweb.com.ar\/web\/wp-content\/uploads\/2026\/02\/1000347730.jpg?fit=1440%2C1080&ssl=1","jetpack_sharing_enabled":true,"_links":{"self":[{"href":"https:\/\/elterritorialweb.com.ar\/web\/wp-json\/wp\/v2\/posts\/82239","targetHints":{"allow":["GET"]}}],"collection":[{"href":"https:\/\/elterritorialweb.com.ar\/web\/wp-json\/wp\/v2\/posts"}],"about":[{"href":"https:\/\/elterritorialweb.com.ar\/web\/wp-json\/wp\/v2\/types\/post"}],"author":[{"embeddable":true,"href":"https:\/\/elterritorialweb.com.ar\/web\/wp-json\/wp\/v2\/users\/2"}],"replies":[{"embeddable":true,"href":"https:\/\/elterritorialweb.com.ar\/web\/wp-json\/wp\/v2\/comments?post=82239"}],"version-history":[{"count":2,"href":"https:\/\/elterritorialweb.com.ar\/web\/wp-json\/wp\/v2\/posts\/82239\/revisions"}],"predecessor-version":[{"id":82245,"href":"https:\/\/elterritorialweb.com.ar\/web\/wp-json\/wp\/v2\/posts\/82239\/revisions\/82245"}],"wp:featuredmedia":[{"embeddable":true,"href":"https:\/\/elterritorialweb.com.ar\/web\/wp-json\/wp\/v2\/media\/82240"}],"wp:attachment":[{"href":"https:\/\/elterritorialweb.com.ar\/web\/wp-json\/wp\/v2\/media?parent=82239"}],"wp:term":[{"taxonomy":"category","embeddable":true,"href":"https:\/\/elterritorialweb.com.ar\/web\/wp-json\/wp\/v2\/categories?post=82239"},{"taxonomy":"post_tag","embeddable":true,"href":"https:\/\/elterritorialweb.com.ar\/web\/wp-json\/wp\/v2\/tags?post=82239"}],"curies":[{"name":"wp","href":"https:\/\/api.w.org\/{rel}","templated":true}]}}