{"id":82248,"date":"2026-02-28T20:23:34","date_gmt":"2026-02-28T20:23:34","guid":{"rendered":"https:\/\/elterritorialweb.com.ar\/web\/?p=82248"},"modified":"2026-02-28T20:28:29","modified_gmt":"2026-02-28T20:28:29","slug":"luciano-pereyra-cautivo-a-una-multitud-en-la-noche-de-gala-del-festival-nacional-del-artesano","status":"publish","type":"post","link":"https:\/\/elterritorialweb.com.ar\/web\/luciano-pereyra-cautivo-a-una-multitud-en-la-noche-de-gala-del-festival-nacional-del-artesano\/","title":{"rendered":"LUCIANO PEREYRA CAUTIV\u00d3 A UNA MULTITUD EN LA NOCHE DE GALA DEL FESTIVAL NACIONAL DEL ARTESANO"},"content":{"rendered":"\n<p>\u200bEn el marco de una nueva y exitosa edici\u00f3n del <strong>Festival Nacional del Artesano \u201cPor los Ni\u00f1os\u201d<\/strong>, la ciudad vivi\u00f3 una de sus noches m\u00e1s memorables con la presentaci\u00f3n de <strong>Luciano Pereyra<\/strong>. El cantante lujanense, uno de los favoritos del p\u00fablico santiague\u00f1o, regres\u00f3 al escenario mayor para reafirmar su idilio con una audiencia que lo esper\u00f3 con gran expectativa.<\/p>\n\n\n\n<p>\u200bDesde los primeros acordes, Pereyra despleg\u00f3 un repertorio que recorri\u00f3 sus grandes \u00e9xitos y sus composiciones m\u00e1s recientes, logrando una conexi\u00f3n inmediata con las miles de personas que colmaron el predio. La calidad vocal del artista y su calidez humana fueron los ejes de una presentaci\u00f3n que se extendi\u00f3 entre aplausos, ovaciones y el acompa\u00f1amiento coral de la multitud en cada una de sus canciones.<\/p>\n\n\n\n<figure class=\"wp-block-image size-full\"><a href=\"https:\/\/i0.wp.com\/elterritorialweb.com.ar\/web\/wp-content\/uploads\/2026\/02\/1000347947.jpg?ssl=1\"><img data-recalc-dims=\"1\" decoding=\"async\" width=\"640\" height=\"648\" data-src=\"https:\/\/i0.wp.com\/elterritorialweb.com.ar\/web\/wp-content\/uploads\/2026\/02\/1000347947.jpg?resize=640%2C648&#038;ssl=1\" alt=\"\" class=\"wp-image-82251 lazyload\" data-srcset=\"https:\/\/i0.wp.com\/elterritorialweb.com.ar\/web\/wp-content\/uploads\/2026\/02\/1000347947.jpg?w=902&amp;ssl=1 902w, https:\/\/i0.wp.com\/elterritorialweb.com.ar\/web\/wp-content\/uploads\/2026\/02\/1000347947.jpg?resize=296%2C300&amp;ssl=1 296w, https:\/\/i0.wp.com\/elterritorialweb.com.ar\/web\/wp-content\/uploads\/2026\/02\/1000347947.jpg?resize=768%2C777&amp;ssl=1 768w\" data-sizes=\"(max-width: 640px) 100vw, 640px\" src=\"data:image\/svg+xml;base64,PHN2ZyB3aWR0aD0iMSIgaGVpZ2h0PSIxIiB4bWxucz0iaHR0cDovL3d3dy53My5vcmcvMjAwMC9zdmciPjwvc3ZnPg==\" style=\"--smush-placeholder-width: 640px; --smush-placeholder-aspect-ratio: 640\/648;\" \/><\/a><\/figure>\n\n\n\n<h3 class=\"wp-block-heading\">\u200bUn regreso esperado<\/h3>\n\n\n\n<p>\u200bPara la organizaci\u00f3n del festival, la presencia de Luciano Pereyra representa un salto de calidad en la cartelera art\u00edstica y un motor fundamental para la convocatoria regional. Su participaci\u00f3n, ya tradicional en este evento, es celebrada tanto por los vecinos de Villa Ojo de Agua como por los turistas que se acercan desde distintos puntos del pa\u00eds.<\/p>\n\n\n\n<blockquote class=\"wp-block-quote is-layout-flow wp-block-quote-is-layout-flow\">\n<p>\u200b\u00bbEstamos sumamente felices de que Luciano nos acompa\u00f1e otro a\u00f1o m\u00e1s en este evento tan especial para nuestra comunidad. Su presencia jerarquiza el festival y nos regala una noche inolvidable\u00bb, destacaron desde la comisi\u00f3n organizadora.<\/p>\n<\/blockquote>\n\n\n\n<figure class=\"wp-block-image size-full\"><a href=\"https:\/\/i0.wp.com\/elterritorialweb.com.ar\/web\/wp-content\/uploads\/2026\/02\/1000347951.jpg?ssl=1\"><img data-recalc-dims=\"1\" decoding=\"async\" width=\"640\" height=\"639\" data-src=\"https:\/\/i0.wp.com\/elterritorialweb.com.ar\/web\/wp-content\/uploads\/2026\/02\/1000347951.jpg?resize=640%2C639&#038;ssl=1\" alt=\"\" class=\"wp-image-82253 lazyload\" data-srcset=\"https:\/\/i0.wp.com\/elterritorialweb.com.ar\/web\/wp-content\/uploads\/2026\/02\/1000347951.jpg?w=909&amp;ssl=1 909w, https:\/\/i0.wp.com\/elterritorialweb.com.ar\/web\/wp-content\/uploads\/2026\/02\/1000347951.jpg?resize=300%2C300&amp;ssl=1 300w, https:\/\/i0.wp.com\/elterritorialweb.com.ar\/web\/wp-content\/uploads\/2026\/02\/1000347951.jpg?resize=150%2C150&amp;ssl=1 150w, https:\/\/i0.wp.com\/elterritorialweb.com.ar\/web\/wp-content\/uploads\/2026\/02\/1000347951.jpg?resize=768%2C767&amp;ssl=1 768w\" data-sizes=\"(max-width: 640px) 100vw, 640px\" src=\"data:image\/svg+xml;base64,PHN2ZyB3aWR0aD0iMSIgaGVpZ2h0PSIxIiB4bWxucz0iaHR0cDovL3d3dy53My5vcmcvMjAwMC9zdmciPjwvc3ZnPg==\" style=\"--smush-placeholder-width: 640px; --smush-placeholder-aspect-ratio: 640\/639;\" \/><\/a><\/figure>\n\n\n\n<h3 class=\"wp-block-heading\">El brillo de la noche<\/h3>\n\n\n\n<p>\u200bLa presentaci\u00f3n del artista no solo fue un hito musical, sino tambi\u00e9n un respaldo al prop\u00f3sito solidario del festival. Bajo el lema <strong>\u201cPor los Ni\u00f1os\u201d<\/strong>, el evento contin\u00faa consolid\u00e1ndose como un espacio donde la cultura de primer nivel y el compromiso social caminan de la mano.<\/p>\n\n\n\n<p>\u200bAl finalizar su actuaci\u00f3n, Luciano Pereyra se retir\u00f3 bajo una lluvia de aplausos, dejando una huella imborrable en esta 29\u00aa edici\u00f3n y consolidando al Festival del Artesano como uno de los epicentros culturales m\u00e1s importantes de la provincia.<\/p>\n\n\n\n<p><\/p>\n","protected":false},"excerpt":{"rendered":"<p>El reconocido artista regres\u00f3 al escenario de Villa Ojo de Agua para coronar una jornada hist\u00f3rica, donde su talento y carisma despertaron la ovaci\u00f3n un\u00e1nime del p\u00fablico presente.<\/p>\n","protected":false},"author":2,"featured_media":82249,"comment_status":"open","ping_status":"open","sticky":false,"template":"","format":"standard","meta":{"om_disable_all_campaigns":false,"_monsterinsights_skip_tracking":false,"_monsterinsights_sitenote_active":false,"_monsterinsights_sitenote_note":"","_monsterinsights_sitenote_category":0,"_uf_show_specific_survey":0,"_uf_disable_surveys":false,"jetpack_post_was_ever_published":false,"_jetpack_newsletter_access":"","_jetpack_dont_email_post_to_subs":false,"_jetpack_newsletter_tier_id":0,"_jetpack_memberships_contains_paywalled_content":false,"_jetpack_memberships_contains_paid_content":false,"footnotes":"","jetpack_publicize_message":"","jetpack_publicize_feature_enabled":true,"jetpack_social_post_already_shared":true,"jetpack_social_options":{"image_generator_settings":{"template":"highway","default_image_id":0,"font":"","enabled":false},"version":2}},"categories":[4,35],"tags":[1173,1634],"class_list":["post-82248","post","type-post","status-publish","format-standard","has-post-thumbnail","hentry","category-destacadas","category-interior","tag-festival-del-artesano","tag-luciano-pereyra"],"aioseo_notices":[],"views":9,"jetpack_publicize_connections":[],"jetpack_featured_media_url":"https:\/\/i0.wp.com\/elterritorialweb.com.ar\/web\/wp-content\/uploads\/2026\/02\/Screenshot_20260228_171804_Facebook.jpg?fit=1080%2C943&ssl=1","jetpack_sharing_enabled":true,"_links":{"self":[{"href":"https:\/\/elterritorialweb.com.ar\/web\/wp-json\/wp\/v2\/posts\/82248","targetHints":{"allow":["GET"]}}],"collection":[{"href":"https:\/\/elterritorialweb.com.ar\/web\/wp-json\/wp\/v2\/posts"}],"about":[{"href":"https:\/\/elterritorialweb.com.ar\/web\/wp-json\/wp\/v2\/types\/post"}],"author":[{"embeddable":true,"href":"https:\/\/elterritorialweb.com.ar\/web\/wp-json\/wp\/v2\/users\/2"}],"replies":[{"embeddable":true,"href":"https:\/\/elterritorialweb.com.ar\/web\/wp-json\/wp\/v2\/comments?post=82248"}],"version-history":[{"count":4,"href":"https:\/\/elterritorialweb.com.ar\/web\/wp-json\/wp\/v2\/posts\/82248\/revisions"}],"predecessor-version":[{"id":82255,"href":"https:\/\/elterritorialweb.com.ar\/web\/wp-json\/wp\/v2\/posts\/82248\/revisions\/82255"}],"wp:featuredmedia":[{"embeddable":true,"href":"https:\/\/elterritorialweb.com.ar\/web\/wp-json\/wp\/v2\/media\/82249"}],"wp:attachment":[{"href":"https:\/\/elterritorialweb.com.ar\/web\/wp-json\/wp\/v2\/media?parent=82248"}],"wp:term":[{"taxonomy":"category","embeddable":true,"href":"https:\/\/elterritorialweb.com.ar\/web\/wp-json\/wp\/v2\/categories?post=82248"},{"taxonomy":"post_tag","embeddable":true,"href":"https:\/\/elterritorialweb.com.ar\/web\/wp-json\/wp\/v2\/tags?post=82248"}],"curies":[{"name":"wp","href":"https:\/\/api.w.org\/{rel}","templated":true}]}}