{"id":82256,"date":"2026-02-28T20:48:00","date_gmt":"2026-02-28T20:48:00","guid":{"rendered":"https:\/\/elterritorialweb.com.ar\/web\/?p=82256"},"modified":"2026-02-28T20:48:02","modified_gmt":"2026-02-28T20:48:02","slug":"adunse-confirma-adhesion-al-paro-nacional-universitario-para-el-lunes-2-de-marzo","status":"publish","type":"post","link":"https:\/\/elterritorialweb.com.ar\/web\/adunse-confirma-adhesion-al-paro-nacional-universitario-para-el-lunes-2-de-marzo\/","title":{"rendered":"ADUNSE CONFIRMA ADHESI\u00d3N AL PARO NACIONAL UNIVERSITARIO PARA EL LUNES 2 DE MARZO"},"content":{"rendered":"\n<p>\u200bLa Asociaci\u00f3n de Docentes de la Universidad Nacional de Santiago del Estero (<strong>ADUNSE<\/strong>), gremio adherido a la <strong>CONADU<\/strong>, oficializ\u00f3 mediante una presentaci\u00f3n ante las autoridades acad\u00e9micas su adhesi\u00f3n al <strong>Paro Nacional<\/strong> convocado para el pr\u00f3ximo <strong>lunes 2 de marzo<\/strong>. La medida se cumplir\u00e1 bajo la modalidad de <strong>sin asistencia<\/strong> a los lugares de trabajo.<\/p>\n\n\n\n<p>\u200bLa notificaci\u00f3n, rubricada por el Secretario General, <strong>Dr. Santiago Com\u00e1n<\/strong>, y los miembros de la Comisi\u00f3n Directiva, fue dirigida al Rector de la UNSE, Lic. Marcelino Ledesma. En el documento se especifica que la acci\u00f3n gremial responde a un mandato de la Intersindical Nacional y se fundamenta en un pliego de reclamos que el sector docente considera cr\u00edticos para el funcionamiento de la educaci\u00f3n superior.<\/p>\n\n\n\n<h3 class=\"wp-block-heading\">\u200b<strong>Los ejes del reclamo<\/strong><\/h3>\n\n\n\n<p>\u200bDesde ADUNSE informaron que los motivos principales que impulsan esta medida de fuerza son:<\/p>\n\n\n\n<ul class=\"wp-block-list\">\n<li>\u200bEl cumplimiento efectivo de la <strong>Ley de Financiamiento Universitario 27.795<\/strong>.<\/li>\n\n\n\n<li>\u200bUna <strong>recomposici\u00f3n salarial<\/strong> inmediata frente al contexto econ\u00f3mico actual.<\/li>\n\n\n\n<li>\u200bLa <strong>restituci\u00f3n del FONID<\/strong> (Fondo Nacional de Incentivo Docente).<\/li>\n\n\n\n<li>\u200bLa convocatoria urgente a <strong>paritarias<\/strong>.<\/li>\n<\/ul>\n\n\n\n<h3 class=\"wp-block-heading\">\u200b<strong>Garant\u00eda del derecho a huelga<\/strong><\/h3>\n\n\n\n<p>\u200bEn la misiva presentada, el sindicato solicit\u00f3 formalmente a las autoridades de la UNSE que se garantice el pleno ejercicio del <strong>derecho al paro<\/strong>. En este sentido, instaron a la gesti\u00f3n universitaria a que <strong>no se realicen descuentos salariales<\/strong> ni se apliquen impedimentos a los docentes que decidan sumarse a la jornada de protesta, ampar\u00e1ndose en el Art\u00edculo 14 Bis de la Constituci\u00f3n Nacional.<\/p>\n\n\n\n<p>\u200bCon esta acci\u00f3n, los docentes universitarios de Santiago del Estero se pliegan a la protesta nacional, marcando un inicio de ciclo lectivo condicionado por la situaci\u00f3n presupuestaria y salarial del sector.<\/p>\n","protected":false},"excerpt":{"rendered":"<p>El gremio docente de la UNSE formaliz\u00f3 la medida de fuerza ante el Rectorado. Exigen el cumplimiento de la Ley de Financiamiento Universitario y una recomposici\u00f3n salarial urgente.<\/p>\n","protected":false},"author":2,"featured_media":25873,"comment_status":"open","ping_status":"open","sticky":false,"template":"","format":"standard","meta":{"om_disable_all_campaigns":false,"_monsterinsights_skip_tracking":false,"_monsterinsights_sitenote_active":false,"_monsterinsights_sitenote_note":"","_monsterinsights_sitenote_category":0,"_uf_show_specific_survey":0,"_uf_disable_surveys":false,"jetpack_post_was_ever_published":false,"_jetpack_newsletter_access":"","_jetpack_dont_email_post_to_subs":false,"_jetpack_newsletter_tier_id":0,"_jetpack_memberships_contains_paywalled_content":false,"_jetpack_memberships_contains_paid_content":false,"footnotes":"","jetpack_publicize_message":"","jetpack_publicize_feature_enabled":true,"jetpack_social_post_already_shared":true,"jetpack_social_options":{"image_generator_settings":{"template":"highway","default_image_id":0,"font":"","enabled":false},"version":2}},"categories":[4,19],"tags":[1076,1635,74],"class_list":["post-82256","post","type-post","status-publish","format-standard","has-post-thumbnail","hentry","category-destacadas","category-educacion","tag-adunse","tag-paro-universitario","tag-unse"],"aioseo_notices":[],"views":8,"jetpack_publicize_connections":[],"jetpack_featured_media_url":"https:\/\/i0.wp.com\/elterritorialweb.com.ar\/web\/wp-content\/uploads\/2021\/08\/unse-innova.jpg?fit=715%2C402&ssl=1","jetpack_sharing_enabled":true,"_links":{"self":[{"href":"https:\/\/elterritorialweb.com.ar\/web\/wp-json\/wp\/v2\/posts\/82256","targetHints":{"allow":["GET"]}}],"collection":[{"href":"https:\/\/elterritorialweb.com.ar\/web\/wp-json\/wp\/v2\/posts"}],"about":[{"href":"https:\/\/elterritorialweb.com.ar\/web\/wp-json\/wp\/v2\/types\/post"}],"author":[{"embeddable":true,"href":"https:\/\/elterritorialweb.com.ar\/web\/wp-json\/wp\/v2\/users\/2"}],"replies":[{"embeddable":true,"href":"https:\/\/elterritorialweb.com.ar\/web\/wp-json\/wp\/v2\/comments?post=82256"}],"version-history":[{"count":1,"href":"https:\/\/elterritorialweb.com.ar\/web\/wp-json\/wp\/v2\/posts\/82256\/revisions"}],"predecessor-version":[{"id":82257,"href":"https:\/\/elterritorialweb.com.ar\/web\/wp-json\/wp\/v2\/posts\/82256\/revisions\/82257"}],"wp:featuredmedia":[{"embeddable":true,"href":"https:\/\/elterritorialweb.com.ar\/web\/wp-json\/wp\/v2\/media\/25873"}],"wp:attachment":[{"href":"https:\/\/elterritorialweb.com.ar\/web\/wp-json\/wp\/v2\/media?parent=82256"}],"wp:term":[{"taxonomy":"category","embeddable":true,"href":"https:\/\/elterritorialweb.com.ar\/web\/wp-json\/wp\/v2\/categories?post=82256"},{"taxonomy":"post_tag","embeddable":true,"href":"https:\/\/elterritorialweb.com.ar\/web\/wp-json\/wp\/v2\/tags?post=82256"}],"curies":[{"name":"wp","href":"https:\/\/api.w.org\/{rel}","templated":true}]}}