{"id":82258,"date":"2026-02-28T21:01:40","date_gmt":"2026-02-28T21:01:40","guid":{"rendered":"https:\/\/elterritorialweb.com.ar\/web\/?p=82258"},"modified":"2026-02-28T21:05:41","modified_gmt":"2026-02-28T21:05:41","slug":"gustavo-darchuk-formalizo-su-candidatura-a-la-intendencia-con-un-fuerte-llamado-a-la-participacion-ciudadana","status":"publish","type":"post","link":"https:\/\/elterritorialweb.com.ar\/web\/gustavo-darchuk-formalizo-su-candidatura-a-la-intendencia-con-un-fuerte-llamado-a-la-participacion-ciudadana\/","title":{"rendered":"GUSTAVO DARCHUK FORMALIZ\u00d3 SU CANDIDATURA A LA INTENDENCIA CON UN FUERTE LLAMADO A LA PARTICIPACI\u00d3N CIUDADANA"},"content":{"rendered":"\n<p>\u200bEn un movimiento que comienza a definir el tablero electoral de la \u00abMadre de Ciudades\u00bb, el escribano <strong>Gustavo Darchuk<\/strong> oficializ\u00f3 su intenci\u00f3n de competir por la intendencia de la ciudad Capital. En declaraciones a <em>Radio Exclusiva<\/em>, el profesional confirm\u00f3 que su postulaci\u00f3n se dar\u00e1 dentro del marco del <strong>Frente C\u00edvico por Santiago<\/strong>, espacio desde el cual busca consolidar la representatividad de su agrupaci\u00f3n, <strong>Unidad y Federalismo (UNyFE)<\/strong>.<\/p>\n\n\n\n<h3 class=\"wp-block-heading\">\u200bContinuidad y transformaci\u00f3n urbana<\/h3>\n\n\n\n<p>\u200bDurante su presentaci\u00f3n, Darchuk realiz\u00f3 un balance de las \u00faltimas dos d\u00e9cadas de gesti\u00f3n en la provincia, destacando el salto cualitativo de la capital. Seg\u00fan el candidato, la ciudad logr\u00f3 superar un per\u00edodo de \u00abrezago y desconexi\u00f3n\u00bb para posicionarse hoy como uno de los polos m\u00e1s desarrollados del Norte Grande argentino.<\/p>\n\n\n\n<blockquote class=\"wp-block-quote is-layout-flow wp-block-quote-is-layout-flow\">\n<p>\u200b\u00bbBuscamos construir sobre lo ya logrado, impulsando mejoras cr\u00edticas en infraestructura y profundizando las pol\u00edticas ambientales para modernizar a\u00fan m\u00e1s nuestro perfil urbano\u00bb, se\u00f1al\u00f3 el referente de UNyFE.<\/p>\n<\/blockquote>\n\n\n\n<h3 class=\"wp-block-heading\">\u200bDefensa de la pol\u00edtica frente a la \u00abantipol\u00edtica\u00bb<\/h3>\n\n\n\n<p>\u200bUno de los puntos m\u00e1s firmes de su discurso fue la reivindicaci\u00f3n de la militancia. Frente al avance de narrativas que cuestionan el rol del Estado, Darchuk advirti\u00f3 que los discursos \u00abantipol\u00edtica\u00bb solo buscan debilitar el lazo social.<\/p>\n\n\n\n<p>\u200bEn este sentido, hizo un llamado expl\u00edcito a los vecinos para <strong>recuperar la participaci\u00f3n activa<\/strong>, planteando que la construcci\u00f3n colectiva es la \u00fanica herramienta capaz de garantizar una mejora real en la calidad de vida de los barrios.<\/p>\n\n\n\n<h3 class=\"wp-block-heading\">\u200bPerfil: Experiencia institucional y trabajo de base<\/h3>\n\n\n\n<p>\u200bAunque esta es su primera aspiraci\u00f3n a un cargo ejecutivo de alto rango, Darchuk no es un extra\u00f1o en la vida p\u00fablica santiague\u00f1a:<\/p>\n\n\n\n<ul class=\"wp-block-list\">\n<li>\u200b<strong>Trayectoria Pol\u00edtica:<\/strong> Acumula m\u00e1s de 15 a\u00f1os de militancia en el peronismo y el Frente C\u00edvico, con un marcado \u00e9nfasis en el trabajo territorial.<\/li>\n\n\n\n<li>\u200b<strong>Liderazgo Institucional:<\/strong> Fue presidente del <strong>Colegio Notarial de Santiago del Estero<\/strong>, integr\u00f3 el Consejo Federal del Notariado Argentino y presidi\u00f3 la Federaci\u00f3n de Entidades Profesionales Universitarias (FEPUSE).<\/li>\n\n\n\n<li>\u200b<strong>V\u00ednculo Social:<\/strong> Su faceta como entrenador de caballos de carrera le ha permitido mantener una presencia activa en diversos c\u00edrculos sociales y deportivos de la provincia.<\/li>\n<\/ul>\n\n\n\n<h3 class=\"wp-block-heading\">\u200bMetodolog\u00eda de gesti\u00f3n<\/h3>\n\n\n\n<p>\u200bLa propuesta metodol\u00f3gica de Darchuk se basa en lo que denomina <strong>\u00abescucha activa\u00bb<\/strong>. Su plan de campa\u00f1a contempla encuentros directos en los barrios para desplazar la l\u00f3gica individualista por una visi\u00f3n comunitaria. El objetivo, seg\u00fan explic\u00f3, es que el beneficio del barrio sea la prioridad absoluta, fomentando un modelo de gesti\u00f3n p\u00fablica donde el vecino sea protagonista y no solo espectador.<\/p>\n","protected":false},"excerpt":{"rendered":"<p>\u200bEl referente de la agrupaci\u00f3n Unidad y Federalismo (UNyFE) buscar\u00e1 liderar la Capital bajo el sello del Frente C\u00edvico, centrando su propuesta en el di\u00e1logo territorial y la continuidad del desarrollo urbano.<\/p>\n","protected":false},"author":2,"featured_media":82261,"comment_status":"open","ping_status":"open","sticky":false,"template":"","format":"standard","meta":{"om_disable_all_campaigns":false,"_monsterinsights_skip_tracking":false,"_monsterinsights_sitenote_active":false,"_monsterinsights_sitenote_note":"","_monsterinsights_sitenote_category":0,"_uf_show_specific_survey":0,"_uf_disable_surveys":false,"jetpack_post_was_ever_published":false,"_jetpack_newsletter_access":"","_jetpack_dont_email_post_to_subs":false,"_jetpack_newsletter_tier_id":0,"_jetpack_memberships_contains_paywalled_content":false,"_jetpack_memberships_contains_paid_content":false,"footnotes":"","jetpack_publicize_message":"","jetpack_publicize_feature_enabled":true,"jetpack_social_post_already_shared":true,"jetpack_social_options":{"image_generator_settings":{"template":"highway","default_image_id":0,"font":"","enabled":false},"version":2}},"categories":[4,18],"tags":[376,1636,1637],"class_list":["post-82258","post","type-post","status-publish","format-standard","has-post-thumbnail","hentry","category-destacadas","category-politica","tag-frente-civico-por-santiago","tag-gustavo-darchuk","tag-unidad-y-federalismo"],"aioseo_notices":[],"views":116,"jetpack_publicize_connections":[],"jetpack_featured_media_url":"https:\/\/i0.wp.com\/elterritorialweb.com.ar\/web\/wp-content\/uploads\/2026\/02\/Business-Suite_creation_1787004152277505.jpeg?fit=646%2C500&ssl=1","jetpack_sharing_enabled":true,"_links":{"self":[{"href":"https:\/\/elterritorialweb.com.ar\/web\/wp-json\/wp\/v2\/posts\/82258","targetHints":{"allow":["GET"]}}],"collection":[{"href":"https:\/\/elterritorialweb.com.ar\/web\/wp-json\/wp\/v2\/posts"}],"about":[{"href":"https:\/\/elterritorialweb.com.ar\/web\/wp-json\/wp\/v2\/types\/post"}],"author":[{"embeddable":true,"href":"https:\/\/elterritorialweb.com.ar\/web\/wp-json\/wp\/v2\/users\/2"}],"replies":[{"embeddable":true,"href":"https:\/\/elterritorialweb.com.ar\/web\/wp-json\/wp\/v2\/comments?post=82258"}],"version-history":[{"count":1,"href":"https:\/\/elterritorialweb.com.ar\/web\/wp-json\/wp\/v2\/posts\/82258\/revisions"}],"predecessor-version":[{"id":82260,"href":"https:\/\/elterritorialweb.com.ar\/web\/wp-json\/wp\/v2\/posts\/82258\/revisions\/82260"}],"wp:featuredmedia":[{"embeddable":true,"href":"https:\/\/elterritorialweb.com.ar\/web\/wp-json\/wp\/v2\/media\/82261"}],"wp:attachment":[{"href":"https:\/\/elterritorialweb.com.ar\/web\/wp-json\/wp\/v2\/media?parent=82258"}],"wp:term":[{"taxonomy":"category","embeddable":true,"href":"https:\/\/elterritorialweb.com.ar\/web\/wp-json\/wp\/v2\/categories?post=82258"},{"taxonomy":"post_tag","embeddable":true,"href":"https:\/\/elterritorialweb.com.ar\/web\/wp-json\/wp\/v2\/tags?post=82258"}],"curies":[{"name":"wp","href":"https:\/\/api.w.org\/{rel}","templated":true}]}}