{"id":82269,"date":"2026-03-01T00:32:29","date_gmt":"2026-03-01T00:32:29","guid":{"rendered":"https:\/\/elterritorialweb.com.ar\/web\/?p=82269"},"modified":"2026-03-01T00:32:32","modified_gmt":"2026-03-01T00:32:32","slug":"boca-no-despierta-empate-ante-gimnasia-de-mendoza-y-bronca-en-la-bombonera","status":"publish","type":"post","link":"https:\/\/elterritorialweb.com.ar\/web\/boca-no-despierta-empate-ante-gimnasia-de-mendoza-y-bronca-en-la-bombonera\/","title":{"rendered":"BOCA NO DESPIERTA: EMPATE ANTE GIMNASIA DE MENDOZA Y BRONCA EN LA BOMBONERA"},"content":{"rendered":"\n<p>\u200b\u200bEn una tarde marcada por el descontento popular, <strong>Boca Juniors empat\u00f3 1-1 con Gimnasia de Mendoza<\/strong> en el Estadio Alberto J. Armando. Lo que deb\u00eda ser la oportunidad ideal para cortar la racha negativa termin\u00f3 profundizando la crisis futbol\u00edstica del conjunto de la Ribera, que no logra sumar de a tres desde la tercera jornada.<\/p>\n\n\n\n<h3 class=\"wp-block-heading\">\u200bUn desarrollo cuesta arriba<\/h3>\n\n\n\n<p>\u200bEl partido comenz\u00f3 con un balde de agua fr\u00eda para el local. A los 15 minutos del primer tiempo, <strong>Luciano Paredes<\/strong> conect\u00f3 un cabezazo certero tras un c\u00f3rner ejecutado por Lencioni, poniendo en ventaja al conjunto visitante. La pasividad defensiva de Boca despert\u00f3 los primeros murmullos en las tribunas.<\/p>\n\n\n\n<figure class=\"wp-block-image size-large\"><a href=\"https:\/\/i0.wp.com\/elterritorialweb.com.ar\/web\/wp-content\/uploads\/2026\/03\/20260228_212221-scaled.jpg\"><img data-recalc-dims=\"1\" decoding=\"async\" width=\"640\" height=\"506\" data-src=\"https:\/\/i0.wp.com\/elterritorialweb.com.ar\/web\/wp-content\/uploads\/2026\/03\/20260228_212221.jpg?resize=640%2C506\" alt=\"\" class=\"wp-image-82271 lazyload\" data-srcset=\"https:\/\/i0.wp.com\/elterritorialweb.com.ar\/web\/wp-content\/uploads\/2026\/03\/20260228_212221-scaled.jpg?resize=1024%2C809&amp;ssl=1 1024w, https:\/\/i0.wp.com\/elterritorialweb.com.ar\/web\/wp-content\/uploads\/2026\/03\/20260228_212221-scaled.jpg?resize=300%2C237&amp;ssl=1 300w, https:\/\/i0.wp.com\/elterritorialweb.com.ar\/web\/wp-content\/uploads\/2026\/03\/20260228_212221-scaled.jpg?resize=768%2C607&amp;ssl=1 768w, https:\/\/i0.wp.com\/elterritorialweb.com.ar\/web\/wp-content\/uploads\/2026\/03\/20260228_212221-scaled.jpg?resize=1536%2C1213&amp;ssl=1 1536w, https:\/\/i0.wp.com\/elterritorialweb.com.ar\/web\/wp-content\/uploads\/2026\/03\/20260228_212221-scaled.jpg?resize=2048%2C1618&amp;ssl=1 2048w, https:\/\/i0.wp.com\/elterritorialweb.com.ar\/web\/wp-content\/uploads\/2026\/03\/20260228_212221-scaled.jpg?w=1280 1280w, https:\/\/i0.wp.com\/elterritorialweb.com.ar\/web\/wp-content\/uploads\/2026\/03\/20260228_212221-scaled.jpg?w=1920 1920w\" data-sizes=\"(max-width: 640px) 100vw, 640px\" src=\"data:image\/svg+xml;base64,PHN2ZyB3aWR0aD0iMSIgaGVpZ2h0PSIxIiB4bWxucz0iaHR0cDovL3d3dy53My5vcmcvMjAwMC9zdmciPjwvc3ZnPg==\" style=\"--smush-placeholder-width: 640px; --smush-placeholder-aspect-ratio: 640\/506;\" \/><\/a><\/figure>\n\n\n\n<p>\u200bBoca reaccion\u00f3 antes del descanso. A los 41 minutos, el uruguayo <strong>Miguel Merentiel<\/strong> aprovech\u00f3 una situaci\u00f3n en el \u00e1rea para estampar la paridad. Apenas instantes despu\u00e9s, La Bombonera explot\u00f3 con lo que parec\u00eda el 2-1 tras una definici\u00f3n de <strong>Adam Bareiro<\/strong>, pero el <strong>VAR<\/strong> intervino para anular el tanto por una posici\u00f3n adelantada previa, tras una revisi\u00f3n que dur\u00f3 varios minutos.<\/p>\n\n\n\n<h3 class=\"wp-block-heading\">\u200bSin ideas y con el retorno de un referente<\/h3>\n\n\n\n<p>\u200bEn el complemento, \u00dabeda busc\u00f3 soluciones en el banco e hizo ingresar a <strong>Leandro Paredes<\/strong>, quien volv\u00eda a las canchas tras su lesi\u00f3n, junto a Kevin Zen\u00f3n y el juvenil Tom\u00e1s Aranda. Si bien el capit\u00e1n le dio mayor orden al mediocampo y Aranda tuvo una chance clara para marcar el segundo, la falta de profundidad y la s\u00f3lida resistencia del equipo de Ariel Broggi impidieron el triunfo xeneize.<\/p>\n\n\n\n<figure class=\"wp-block-image size-large\"><a href=\"https:\/\/i0.wp.com\/elterritorialweb.com.ar\/web\/wp-content\/uploads\/2026\/03\/IMG_9386.JPG-1320x880-1.jpeg\"><img data-recalc-dims=\"1\" decoding=\"async\" width=\"640\" height=\"427\" data-src=\"https:\/\/i0.wp.com\/elterritorialweb.com.ar\/web\/wp-content\/uploads\/2026\/03\/IMG_9386.JPG-1320x880-1.jpeg?resize=640%2C427\" alt=\"\" class=\"wp-image-82272 lazyload\" data-srcset=\"https:\/\/i0.wp.com\/elterritorialweb.com.ar\/web\/wp-content\/uploads\/2026\/03\/IMG_9386.JPG-1320x880-1.jpeg?resize=1024%2C683&amp;ssl=1 1024w, https:\/\/i0.wp.com\/elterritorialweb.com.ar\/web\/wp-content\/uploads\/2026\/03\/IMG_9386.JPG-1320x880-1.jpeg?resize=300%2C200&amp;ssl=1 300w, https:\/\/i0.wp.com\/elterritorialweb.com.ar\/web\/wp-content\/uploads\/2026\/03\/IMG_9386.JPG-1320x880-1.jpeg?resize=768%2C512&amp;ssl=1 768w, https:\/\/i0.wp.com\/elterritorialweb.com.ar\/web\/wp-content\/uploads\/2026\/03\/IMG_9386.JPG-1320x880-1.jpeg?w=1320&amp;ssl=1 1320w\" data-sizes=\"(max-width: 640px) 100vw, 640px\" src=\"data:image\/svg+xml;base64,PHN2ZyB3aWR0aD0iMSIgaGVpZ2h0PSIxIiB4bWxucz0iaHR0cDovL3d3dy53My5vcmcvMjAwMC9zdmciPjwvc3ZnPg==\" style=\"--smush-placeholder-width: 640px; --smush-placeholder-aspect-ratio: 640\/427;\" \/><\/a><\/figure>\n\n\n\n<h3 class=\"wp-block-heading\">\u200bFinal caliente<\/h3>\n\n\n\n<p>\u200bAl sonar el silbato de Pablo D\u00f3valo, el estadio manifest\u00f3 su repudio. Los c\u00e1nticos de la hinchada apuntaron directamente contra la entrega de los jugadores: <em>\u00abLa camiseta de Boca, ganar o morir\u00bb<\/em>, retumb\u00f3 mientras el plantel abandonaba el campo de juego.<\/p>\n\n\n\n<p>\u200bCon este empate, Boca queda relegado en la tabla de la Zona A con apenas 10 unidades, fuera de los puestos de clasificaci\u00f3n y con la preocupaci\u00f3n creciente por el estado f\u00edsico de <strong>Edinson Cavani<\/strong>, ausente por una lumbalgia que pone en duda su continuidad inmediata.<\/p>\n","protected":false},"excerpt":{"rendered":"<p>El Xeneize igual\u00f3 1-1 frente al Lobo mendocino por la octava fecha del Torneo Apertura. Con este resultado, el equipo de Claudio \u00dabeda encadena cuatro partidos sin conocer la victoria en el certamen local y se retira bajo un clima de fuerte tensi\u00f3n.<\/p>\n","protected":false},"author":2,"featured_media":82270,"comment_status":"open","ping_status":"open","sticky":false,"template":"","format":"standard","meta":{"om_disable_all_campaigns":false,"_monsterinsights_skip_tracking":false,"_monsterinsights_sitenote_active":false,"_monsterinsights_sitenote_note":"","_monsterinsights_sitenote_category":0,"_uf_show_specific_survey":0,"_uf_disable_surveys":false,"jetpack_post_was_ever_published":false,"_jetpack_newsletter_access":"","_jetpack_dont_email_post_to_subs":false,"_jetpack_newsletter_tier_id":0,"_jetpack_memberships_contains_paywalled_content":false,"_jetpack_memberships_contains_paid_content":false,"footnotes":"","jetpack_publicize_message":"","jetpack_publicize_feature_enabled":true,"jetpack_social_post_already_shared":true,"jetpack_social_options":{"image_generator_settings":{"template":"highway","default_image_id":0,"font":"","enabled":false},"version":2}},"categories":[6,4],"tags":[103,1244,104],"class_list":["post-82269","post","type-post","status-publish","format-standard","has-post-thumbnail","hentry","category-deportes","category-destacadas","tag-boca-juniors","tag-gimnasia-y-esgrima-de-mendoza","tag-liga-profesional-de-futbol"],"aioseo_notices":[],"views":13,"jetpack_publicize_connections":[],"jetpack_featured_media_url":"https:\/\/i0.wp.com\/elterritorialweb.com.ar\/web\/wp-content\/uploads\/2026\/03\/20260228_212216-scaled.jpg?fit=2560%2C2107&ssl=1","jetpack_sharing_enabled":true,"_links":{"self":[{"href":"https:\/\/elterritorialweb.com.ar\/web\/wp-json\/wp\/v2\/posts\/82269","targetHints":{"allow":["GET"]}}],"collection":[{"href":"https:\/\/elterritorialweb.com.ar\/web\/wp-json\/wp\/v2\/posts"}],"about":[{"href":"https:\/\/elterritorialweb.com.ar\/web\/wp-json\/wp\/v2\/types\/post"}],"author":[{"embeddable":true,"href":"https:\/\/elterritorialweb.com.ar\/web\/wp-json\/wp\/v2\/users\/2"}],"replies":[{"embeddable":true,"href":"https:\/\/elterritorialweb.com.ar\/web\/wp-json\/wp\/v2\/comments?post=82269"}],"version-history":[{"count":1,"href":"https:\/\/elterritorialweb.com.ar\/web\/wp-json\/wp\/v2\/posts\/82269\/revisions"}],"predecessor-version":[{"id":82273,"href":"https:\/\/elterritorialweb.com.ar\/web\/wp-json\/wp\/v2\/posts\/82269\/revisions\/82273"}],"wp:featuredmedia":[{"embeddable":true,"href":"https:\/\/elterritorialweb.com.ar\/web\/wp-json\/wp\/v2\/media\/82270"}],"wp:attachment":[{"href":"https:\/\/elterritorialweb.com.ar\/web\/wp-json\/wp\/v2\/media?parent=82269"}],"wp:term":[{"taxonomy":"category","embeddable":true,"href":"https:\/\/elterritorialweb.com.ar\/web\/wp-json\/wp\/v2\/categories?post=82269"},{"taxonomy":"post_tag","embeddable":true,"href":"https:\/\/elterritorialweb.com.ar\/web\/wp-json\/wp\/v2\/tags?post=82269"}],"curies":[{"name":"wp","href":"https:\/\/api.w.org\/{rel}","templated":true}]}}