{"id":82276,"date":"2026-03-01T02:49:35","date_gmt":"2026-03-01T02:49:35","guid":{"rendered":"https:\/\/elterritorialweb.com.ar\/web\/?p=82276"},"modified":"2026-03-01T02:49:38","modified_gmt":"2026-03-01T02:49:38","slug":"central-cordoba-se-desmorono-en-el-final-y-no-pudo-sostener-el-empate-ante-independiente","status":"publish","type":"post","link":"https:\/\/elterritorialweb.com.ar\/web\/central-cordoba-se-desmorono-en-el-final-y-no-pudo-sostener-el-empate-ante-independiente\/","title":{"rendered":"CENTRAL C\u00d3RDOBA SE DESMORON\u00d3 EN EL FINAL Y NO PUDO SOSTENER EL EMPATE ANTE INDEPENDIENTE"},"content":{"rendered":"\n<p>\u200bEn un desenlace cruel para las aspiraciones de <strong>Central C\u00f3rdoba<\/strong>, el conjunto santiague\u00f1o se fue con las manos vac\u00edas del Estadio Libertadores de Am\u00e9rica-Ricardo Enrique Bochini. Pese a un planteo t\u00e1ctico que incomod\u00f3 a <strong>Independiente<\/strong> durante casi todo el encuentro, el equipo de <strong>Lucas Pusineri<\/strong> no pudo aguantar el envite final y termin\u00f3 cayendo por <strong>2-0<\/strong> en el cierre de la 8\u00aa fecha.<\/p>\n\n\n\n<h3 class=\"wp-block-heading\">\u200bUn muro que se rompi\u00f3 en el descuento<\/h3>\n\n\n\n<p>\u200bEl Ferroviario hizo un partido de gran sacrificio defensivo, cerr\u00e1ndole los caminos a un Independiente que luc\u00eda falto de ideas. Sin embargo, cuando el empate parec\u00eda un premio justo para el esfuerzo visitante, la resistencia se quebr\u00f3:<\/p>\n\n\n\n<ul class=\"wp-block-list\">\n<li>\u200b<strong>Minuto 44 ST:<\/strong> <strong>Gabriel \u00c1valos<\/strong> encontr\u00f3 la red para poner el 1-0 y derrumbar el plan de Pusineri.<\/li>\n\n\n\n<li>\u200b<strong>Minuto 50 ST:<\/strong> Con un Central C\u00f3rdoba ya jugado en ataque y descompensado, <strong>Iv\u00e1n Marcone<\/strong> aprovech\u00f3 para sellar el 2-0 definitivo.<\/li>\n<\/ul>\n\n\n\n<p><\/p>\n","protected":false},"excerpt":{"rendered":"<p>El Ferroviario resisti\u00f3 con orden hasta los 44 minutos del segundo tiempo, pero la jerarqu\u00eda del Rojo fue m\u00e1s. Derrota 2-0 en Avellaneda que deja al equipo de Pusineri relegado en la tabla.<\/p>\n","protected":false},"author":2,"featured_media":82279,"comment_status":"open","ping_status":"open","sticky":false,"template":"","format":"standard","meta":{"om_disable_all_campaigns":false,"_monsterinsights_skip_tracking":false,"_monsterinsights_sitenote_active":false,"_monsterinsights_sitenote_note":"","_monsterinsights_sitenote_category":0,"_uf_show_specific_survey":0,"_uf_disable_surveys":false,"jetpack_post_was_ever_published":false,"_jetpack_newsletter_access":"","_jetpack_dont_email_post_to_subs":false,"_jetpack_newsletter_tier_id":0,"_jetpack_memberships_contains_paywalled_content":false,"_jetpack_memberships_contains_paid_content":false,"footnotes":"","jetpack_publicize_message":"","jetpack_publicize_feature_enabled":true,"jetpack_social_post_already_shared":true,"jetpack_social_options":{"image_generator_settings":{"template":"highway","default_image_id":0,"font":"","enabled":false},"version":2}},"categories":[6,4],"tags":[69,736,104],"class_list":["post-82276","post","type-post","status-publish","format-standard","has-post-thumbnail","hentry","category-deportes","category-destacadas","tag-central-cordoba","tag-independiente-de-avellaneda","tag-liga-profesional-de-futbol"],"aioseo_notices":[],"views":7,"jetpack_publicize_connections":[],"jetpack_featured_media_url":"https:\/\/i0.wp.com\/elterritorialweb.com.ar\/web\/wp-content\/uploads\/2026\/03\/IMG-20260228-WA0037.jpg?fit=1024%2C808&ssl=1","jetpack_sharing_enabled":true,"_links":{"self":[{"href":"https:\/\/elterritorialweb.com.ar\/web\/wp-json\/wp\/v2\/posts\/82276","targetHints":{"allow":["GET"]}}],"collection":[{"href":"https:\/\/elterritorialweb.com.ar\/web\/wp-json\/wp\/v2\/posts"}],"about":[{"href":"https:\/\/elterritorialweb.com.ar\/web\/wp-json\/wp\/v2\/types\/post"}],"author":[{"embeddable":true,"href":"https:\/\/elterritorialweb.com.ar\/web\/wp-json\/wp\/v2\/users\/2"}],"replies":[{"embeddable":true,"href":"https:\/\/elterritorialweb.com.ar\/web\/wp-json\/wp\/v2\/comments?post=82276"}],"version-history":[{"count":1,"href":"https:\/\/elterritorialweb.com.ar\/web\/wp-json\/wp\/v2\/posts\/82276\/revisions"}],"predecessor-version":[{"id":82280,"href":"https:\/\/elterritorialweb.com.ar\/web\/wp-json\/wp\/v2\/posts\/82276\/revisions\/82280"}],"wp:featuredmedia":[{"embeddable":true,"href":"https:\/\/elterritorialweb.com.ar\/web\/wp-json\/wp\/v2\/media\/82279"}],"wp:attachment":[{"href":"https:\/\/elterritorialweb.com.ar\/web\/wp-json\/wp\/v2\/media?parent=82276"}],"wp:term":[{"taxonomy":"category","embeddable":true,"href":"https:\/\/elterritorialweb.com.ar\/web\/wp-json\/wp\/v2\/categories?post=82276"},{"taxonomy":"post_tag","embeddable":true,"href":"https:\/\/elterritorialweb.com.ar\/web\/wp-json\/wp\/v2\/tags?post=82276"}],"curies":[{"name":"wp","href":"https:\/\/api.w.org\/{rel}","templated":true}]}}