{"id":82288,"date":"2026-03-01T23:43:30","date_gmt":"2026-03-01T23:43:30","guid":{"rendered":"https:\/\/elterritorialweb.com.ar\/web\/?p=82288"},"modified":"2026-03-01T23:43:33","modified_gmt":"2026-03-01T23:43:33","slug":"milei-inaugura-el-ano-legislativo-2026-balance-de-dos-anos-de-gestion-y-nueva-hoja-de-ruta-reformista","status":"publish","type":"post","link":"https:\/\/elterritorialweb.com.ar\/web\/milei-inaugura-el-ano-legislativo-2026-balance-de-dos-anos-de-gestion-y-nueva-hoja-de-ruta-reformista\/","title":{"rendered":"MILEI INAUGURA EL A\u00d1O LEGISLATIVO 2026: BALANCE DE DOS A\u00d1OS DE GESTI\u00d3N Y NUEVA HOJA DE RUTA REFORMISTA"},"content":{"rendered":"\n<p>Bajo una atm\u00f3sfera de fuerte hermetismo y con el lema <em>\u00abLa Moral como Pol\u00edtica de Estado\u00bb<\/em>, Javier Milei se prepara para encabezar hoy a las 21:00 la apertura del 144\u00b0 per\u00edodo de sesiones ordinarias en el Congreso de la Naci\u00f3n. El discurso, que ser\u00e1 transmitido por cadena nacional, marca un punto de inflexi\u00f3n para la administraci\u00f3n de La Libertad Avanza al cumplirse poco m\u00e1s de dos a\u00f1os desde su llegada a la Casa Rosada.<\/p>\n\n\n\n<h3 class=\"wp-block-heading\">\u200bUn balance con foco en los indicadores<\/h3>\n\n\n\n<p>\u200bSe espera que el Jefe de Estado inicie su alocuci\u00f3n con una defensa f\u00e9rrea de su plan econ\u00f3mico. Los portales oficiales y medios nacionales anticipan que el mandatario destacar\u00e1 la consolidaci\u00f3n de la <strong>inflaci\u00f3n en el orden del 2% mensual<\/strong> y una proyecci\u00f3n de <strong>crecimiento del PBI del 4,4%<\/strong> para el presente a\u00f1o.<\/p>\n\n\n\n<p>\u200bUno de los puntos m\u00e1s esperados ser\u00e1 la menci\u00f3n a la <strong>reducci\u00f3n de la pobreza<\/strong>, que seg\u00fan estimaciones gubernamentales se sit\u00faa por debajo del <strong>27%<\/strong>, un dato que el Ejecutivo utiliza para validar el \u00absacrificio\u00bb social de los primeros meses de gesti\u00f3n.<\/p>\n\n\n\n<h3 class=\"wp-block-heading\">\u200bLa agenda legislativa: reformas y batalla cultural<\/h3>\n\n\n\n<p>\u200bTras las recientes victorias en el Senado \u2014donde se ratific\u00f3 la reforma laboral y la baja de la edad de imputabilidad\u2014, Milei delinear\u00e1 los pr\u00f3ximos pasos de su \u00abhoja de ruta\u00bb:<\/p>\n\n\n\n<ul class=\"wp-block-list\">\n<li>\u200b<strong>Educaci\u00f3n y Sociedad:<\/strong> Se enviar\u00e1 un proyecto para formalizar el reconocimiento de la educaci\u00f3n en el hogar (<em>homeschooling<\/em>).<\/li>\n\n\n\n<li>\u200b<strong>Econom\u00eda y Recursos:<\/strong> Reformas sobre la Ley de Glaciares y la b\u00fasqueda de un tratado de libre comercio con los Estados Unidos.<\/li>\n\n\n\n<li>\u200b<strong>Sistema Pol\u00edtico:<\/strong> Cambios profundos en el sistema electoral para eliminar las PASO y avanzar hacia la boleta \u00fanica de papel a nivel nacional.<\/li>\n<\/ul>\n\n\n\n<h3 class=\"wp-block-heading\">\u200bProyecci\u00f3n internacional<\/h3>\n\n\n\n<p>\u200bLa mirada del Presidente no se agota en el plano dom\u00e9stico. Inmediatamente despu\u00e9s de su paso por el Congreso, Milei iniciar\u00e1 una gira estrat\u00e9gica por Nueva York para la <strong><em>Argentina Week<\/em><\/strong>, acompa\u00f1ado por una comitiva de gobernadores aliados. Posteriormente, se trasladar\u00e1 a Chile para la asunci\u00f3n de <strong>Jos\u00e9 Antonio Kast<\/strong>, consolidando su liderazgo regional en el bloque de derecha.<\/p>\n\n\n\n<p>\u200bEl pa\u00eds aguarda con expectativa un discurso que promete ser, una vez m\u00e1s, una pieza de confrontaci\u00f3n pol\u00edtica y reafirmaci\u00f3n ideol\u00f3gica frente a la oposici\u00f3n.<\/p>\n","protected":false},"excerpt":{"rendered":"<p>El Presidente brindar\u00e1 su discurso ante la Asamblea Legislativa en horario estelar, centrado en la consolidaci\u00f3n del super\u00e1vit fiscal, la baja de la pobreza y el anuncio de un nuevo paquete de reformas estructurales para el segundo tramo de su mandato.<\/p>\n","protected":false},"author":2,"featured_media":73596,"comment_status":"open","ping_status":"open","sticky":false,"template":"","format":"standard","meta":{"om_disable_all_campaigns":false,"_monsterinsights_skip_tracking":false,"_monsterinsights_sitenote_active":false,"_monsterinsights_sitenote_note":"","_monsterinsights_sitenote_category":0,"_uf_show_specific_survey":0,"_uf_disable_surveys":false,"jetpack_post_was_ever_published":false,"_jetpack_newsletter_access":"","_jetpack_dont_email_post_to_subs":false,"_jetpack_newsletter_tier_id":0,"_jetpack_memberships_contains_paywalled_content":false,"_jetpack_memberships_contains_paid_content":false,"footnotes":"","jetpack_publicize_message":"","jetpack_publicize_feature_enabled":true,"jetpack_social_post_already_shared":true,"jetpack_social_options":{"image_generator_settings":{"template":"highway","default_image_id":0,"font":"","enabled":false},"version":2}},"categories":[4,7],"tags":[854,92,1199],"class_list":["post-82288","post","type-post","status-publish","format-standard","has-post-thumbnail","hentry","category-destacadas","category-nacionales","tag-congreso-de-la-nacion-argentina","tag-javier-milei","tag-sesiones-ordinarias"],"aioseo_notices":[],"views":11,"jetpack_publicize_connections":[],"jetpack_featured_media_url":"https:\/\/i0.wp.com\/elterritorialweb.com.ar\/web\/wp-content\/uploads\/2025\/03\/MILEI-SESIONES-CONGRESO-e1740887801573.jpg?fit=441%2C341&ssl=1","jetpack_sharing_enabled":true,"_links":{"self":[{"href":"https:\/\/elterritorialweb.com.ar\/web\/wp-json\/wp\/v2\/posts\/82288","targetHints":{"allow":["GET"]}}],"collection":[{"href":"https:\/\/elterritorialweb.com.ar\/web\/wp-json\/wp\/v2\/posts"}],"about":[{"href":"https:\/\/elterritorialweb.com.ar\/web\/wp-json\/wp\/v2\/types\/post"}],"author":[{"embeddable":true,"href":"https:\/\/elterritorialweb.com.ar\/web\/wp-json\/wp\/v2\/users\/2"}],"replies":[{"embeddable":true,"href":"https:\/\/elterritorialweb.com.ar\/web\/wp-json\/wp\/v2\/comments?post=82288"}],"version-history":[{"count":1,"href":"https:\/\/elterritorialweb.com.ar\/web\/wp-json\/wp\/v2\/posts\/82288\/revisions"}],"predecessor-version":[{"id":82289,"href":"https:\/\/elterritorialweb.com.ar\/web\/wp-json\/wp\/v2\/posts\/82288\/revisions\/82289"}],"wp:featuredmedia":[{"embeddable":true,"href":"https:\/\/elterritorialweb.com.ar\/web\/wp-json\/wp\/v2\/media\/73596"}],"wp:attachment":[{"href":"https:\/\/elterritorialweb.com.ar\/web\/wp-json\/wp\/v2\/media?parent=82288"}],"wp:term":[{"taxonomy":"category","embeddable":true,"href":"https:\/\/elterritorialweb.com.ar\/web\/wp-json\/wp\/v2\/categories?post=82288"},{"taxonomy":"post_tag","embeddable":true,"href":"https:\/\/elterritorialweb.com.ar\/web\/wp-json\/wp\/v2\/tags?post=82288"}],"curies":[{"name":"wp","href":"https:\/\/api.w.org\/{rel}","templated":true}]}}