{"id":82290,"date":"2026-03-02T00:13:03","date_gmt":"2026-03-02T00:13:03","guid":{"rendered":"https:\/\/elterritorialweb.com.ar\/web\/?p=82290"},"modified":"2026-03-02T00:13:05","modified_gmt":"2026-03-02T00:13:05","slug":"guemes-reacciono-a-tiempo-y-logro-su-primer-triunfo-ante-chacarita","status":"publish","type":"post","link":"https:\/\/elterritorialweb.com.ar\/web\/guemes-reacciono-a-tiempo-y-logro-su-primer-triunfo-ante-chacarita\/","title":{"rendered":"\u200bG\u00dcEMES REACCION\u00d3 A TIEMPO Y LOGR\u00d3 SU PRIMER TRIUNFO ANTE CHACARITA"},"content":{"rendered":"\n<p>\u200bEn una tarde que comenz\u00f3 con tintes de preocupaci\u00f3n y termin\u00f3 en un desahogo generalizado, <strong>Club Atl\u00e9tico G\u00fcemes<\/strong> logr\u00f3 una victoria fundamental para sus aspiraciones. En el marco de la cuarta fecha de la <strong>Primera Nacional<\/strong>, el equipo santiague\u00f1o mostr\u00f3 car\u00e1cter para dar vuelta el resultado y derrotar por <strong>2-1<\/strong> a un <strong>Chacarita Juniors<\/strong> que llegaba invicto y se fue de la provincia con las manos vac\u00edas.<\/p>\n\n\n\n<h2 class=\"wp-block-heading\">\u200bUn inicio cuesta arriba<\/h2>\n\n\n\n<p>\u200bEl encuentro no comenz\u00f3 de la mejor manera para el local. A los 16 minutos de la primera mitad, la visita golpe\u00f3 primero mediante una proyecci\u00f3n punzante por la banda izquierda. Tras un centro que recorri\u00f3 toda el \u00e1rea ante la mirada de la defensa, <strong>Cuello<\/strong> apareci\u00f3 por el segundo palo para empujar el bal\u00f3n y establecer el 1-0 parcial.<\/p>\n\n\n\n<figure class=\"wp-block-image size-large\"><a href=\"https:\/\/i0.wp.com\/elterritorialweb.com.ar\/web\/wp-content\/uploads\/2026\/03\/20260301_205931.jpg\"><img data-recalc-dims=\"1\" decoding=\"async\" width=\"640\" height=\"584\" data-src=\"https:\/\/i0.wp.com\/elterritorialweb.com.ar\/web\/wp-content\/uploads\/2026\/03\/20260301_205931.jpg?resize=640%2C584\" alt=\"\" class=\"wp-image-82291 lazyload\" data-srcset=\"https:\/\/i0.wp.com\/elterritorialweb.com.ar\/web\/wp-content\/uploads\/2026\/03\/20260301_205931.jpg?resize=1024%2C935&amp;ssl=1 1024w, https:\/\/i0.wp.com\/elterritorialweb.com.ar\/web\/wp-content\/uploads\/2026\/03\/20260301_205931.jpg?resize=300%2C274&amp;ssl=1 300w, https:\/\/i0.wp.com\/elterritorialweb.com.ar\/web\/wp-content\/uploads\/2026\/03\/20260301_205931.jpg?resize=768%2C701&amp;ssl=1 768w, https:\/\/i0.wp.com\/elterritorialweb.com.ar\/web\/wp-content\/uploads\/2026\/03\/20260301_205931.jpg?w=1080&amp;ssl=1 1080w\" data-sizes=\"(max-width: 640px) 100vw, 640px\" src=\"data:image\/svg+xml;base64,PHN2ZyB3aWR0aD0iMSIgaGVpZ2h0PSIxIiB4bWxucz0iaHR0cDovL3d3dy53My5vcmcvMjAwMC9zdmciPjwvc3ZnPg==\" style=\"--smush-placeholder-width: 640px; --smush-placeholder-aspect-ratio: 640\/584;\" \/><\/a><\/figure>\n\n\n\n<p>\u200bEse gol pareci\u00f3 ser el despertador que G\u00fcemes necesitaba. Lejos de caer en el des\u00e1nimo, el conjunto dirigido por la dupla t\u00e9cnica empez\u00f3 a ganar metros en el campo de juego.<\/p>\n\n\n\n<h2 class=\"wp-block-heading\">\u200bLa remontada del \u00abGaucho\u00bb<\/h2>\n\n\n\n<p>\u200bLa paridad lleg\u00f3 a los 29 minutos gracias a una gran maniobra individual de Veliz. El volante se desprendi\u00f3 por izquierda, super\u00f3 a su marcador y envi\u00f3 un centro venenoso; tras un rebote fortuito, la pelota le qued\u00f3 a <strong>Sala<\/strong> en el \u00e1rea chica. Con una frialdad notable, el delantero gambete\u00f3 a su marca y defini\u00f3 cruzado para estampar el <strong>1-1<\/strong>.<\/p>\n\n\n\n<figure class=\"wp-block-image size-large\"><a href=\"https:\/\/i0.wp.com\/elterritorialweb.com.ar\/web\/wp-content\/uploads\/2026\/03\/20260301_205958.jpg\"><img data-recalc-dims=\"1\" decoding=\"async\" width=\"640\" height=\"555\" data-src=\"https:\/\/i0.wp.com\/elterritorialweb.com.ar\/web\/wp-content\/uploads\/2026\/03\/20260301_205958.jpg?resize=640%2C555\" alt=\"\" class=\"wp-image-82293 lazyload\" data-srcset=\"https:\/\/i0.wp.com\/elterritorialweb.com.ar\/web\/wp-content\/uploads\/2026\/03\/20260301_205958.jpg?resize=1024%2C888&amp;ssl=1 1024w, https:\/\/i0.wp.com\/elterritorialweb.com.ar\/web\/wp-content\/uploads\/2026\/03\/20260301_205958.jpg?resize=300%2C260&amp;ssl=1 300w, https:\/\/i0.wp.com\/elterritorialweb.com.ar\/web\/wp-content\/uploads\/2026\/03\/20260301_205958.jpg?resize=768%2C666&amp;ssl=1 768w, https:\/\/i0.wp.com\/elterritorialweb.com.ar\/web\/wp-content\/uploads\/2026\/03\/20260301_205958.jpg?w=1080&amp;ssl=1 1080w\" data-sizes=\"(max-width: 640px) 100vw, 640px\" src=\"data:image\/svg+xml;base64,PHN2ZyB3aWR0aD0iMSIgaGVpZ2h0PSIxIiB4bWxucz0iaHR0cDovL3d3dy53My5vcmcvMjAwMC9zdmciPjwvc3ZnPg==\" style=\"--smush-placeholder-width: 640px; --smush-placeholder-aspect-ratio: 640\/555;\" \/><\/a><\/figure>\n\n\n\n<p>\u200bEn el complemento, la t\u00f3nica se mantuvo. G\u00fcemes, impulsado por la necesidad de sumar sus primeros puntos, inclin\u00f3 la balanza mediante el empuje. El premio a la insistencia lleg\u00f3 a los 25 minutos de la segunda etapa: un tiro de esquina ejecutado con precisi\u00f3n encontr\u00f3 la cabeza de <strong>Lazza<\/strong>, quien anticip\u00f3 en el primer palo para sentenciar el <strong>2-1<\/strong> definitivo.<\/p>\n\n\n\n<h3 class=\"wp-block-heading\">\u200bLo que viene para el equipo santiague\u00f1o<\/h3>\n\n\n\n<p>\u200bCon este resultado, el \u00abGaucho\u00bb respira y sale del fondo de la tabla, logrando su primer triunfo en el certamen. Por su parte, el equipo de San Mart\u00edn sufri\u00f3 su primera ca\u00edda en lo que va del torneo.<\/p>\n\n\n\n<figure class=\"wp-block-image size-large\"><a href=\"https:\/\/i0.wp.com\/elterritorialweb.com.ar\/web\/wp-content\/uploads\/2026\/03\/20260301_205944.jpg\"><img data-recalc-dims=\"1\" decoding=\"async\" width=\"640\" height=\"367\" data-src=\"https:\/\/i0.wp.com\/elterritorialweb.com.ar\/web\/wp-content\/uploads\/2026\/03\/20260301_205944.jpg?resize=640%2C367\" alt=\"\" class=\"wp-image-82292 lazyload\" data-srcset=\"https:\/\/i0.wp.com\/elterritorialweb.com.ar\/web\/wp-content\/uploads\/2026\/03\/20260301_205944.jpg?resize=1024%2C587&amp;ssl=1 1024w, https:\/\/i0.wp.com\/elterritorialweb.com.ar\/web\/wp-content\/uploads\/2026\/03\/20260301_205944.jpg?resize=300%2C172&amp;ssl=1 300w, https:\/\/i0.wp.com\/elterritorialweb.com.ar\/web\/wp-content\/uploads\/2026\/03\/20260301_205944.jpg?resize=768%2C440&amp;ssl=1 768w, https:\/\/i0.wp.com\/elterritorialweb.com.ar\/web\/wp-content\/uploads\/2026\/03\/20260301_205944.jpg?resize=1536%2C881&amp;ssl=1 1536w, https:\/\/i0.wp.com\/elterritorialweb.com.ar\/web\/wp-content\/uploads\/2026\/03\/20260301_205944.jpg?w=2048&amp;ssl=1 2048w, https:\/\/i0.wp.com\/elterritorialweb.com.ar\/web\/wp-content\/uploads\/2026\/03\/20260301_205944.jpg?w=1280 1280w, https:\/\/i0.wp.com\/elterritorialweb.com.ar\/web\/wp-content\/uploads\/2026\/03\/20260301_205944.jpg?w=1920 1920w\" data-sizes=\"(max-width: 640px) 100vw, 640px\" src=\"data:image\/svg+xml;base64,PHN2ZyB3aWR0aD0iMSIgaGVpZ2h0PSIxIiB4bWxucz0iaHR0cDovL3d3dy53My5vcmcvMjAwMC9zdmciPjwvc3ZnPg==\" style=\"--smush-placeholder-width: 640px; --smush-placeholder-aspect-ratio: 640\/367;\" \/><\/a><\/figure>\n\n\n\n<p>\u200bDebido al parate del pr\u00f3ximo fin de semana, el plantel tendr\u00e1 tiempo extra para trabajar antes de su pr\u00f3ximo compromiso: <strong>enfrentar\u00e1 a Trist\u00e1n Su\u00e1rez por la quinta fecha<\/strong>, con el objetivo de consolidar esta levantada futbol\u00edstica y an\u00edmica.<\/p>\n\n\n\n<p><\/p>\n","protected":false},"excerpt":{"rendered":"<p>\u200bEl \u00abGaucho\u00bb revirti\u00f3 un marcador adverso en Santiago del Estero, venci\u00f3 2-1 al \u00abFunebrero\u00bb y cort\u00f3 la sequ\u00eda en el inicio de la Primera Nacional. Sala y Lazza fueron los autores de los goles de la victoria.<\/p>\n","protected":false},"author":2,"featured_media":82294,"comment_status":"open","ping_status":"open","sticky":false,"template":"","format":"standard","meta":{"om_disable_all_campaigns":false,"_monsterinsights_skip_tracking":false,"_monsterinsights_sitenote_active":false,"_monsterinsights_sitenote_note":"","_monsterinsights_sitenote_category":0,"_uf_show_specific_survey":0,"_uf_disable_surveys":false,"jetpack_post_was_ever_published":false,"_jetpack_newsletter_access":"","_jetpack_dont_email_post_to_subs":false,"_jetpack_newsletter_tier_id":0,"_jetpack_memberships_contains_paywalled_content":false,"_jetpack_memberships_contains_paid_content":false,"footnotes":"","jetpack_publicize_message":"","jetpack_publicize_feature_enabled":true,"jetpack_social_post_already_shared":true,"jetpack_social_options":{"image_generator_settings":{"template":"highway","default_image_id":0,"font":"","enabled":false},"version":2}},"categories":[6,4],"tags":[503,818,94],"class_list":["post-82290","post","type-post","status-publish","format-standard","has-post-thumbnail","hentry","category-deportes","category-destacadas","tag-chacarita-juniors","tag-club-atletico-guemes","tag-primera-nacional"],"aioseo_notices":[],"views":9,"jetpack_publicize_connections":[],"jetpack_featured_media_url":"https:\/\/i0.wp.com\/elterritorialweb.com.ar\/web\/wp-content\/uploads\/2026\/03\/20260301_210337.jpg?fit=1080%2C1013&ssl=1","jetpack_sharing_enabled":true,"_links":{"self":[{"href":"https:\/\/elterritorialweb.com.ar\/web\/wp-json\/wp\/v2\/posts\/82290","targetHints":{"allow":["GET"]}}],"collection":[{"href":"https:\/\/elterritorialweb.com.ar\/web\/wp-json\/wp\/v2\/posts"}],"about":[{"href":"https:\/\/elterritorialweb.com.ar\/web\/wp-json\/wp\/v2\/types\/post"}],"author":[{"embeddable":true,"href":"https:\/\/elterritorialweb.com.ar\/web\/wp-json\/wp\/v2\/users\/2"}],"replies":[{"embeddable":true,"href":"https:\/\/elterritorialweb.com.ar\/web\/wp-json\/wp\/v2\/comments?post=82290"}],"version-history":[{"count":1,"href":"https:\/\/elterritorialweb.com.ar\/web\/wp-json\/wp\/v2\/posts\/82290\/revisions"}],"predecessor-version":[{"id":82295,"href":"https:\/\/elterritorialweb.com.ar\/web\/wp-json\/wp\/v2\/posts\/82290\/revisions\/82295"}],"wp:featuredmedia":[{"embeddable":true,"href":"https:\/\/elterritorialweb.com.ar\/web\/wp-json\/wp\/v2\/media\/82294"}],"wp:attachment":[{"href":"https:\/\/elterritorialweb.com.ar\/web\/wp-json\/wp\/v2\/media?parent=82290"}],"wp:term":[{"taxonomy":"category","embeddable":true,"href":"https:\/\/elterritorialweb.com.ar\/web\/wp-json\/wp\/v2\/categories?post=82290"},{"taxonomy":"post_tag","embeddable":true,"href":"https:\/\/elterritorialweb.com.ar\/web\/wp-json\/wp\/v2\/tags?post=82290"}],"curies":[{"name":"wp","href":"https:\/\/api.w.org\/{rel}","templated":true}]}}