{"id":82308,"date":"2026-03-02T04:44:09","date_gmt":"2026-03-02T04:44:09","guid":{"rendered":"https:\/\/elterritorialweb.com.ar\/web\/?p=82308"},"modified":"2026-03-02T04:44:11","modified_gmt":"2026-03-02T04:44:11","slug":"la-municipalidad-de-la-capital-anuncio-el-cronograma-semanal-de-fumigacion-urbana","status":"publish","type":"post","link":"https:\/\/elterritorialweb.com.ar\/web\/la-municipalidad-de-la-capital-anuncio-el-cronograma-semanal-de-fumigacion-urbana\/","title":{"rendered":"\u200bLA MUNICIPALIDAD DE LA CAPITAL ANUNCI\u00d3 EL CRONOGRAMA SEMANAL DE FUMIGACI\u00d3N URBANA"},"content":{"rendered":"\n<p>\u200bComo parte del programa sostenido de saneamiento ambiental, la <strong>Direcci\u00f3n de Calidad de Vida<\/strong> de la Municipalidad de la Capital confirm\u00f3 el cronograma detallado de fumigaciones que se llevar\u00e1 a cabo durante la presente semana. Los operativos buscan controlar la proliferaci\u00f3n de insectos y mitigar riesgos sanitarios en diversos sectores de la ciudad.<\/p>\n\n\n\n<p>\u200bEl despliegue de los equipos t\u00e9cnicos se realizar\u00e1 de la siguiente manera:<\/p>\n\n\n\n<h3 class=\"wp-block-heading\">\u200b<strong>Cronograma de Intervenci\u00f3n por Barrios<\/strong><\/h3>\n\n\n\n<ul class=\"wp-block-list\">\n<li>\u200b<strong>Lunes:<\/strong> Se trabajar\u00e1 en los barrios <strong>Almirante Brown<\/strong> (Jerarquizado Municipal, Ampliaci\u00f3n 100 viv. D\u00faplex), <strong>Islas Malvinas<\/strong> (sector D\u00faplex y Parque de la Paz), <strong>Jard\u00edn<\/strong>, <strong>Los Flores<\/strong> (40, 50, 200 viv. D\u00faplex por V\u00edctor Alcorta y Virgen de Guadalupe) e <strong>Independencia<\/strong> (Ulluas, Amp. Independencia, Telef\u00f3nicos, y Parque del R\u00edo I, II y III).<\/li>\n\n\n\n<li>\u200b<strong>Martes:<\/strong> Las tareas se trasladar\u00e1n a los barrios <strong>Cabildo<\/strong> (Ciudad del Ni\u00f1o), <strong>Belgrano<\/strong> (Palomar), <strong>8 de Abril<\/strong>, <strong>C\u00e1ceres<\/strong>, <strong>Reconquista<\/strong> y <strong>La Cat\u00f3lica<\/strong>.<\/li>\n\n\n\n<li>\u200b<strong>Mi\u00e9rcoles:<\/strong> El operativo alcanzar\u00e1 el <strong>Centro<\/strong>, <strong>Alberdi<\/strong>, <strong>Sargento Cabral<\/strong>, <strong>Lomas del Golf<\/strong> (sectores Rivera y Altos), <strong>Parque Aguirre<\/strong>, <strong>Juan XXIII<\/strong> (sector Tri\u00e1ngulo) y <strong>San Francisco<\/strong>.<\/li>\n\n\n\n<li>\u200b<strong>Jueves:<\/strong> Los trabajos se localizar\u00e1n en el barrio <strong>Aeropuerto<\/strong> (incluyendo todas sus ampliaciones), <strong>Borges<\/strong> (Villa Borges, 1\u00b0 y 2\u00b0 ampliaci\u00f3n, Coesa) y <strong>Huaico Hondo<\/strong> (sectores Tarapaya y Villa Tranquila).<\/li>\n\n\n\n<li>\u200b<strong>Viernes:<\/strong> El cierre de la semana se desarrollar\u00e1 en los barrios <strong>General Paz<\/strong> (Dr. Favaloro), <strong>Bel\u00e9n<\/strong> (Santa Teresita), <strong>John Kennedy<\/strong>, <strong>Autonom\u00eda<\/strong>, <strong>Santa Rosa de Lima<\/strong> y <strong>San Jos\u00e9 de Flores<\/strong>.<\/li>\n<\/ul>\n","protected":false},"excerpt":{"rendered":"<p>\u200bLa Direcci\u00f3n de Calidad de Vida dio a conocer los barrios que ser\u00e1n intervenidos para reforzar la prevenci\u00f3n contra los mosquitos y otros insectos en la ciudad.<\/p>\n","protected":false},"author":2,"featured_media":82309,"comment_status":"open","ping_status":"open","sticky":false,"template":"","format":"standard","meta":{"om_disable_all_campaigns":false,"_monsterinsights_skip_tracking":false,"_monsterinsights_sitenote_active":false,"_monsterinsights_sitenote_note":"","_monsterinsights_sitenote_category":0,"_uf_show_specific_survey":0,"_uf_disable_surveys":false,"jetpack_post_was_ever_published":false,"_jetpack_newsletter_access":"","_jetpack_dont_email_post_to_subs":false,"_jetpack_newsletter_tier_id":0,"_jetpack_memberships_contains_paywalled_content":false,"_jetpack_memberships_contains_paid_content":false,"footnotes":"","jetpack_publicize_message":"","jetpack_publicize_feature_enabled":true,"jetpack_social_post_already_shared":true,"jetpack_social_options":{"image_generator_settings":{"template":"highway","default_image_id":0,"font":"","enabled":false},"version":2}},"categories":[4,21],"tags":[113,73],"class_list":["post-82308","post","type-post","status-publish","format-standard","has-post-thumbnail","hentry","category-destacadas","category-locales","tag-fumigacion","tag-municipalidad-de-la-capital"],"aioseo_notices":[],"views":12,"jetpack_publicize_connections":[],"jetpack_featured_media_url":"https:\/\/i0.wp.com\/elterritorialweb.com.ar\/web\/wp-content\/uploads\/2026\/03\/fumig22.jpeg?fit=1600%2C1200&ssl=1","jetpack_sharing_enabled":true,"_links":{"self":[{"href":"https:\/\/elterritorialweb.com.ar\/web\/wp-json\/wp\/v2\/posts\/82308","targetHints":{"allow":["GET"]}}],"collection":[{"href":"https:\/\/elterritorialweb.com.ar\/web\/wp-json\/wp\/v2\/posts"}],"about":[{"href":"https:\/\/elterritorialweb.com.ar\/web\/wp-json\/wp\/v2\/types\/post"}],"author":[{"embeddable":true,"href":"https:\/\/elterritorialweb.com.ar\/web\/wp-json\/wp\/v2\/users\/2"}],"replies":[{"embeddable":true,"href":"https:\/\/elterritorialweb.com.ar\/web\/wp-json\/wp\/v2\/comments?post=82308"}],"version-history":[{"count":1,"href":"https:\/\/elterritorialweb.com.ar\/web\/wp-json\/wp\/v2\/posts\/82308\/revisions"}],"predecessor-version":[{"id":82310,"href":"https:\/\/elterritorialweb.com.ar\/web\/wp-json\/wp\/v2\/posts\/82308\/revisions\/82310"}],"wp:featuredmedia":[{"embeddable":true,"href":"https:\/\/elterritorialweb.com.ar\/web\/wp-json\/wp\/v2\/media\/82309"}],"wp:attachment":[{"href":"https:\/\/elterritorialweb.com.ar\/web\/wp-json\/wp\/v2\/media?parent=82308"}],"wp:term":[{"taxonomy":"category","embeddable":true,"href":"https:\/\/elterritorialweb.com.ar\/web\/wp-json\/wp\/v2\/categories?post=82308"},{"taxonomy":"post_tag","embeddable":true,"href":"https:\/\/elterritorialweb.com.ar\/web\/wp-json\/wp\/v2\/tags?post=82308"}],"curies":[{"name":"wp","href":"https:\/\/api.w.org\/{rel}","templated":true}]}}