{"id":82318,"date":"2026-03-02T13:25:00","date_gmt":"2026-03-02T13:25:00","guid":{"rendered":"https:\/\/elterritorialweb.com.ar\/web\/?p=82318"},"modified":"2026-03-02T13:25:03","modified_gmt":"2026-03-02T13:25:03","slug":"exitoso-balance-del-regreso-de-los-corsos-2026-en-santiago-del-estero","status":"publish","type":"post","link":"https:\/\/elterritorialweb.com.ar\/web\/exitoso-balance-del-regreso-de-los-corsos-2026-en-santiago-del-estero\/","title":{"rendered":"EXITOSO BALANCE DEL REGRESO DE LOS CORSOS 2026 EN SANTIAGO DEL ESTERO"},"content":{"rendered":"\n<p>\u200bTras el cierre de una edici\u00f3n inolvidable, la presidente de la asociaci\u00f3n <strong>Amigos del Corso<\/strong>, Cristina Farias, expres\u00f3 su profunda satisfacci\u00f3n por el desarrollo del <strong>Corso 2026<\/strong>. La referente calific\u00f3 el regreso del evento como \u00abemocionante\u00bb, subrayando el impacto positivo que tuvo tanto para los artistas como para la comunidad santiague\u00f1a.<\/p>\n\n\n\n<h3 class=\"wp-block-heading\">\u200bUn trabajo conjunto con el municipio<\/h3>\n\n\n\n<p>\u200bFarias fue contundente al reconocer el rol fundamental del estado municipal en la concreci\u00f3n del festejo. \u00abReconocemos a la intendente de la Capital, <strong>Norma Fuentes<\/strong>, y al municipio el apoyo para poder realizar este mega evento para la poblaci\u00f3n\u00bb, se\u00f1al\u00f3, destacando que la convocatoria super\u00f3 las expectativas con una asistencia masiva durante ambas noches.<\/p>\n\n\n\n<p>\u200bPara la asociaci\u00f3n, este respaldo institucional fue la pieza clave que permiti\u00f3 a las agrupaciones contar con un escenario a la altura de su esfuerzo, devolvi\u00e9ndole a los vecinos un espect\u00e1culo de primer nivel.<\/p>\n\n\n\n<h3 class=\"wp-block-heading\">\u200bBrillo, identidad y potencial tur\u00edstico<\/h3>\n\n\n\n<p>\u200bEl balance tambi\u00e9n incluy\u00f3 un especial reconocimiento al talento de los participantes. Farias felicit\u00f3 a las <strong>comparsas, murgas y carrozas<\/strong> por la calidad de su puesta en escena y la dedicaci\u00f3n puesta en cada detalle.<\/p>\n\n\n\n<blockquote class=\"wp-block-quote is-layout-flow wp-block-quote-is-layout-flow\">\n<p>\u200b\u00bbFue un arduo trabajo de cada agrupaci\u00f3n para llevar lo mejor al corso santiague\u00f1o y lucirse con lo mejor de las elaboraciones de sus vestuarios\u00bb, sostuvo la dirigente.<\/p>\n<\/blockquote>\n\n\n\n<p>\u200bFinalmente, destac\u00f3 que el objetivo de estas presentaciones no es solo el lucimiento art\u00edstico, sino tambi\u00e9n el fortalecimiento de la identidad local. \u00abBuscamos hacer crecer los corsos y <strong>atraer m\u00e1s el turismo a Santiago<\/strong>\u00ab, concluy\u00f3, proyectando un futuro de crecimiento sostenido para esta festividad popular.<\/p>\n","protected":false},"excerpt":{"rendered":"<p>La asociaci\u00f3n Amigos del Corso elogi\u00f3 la gesti\u00f3n municipal y el despliegue de las agrupaciones tras dos jornadas multitudinarias que impulsaron la cultura y el turismo local.<\/p>\n","protected":false},"author":2,"featured_media":82316,"comment_status":"open","ping_status":"open","sticky":false,"template":"","format":"standard","meta":{"om_disable_all_campaigns":false,"_monsterinsights_skip_tracking":false,"_monsterinsights_sitenote_active":false,"_monsterinsights_sitenote_note":"","_monsterinsights_sitenote_category":0,"_uf_show_specific_survey":0,"_uf_disable_surveys":false,"jetpack_post_was_ever_published":false,"_jetpack_newsletter_access":"","_jetpack_dont_email_post_to_subs":false,"_jetpack_newsletter_tier_id":0,"_jetpack_memberships_contains_paywalled_content":false,"_jetpack_memberships_contains_paid_content":false,"footnotes":"","jetpack_publicize_message":"","jetpack_publicize_feature_enabled":true,"jetpack_social_post_already_shared":true,"jetpack_social_options":{"image_generator_settings":{"template":"highway","default_image_id":0,"font":"","enabled":false},"version":2}},"categories":[4,21],"tags":[1628,73],"class_list":["post-82318","post","type-post","status-publish","format-standard","has-post-thumbnail","hentry","category-destacadas","category-locales","tag-corso-2026","tag-municipalidad-de-la-capital"],"aioseo_notices":[],"views":12,"jetpack_publicize_connections":[],"jetpack_featured_media_url":"https:\/\/i0.wp.com\/elterritorialweb.com.ar\/web\/wp-content\/uploads\/2026\/03\/corso-evaluacion.jpeg?fit=1280%2C853&ssl=1","jetpack_sharing_enabled":true,"_links":{"self":[{"href":"https:\/\/elterritorialweb.com.ar\/web\/wp-json\/wp\/v2\/posts\/82318","targetHints":{"allow":["GET"]}}],"collection":[{"href":"https:\/\/elterritorialweb.com.ar\/web\/wp-json\/wp\/v2\/posts"}],"about":[{"href":"https:\/\/elterritorialweb.com.ar\/web\/wp-json\/wp\/v2\/types\/post"}],"author":[{"embeddable":true,"href":"https:\/\/elterritorialweb.com.ar\/web\/wp-json\/wp\/v2\/users\/2"}],"replies":[{"embeddable":true,"href":"https:\/\/elterritorialweb.com.ar\/web\/wp-json\/wp\/v2\/comments?post=82318"}],"version-history":[{"count":1,"href":"https:\/\/elterritorialweb.com.ar\/web\/wp-json\/wp\/v2\/posts\/82318\/revisions"}],"predecessor-version":[{"id":82319,"href":"https:\/\/elterritorialweb.com.ar\/web\/wp-json\/wp\/v2\/posts\/82318\/revisions\/82319"}],"wp:featuredmedia":[{"embeddable":true,"href":"https:\/\/elterritorialweb.com.ar\/web\/wp-json\/wp\/v2\/media\/82316"}],"wp:attachment":[{"href":"https:\/\/elterritorialweb.com.ar\/web\/wp-json\/wp\/v2\/media?parent=82318"}],"wp:term":[{"taxonomy":"category","embeddable":true,"href":"https:\/\/elterritorialweb.com.ar\/web\/wp-json\/wp\/v2\/categories?post=82318"},{"taxonomy":"post_tag","embeddable":true,"href":"https:\/\/elterritorialweb.com.ar\/web\/wp-json\/wp\/v2\/tags?post=82318"}],"curies":[{"name":"wp","href":"https:\/\/api.w.org\/{rel}","templated":true}]}}