{"id":82321,"date":"2026-03-02T13:31:07","date_gmt":"2026-03-02T13:31:07","guid":{"rendered":"https:\/\/elterritorialweb.com.ar\/web\/?p=82321"},"modified":"2026-03-02T13:53:21","modified_gmt":"2026-03-02T13:53:21","slug":"el-poder-judicial-proyecta-su-agenda-academica-2026-con-foco-en-la-actualizacion-por-fueros","status":"publish","type":"post","link":"https:\/\/elterritorialweb.com.ar\/web\/el-poder-judicial-proyecta-su-agenda-academica-2026-con-foco-en-la-actualizacion-por-fueros\/","title":{"rendered":"\u200bEL PODER JUDICIAL PROYECTA SU AGENDA ACAD\u00c9MICA 2026 CON FOCO EN LA ACTUALIZACI\u00d3N POR FUEROS"},"content":{"rendered":"\n<p>\u200bEn un esfquerzo por fortalecer las competencias del capital humano del Poder Judicial, se llevaron a cabo intensas jornadas de trabajo en el <strong>Sal\u00f3n de Usos M\u00faltiples del Palacio de Tribunales<\/strong>. El objetivo central fue la planificaci\u00f3n estrat\u00e9gica de la agenda acad\u00e9mica 2026, articulando las necesidades espec\u00edficas de cada \u00e1rea jurisdiccional.<\/p>\n\n\n\n<h3 class=\"wp-block-heading\">\u200bPlanificaci\u00f3n estrat\u00e9gica y participativa<\/h3>\n\n\n\n<p>\u200bLa <strong>Dra. Ana Rosa Rodr\u00edguez<\/strong>, vicepresidenta segunda del Superior Tribunal de Justicia y vocal supervisora del <strong>Centro \u00danico de Capacitaci\u00f3n (CUC)<\/strong>, lider\u00f3 los encuentros junto a las Dras. Mar\u00eda Alejandra Soria Vild\u00f3sola y Josefina Filippi, directora y coordinadora ejecutiva del centro, respectivamente.<\/p>\n\n\n\n<p>\u200bLas reuniones se organizaron por fueros \u2014<strong>Laboral, Civil y Comercial, y Penal<\/strong>\u2014 permitiendo un diagn\u00f3stico preciso sobre los desaf\u00edos actuales de la pr\u00e1ctica jur\u00eddica.<\/p>\n\n\n\n<blockquote class=\"wp-block-quote is-layout-flow wp-block-quote-is-layout-flow\">\n<p>\u200b\u00bbEl intercambio directo con los magistrados permite que la formaci\u00f3n no sea solo te\u00f3rica, sino una respuesta concreta a los inconvenientes del trabajo diario\u00bb, destacaron desde la organizaci\u00f3n.<\/p>\n<\/blockquote>\n\n\n\n<h3 class=\"wp-block-heading\">\u200bArticulaci\u00f3n institucional<\/h3>\n\n\n\n<p>\u200bLa mesa de trabajo cont\u00f3 con una amplia representaci\u00f3n de organismos clave, incluyendo a:<\/p>\n\n\n\n<ul class=\"wp-block-list\">\n<li>\u200bLa titular del Ministerio P\u00fablico Fiscal, <strong>Dra. Olga Mariela Bitar de Papa<\/strong>.<\/li>\n\n\n\n<li>\u200bFuncionarios del <strong>Ministerio P\u00fablico de la Defensa<\/strong>.<\/li>\n\n\n\n<li>\u200bRepresentantes de diversos organismos jurisdiccionales y administrativos.<\/li>\n<\/ul>\n\n\n\n<h3 class=\"wp-block-heading\">\u200bModalidades y tem\u00e1ticas de urgencia<\/h3>\n\n\n\n<p>\u200bDurante el debate, los profesionales plantearon la necesidad de actualizarse en materias espec\u00edficas que presentan mayores cambios legislativos o procesales. Como resultado, se acord\u00f3 dise\u00f1ar un esquema de formaci\u00f3n que combinar\u00e1:<\/p>\n\n\n\n<ol class=\"wp-block-list\">\n<li>\u200b<strong>Capacitaciones presenciales:<\/strong> Para talleres pr\u00e1cticos y debate de jurisprudencia.<\/li>\n\n\n\n<li>\u200b<strong>Instancias virtuales:<\/strong> Para garantizar el alcance a todos los agentes del interior y optimizar los tiempos de gesti\u00f3n.<\/li>\n<\/ol>\n\n\n\n<p>\u200bCon estas acciones, el CUC reafirma su compromiso con la excelencia en el servicio de justicia a trav\u00e9s de la formaci\u00f3n continua y la modernizaci\u00f3n de sus contenidos acad\u00e9micos.<\/p>\n\n\n\n<p><\/p>\n","protected":false},"excerpt":{"rendered":"<p>La Dra. Ana Rosa Rodr\u00edguez encabez\u00f3 una serie de reuniones con magistrados y funcionarios para definir los ejes de capacitaci\u00f3n destinados a agentes y operadores judiciales del corriente a\u00f1o.<\/p>\n","protected":false},"author":2,"featured_media":82322,"comment_status":"open","ping_status":"open","sticky":false,"template":"","format":"standard","meta":{"om_disable_all_campaigns":false,"_monsterinsights_skip_tracking":false,"_monsterinsights_sitenote_active":false,"_monsterinsights_sitenote_note":"","_monsterinsights_sitenote_category":0,"_uf_show_specific_survey":0,"_uf_disable_surveys":false,"jetpack_post_was_ever_published":false,"_jetpack_newsletter_access":"","_jetpack_dont_email_post_to_subs":false,"_jetpack_newsletter_tier_id":0,"_jetpack_memberships_contains_paywalled_content":false,"_jetpack_memberships_contains_paid_content":false,"footnotes":"","jetpack_publicize_message":"","jetpack_publicize_feature_enabled":true,"jetpack_social_post_already_shared":true,"jetpack_social_options":{"image_generator_settings":{"template":"highway","default_image_id":0,"font":"","enabled":false},"version":2}},"categories":[4,38],"tags":[61],"class_list":["post-82321","post","type-post","status-publish","format-standard","has-post-thumbnail","hentry","category-destacadas","category-judiciales","tag-poder-judicial"],"aioseo_notices":[],"views":19,"jetpack_publicize_connections":[],"jetpack_featured_media_url":"https:\/\/i0.wp.com\/elterritorialweb.com.ar\/web\/wp-content\/uploads\/2026\/03\/PLANCUC-1.jpg?fit=1024%2C683&ssl=1","jetpack_sharing_enabled":true,"_links":{"self":[{"href":"https:\/\/elterritorialweb.com.ar\/web\/wp-json\/wp\/v2\/posts\/82321","targetHints":{"allow":["GET"]}}],"collection":[{"href":"https:\/\/elterritorialweb.com.ar\/web\/wp-json\/wp\/v2\/posts"}],"about":[{"href":"https:\/\/elterritorialweb.com.ar\/web\/wp-json\/wp\/v2\/types\/post"}],"author":[{"embeddable":true,"href":"https:\/\/elterritorialweb.com.ar\/web\/wp-json\/wp\/v2\/users\/2"}],"replies":[{"embeddable":true,"href":"https:\/\/elterritorialweb.com.ar\/web\/wp-json\/wp\/v2\/comments?post=82321"}],"version-history":[{"count":2,"href":"https:\/\/elterritorialweb.com.ar\/web\/wp-json\/wp\/v2\/posts\/82321\/revisions"}],"predecessor-version":[{"id":82324,"href":"https:\/\/elterritorialweb.com.ar\/web\/wp-json\/wp\/v2\/posts\/82321\/revisions\/82324"}],"wp:featuredmedia":[{"embeddable":true,"href":"https:\/\/elterritorialweb.com.ar\/web\/wp-json\/wp\/v2\/media\/82322"}],"wp:attachment":[{"href":"https:\/\/elterritorialweb.com.ar\/web\/wp-json\/wp\/v2\/media?parent=82321"}],"wp:term":[{"taxonomy":"category","embeddable":true,"href":"https:\/\/elterritorialweb.com.ar\/web\/wp-json\/wp\/v2\/categories?post=82321"},{"taxonomy":"post_tag","embeddable":true,"href":"https:\/\/elterritorialweb.com.ar\/web\/wp-json\/wp\/v2\/tags?post=82321"}],"curies":[{"name":"wp","href":"https:\/\/api.w.org\/{rel}","templated":true}]}}