{"id":82475,"date":"2026-03-09T13:12:26","date_gmt":"2026-03-09T13:12:26","guid":{"rendered":"https:\/\/elterritorialweb.com.ar\/web\/?p=82475"},"modified":"2026-03-09T13:12:28","modified_gmt":"2026-03-09T13:12:28","slug":"jovenes-pordioseros-regresa-a-santiago-del-estero-para-una-noche-pura-de-rock-barrial","status":"publish","type":"post","link":"https:\/\/elterritorialweb.com.ar\/web\/jovenes-pordioseros-regresa-a-santiago-del-estero-para-una-noche-pura-de-rock-barrial\/","title":{"rendered":"J\u00d3VENES PORDIOSEROS REGRESA A SANTIAGO DEL ESTERO PARA UNA NOCHE PURA DE ROCK BARRIAL"},"content":{"rendered":"\n<p>\u200b\u200bLa \u00abMadre de Ciudades\u00bb se prepara para recibir una de las citas m\u00e1s esperadas del calendario rockero local. <strong>J\u00f3venes Pordioseros<\/strong>, uno de los estandartes m\u00e1s vigentes del rock barrial argentino, desembarcar\u00e1 en suelo santiague\u00f1o para reafirmar su vigencia y la conexi\u00f3n inquebrantable que mantienen con su p\u00fablico tras d\u00e9cadas de trayectoria.<\/p>\n\n\n\n<p>\u200bCon un sonido crudo y directo, la agrupaci\u00f3n encabezada por <strong>Cristian \u00abToti\u00bb Iglesias<\/strong> llega en un momento de gran madurez art\u00edstica, luego de haber formado parte de la grilla principal del prestigioso festival Cosqu\u00edn Rock. La propuesta para esta visita no solo se centra en la potencia de su presente, sino en un fuerte anclaje emocional, repasando aquellas letras que retratan la amistad, el barrio y la vida cotidiana.<\/p>\n\n\n\n<p>\u200bEl repertorio de la noche promete un recorrido exhaustivo por discos ic\u00f3nicos como <em>Probame<\/em>, <em>Vicio<\/em> y <em>Sangre<\/em>. Se espera que suenen himnos que ya forman parte del ADN del rock nacional, tales como <strong>\u00abDescontrolado\u00bb<\/strong>, <strong>\u00abPegado\u00bb<\/strong> y <strong>\u00ab\u00bfQu\u00e9 se siente estar tan sola?\u00bb<\/strong>, canciones que han trascendido generaciones y que siguen resonando con fuerza en cada rinc\u00f3n del pa\u00eds.<\/p>\n\n\n\n<p>\u200bEl evento no ser\u00e1 solo una muestra del legado pordiosero, sino tambi\u00e9n una vitrina para el talento regional. La jornada contar\u00e1 con la participaci\u00f3n de las bandas <strong>Orfebre<\/strong>, <strong>Caraduras<\/strong> y <strong>Aplanadores<\/strong>, completando una grilla de alto voltaje para los amantes del g\u00e9nero.<\/p>\n\n\n\n<h3 class=\"wp-block-heading\">\u200bDetalles del show<\/h3>\n\n\n\n<p>\u200bLa cita tendr\u00e1 lugar este <strong>jueves 12 de marzo<\/strong> en <strong>Cayococo<\/strong>, ubicado sobre la autopista Santiago-La Banda. Un escenario que promete el marco ideal para una noche de descontrol y cl\u00e1sicos infaltables.<\/p>\n\n\n\n<ul class=\"wp-block-list\">\n<li>\u200b<strong>Puntos de venta:<\/strong> Las entradas ya se encuentran disponibles de manera virtual en <strong>Norteticket.com<\/strong> y de forma presencial en <strong>Blackstore rock<\/strong> (Local 26, Galer\u00eda Miguelito).<\/li>\n<\/ul>\n","protected":false},"excerpt":{"rendered":"<p>Tras su exitoso paso por el Cosqu\u00edn Rock, la emblem\u00e1tica banda liderada por \u00abToti\u00bb Iglesias se presentar\u00e1 este jueves en la capital santiague\u00f1a para repasar sus grandes himnos junto a bandas locales.<\/p>\n","protected":false},"author":2,"featured_media":82476,"comment_status":"open","ping_status":"open","sticky":false,"template":"","format":"standard","meta":{"om_disable_all_campaigns":false,"_monsterinsights_skip_tracking":false,"_monsterinsights_sitenote_active":false,"_monsterinsights_sitenote_note":"","_monsterinsights_sitenote_category":0,"_uf_show_specific_survey":0,"_uf_disable_surveys":false,"jetpack_post_was_ever_published":false,"_jetpack_newsletter_access":"","_jetpack_dont_email_post_to_subs":false,"_jetpack_newsletter_tier_id":0,"_jetpack_memberships_contains_paywalled_content":false,"_jetpack_memberships_contains_paid_content":false,"footnotes":"","jetpack_publicize_message":"","jetpack_publicize_feature_enabled":true,"jetpack_social_post_already_shared":true,"jetpack_social_options":{"image_generator_settings":{"template":"highway","default_image_id":0,"font":"","enabled":false},"version":2}},"categories":[4,20],"tags":[1620],"class_list":["post-82475","post","type-post","status-publish","format-standard","has-post-thumbnail","hentry","category-destacadas","category-especysociales","tag-jovenes-pordioseros"],"aioseo_notices":[],"views":43,"jetpack_publicize_connections":[],"jetpack_featured_media_url":"https:\/\/i0.wp.com\/elterritorialweb.com.ar\/web\/wp-content\/uploads\/2026\/03\/IMG-20260309-WA0006.jpg?fit=1280%2C853&ssl=1","jetpack_sharing_enabled":true,"_links":{"self":[{"href":"https:\/\/elterritorialweb.com.ar\/web\/wp-json\/wp\/v2\/posts\/82475","targetHints":{"allow":["GET"]}}],"collection":[{"href":"https:\/\/elterritorialweb.com.ar\/web\/wp-json\/wp\/v2\/posts"}],"about":[{"href":"https:\/\/elterritorialweb.com.ar\/web\/wp-json\/wp\/v2\/types\/post"}],"author":[{"embeddable":true,"href":"https:\/\/elterritorialweb.com.ar\/web\/wp-json\/wp\/v2\/users\/2"}],"replies":[{"embeddable":true,"href":"https:\/\/elterritorialweb.com.ar\/web\/wp-json\/wp\/v2\/comments?post=82475"}],"version-history":[{"count":1,"href":"https:\/\/elterritorialweb.com.ar\/web\/wp-json\/wp\/v2\/posts\/82475\/revisions"}],"predecessor-version":[{"id":82477,"href":"https:\/\/elterritorialweb.com.ar\/web\/wp-json\/wp\/v2\/posts\/82475\/revisions\/82477"}],"wp:featuredmedia":[{"embeddable":true,"href":"https:\/\/elterritorialweb.com.ar\/web\/wp-json\/wp\/v2\/media\/82476"}],"wp:attachment":[{"href":"https:\/\/elterritorialweb.com.ar\/web\/wp-json\/wp\/v2\/media?parent=82475"}],"wp:term":[{"taxonomy":"category","embeddable":true,"href":"https:\/\/elterritorialweb.com.ar\/web\/wp-json\/wp\/v2\/categories?post=82475"},{"taxonomy":"post_tag","embeddable":true,"href":"https:\/\/elterritorialweb.com.ar\/web\/wp-json\/wp\/v2\/tags?post=82475"}],"curies":[{"name":"wp","href":"https:\/\/api.w.org\/{rel}","templated":true}]}}