{"id":82495,"date":"2026-03-09T23:32:02","date_gmt":"2026-03-09T23:32:02","guid":{"rendered":"https:\/\/elterritorialweb.com.ar\/web\/?p=82495"},"modified":"2026-03-09T23:32:06","modified_gmt":"2026-03-09T23:32:06","slug":"el-consejo-general-de-educacion-anuncia-nuevos-ofrecimientos-docentes-virtuales-para-todos-los-niveles","status":"publish","type":"post","link":"https:\/\/elterritorialweb.com.ar\/web\/el-consejo-general-de-educacion-anuncia-nuevos-ofrecimientos-docentes-virtuales-para-todos-los-niveles\/","title":{"rendered":"EL CONSEJO GENERAL DE EDUCACI\u00d3N ANUNCIA NUEVOS OFRECIMIENTOS DOCENTES VIRTUALES PARA TODOS LOS NIVELES"},"content":{"rendered":"\n<p>\u200bEl <strong>Consejo General de Educaci\u00f3n (CGE)<\/strong>, mediante sus Direcciones Generales de Nivel Inicial, Primario, Secundario y Modalidades Educativas, inform\u00f3 que se encuentra abierta la convocatoria para el <strong>ofrecimiento de cargos y horas c\u00e1tedra<\/strong> (titulares y suplentes) correspondientes al primer grado del escalaf\u00f3n docente.<\/p>\n\n\n\n<p>\u200bEl proceso se llevar\u00e1 a cabo de manera digital a trav\u00e9s del sistema <strong>\u201cConsejo Virtual\u201d<\/strong>, disponible en el portal oficial del organismo (<a href=\"http:\/\/www.cgesantiago.gob.ar\">www.cgesantiago.gob.ar<\/a>). Seg\u00fan lo estipulado, el sistema estar\u00e1 habilitado desde las <strong>00:00 hs. del martes 10 hasta las 23:59 hs. del mi\u00e9rcoles 11 de marzo<\/strong>.<\/p>\n\n\n\n<h3 class=\"wp-block-heading\">\u200bAspectos Normativos<\/h3>\n\n\n\n<p>\u200bLas autoridades recordaron que los ofrecimientos se regir\u00e1n estrictamente por el <strong>Listado de Orden de M\u00e9rito (LOM) 2026<\/strong> y se aplicar\u00e1n las nuevas pautas establecidas en la <strong>Resoluci\u00f3n N\u00ba 316\/2026<\/strong>, garantizando la transparencia y agilidad en la cobertura de vacantes.<\/p>\n\n\n\n<h3 class=\"wp-block-heading\">\u200bDetalle de las Vacantes Disponibles<\/h3>\n\n\n\n<p>\u200bA continuaci\u00f3n, se detallan las instituciones con cargos a cubrir en esta instancia:<\/p>\n\n\n\n<p>\u200b<strong>Nivel Inicial<\/strong><\/p>\n\n\n\n<ul class=\"wp-block-list\">\n<li>\u200b<strong>Jard\u00edn de Infantes N\u00ba 127 \u201cKusi Huasi\u201d:<\/strong> Los Telares, Dpto. Salavina (Regi\u00f3n VIII).<\/li>\n\n\n\n<li>\u200b<strong>Jard\u00edn de Infantes N\u00b0 110 \u201cHua Hua\u2013Huasi\u201d:<\/strong> Tintina, Dpto. Moreno (Regi\u00f3n V).<\/li>\n<\/ul>\n\n\n\n<p>\u200b<strong>Nivel Primario (Jornada Simple)<\/strong><\/p>\n\n\n\n<p>\u200bLa convocatoria abarca una amplia variedad de regiones, destac\u00e1ndose las siguientes escuelas:<\/p>\n\n\n\n<ul class=\"wp-block-list\">\n<li>\u200b<strong>Regi\u00f3n I:<\/strong> Esc. N\u00b0 764 \u00abDiego de Rojas\u00bb, Esc. N\u00b0 23 \u00abManuel Belgrano\u00bb, Esc. N\u00ba 1241 \u00abBenjam\u00edn Santill\u00e1n\u00bb (Capital) y Esc. N\u00b0 429 (Loreto).<\/li>\n\n\n\n<li>\u200b<strong>Regi\u00f3n II:<\/strong> Esc. Infantil N\u00b0 1155 \u00abLeopoldo M. \u00c1vila\u00bb (Tronco, Robles).<\/li>\n\n\n\n<li>\u200b<strong>Regi\u00f3n III:<\/strong> Esc. N\u00b0 1072 (Tala Pozo, R\u00edo Hondo).<\/li>\n\n\n\n<li>\u200b<strong>Regi\u00f3n V:<\/strong> Esc. N\u00b0 609 (Lote 3) y Esc. N\u00b0 784 (Tintina, Moreno).<\/li>\n\n\n\n<li>\u200b<strong>Regi\u00f3n VI:<\/strong> Esc. N\u00b0 628 (El Porvenir), Esc. N\u00b0 1175 (El 60), Esc. N\u00b0 671 (Monte Quemado) y Esc. N\u00b0 913 (Campo Gallo).<\/li>\n\n\n\n<li>\u200b<strong>Regi\u00f3n VIII:<\/strong> Esc. N\u00b0 869 (La Granada) y Esc. N\u00b0 314 (Espinillo).<\/li>\n<\/ul>\n\n\n\n<p>\u200b<strong>Nivel Secundario<\/strong><\/p>\n\n\n\n<ul class=\"wp-block-list\">\n<li>\u200b<strong>Escuela T\u00e9cnica N\u00ba 12:<\/strong> Fern\u00e1ndez, Dpto. Robles.<\/li>\n\n\n\n<li>\u200b<strong>Colegio Secundario \u00abJos\u00e9 de San Mart\u00edn\u00bb:<\/strong> Colonia Dora, Dpto. Avellaneda.<\/li>\n\n\n\n<li>\u200b<strong>Agrupamiento 86164:<\/strong> Chilca Juliana, Dpto. Salavina.<\/li>\n<\/ul>\n\n\n\n<p>\u200b<strong>Modalidades Educativas (Capacitaci\u00f3n)<\/strong><\/p>\n\n\n\n<ul class=\"wp-block-list\">\n<li>\u200b<strong>Esc. de Formaci\u00f3n Profesional N\u00b0 14:<\/strong> Laprida, Dpto. Choya.<\/li>\n\n\n\n<li>\u200b<strong>Esc. de Formaci\u00f3n Profesional N\u00b0 15:<\/strong> Clodomira, Dpto. Banda.<\/li>\n<\/ul>\n","protected":false},"excerpt":{"rendered":"<p>A partir de este martes 10 de marzo, los docentes podr\u00e1n postularse a cargos titulares y suplentes a trav\u00e9s de la plataforma oficial, bajo la normativa del LOM 2026.<\/p>\n","protected":false},"author":2,"featured_media":59858,"comment_status":"open","ping_status":"open","sticky":false,"template":"","format":"standard","meta":{"om_disable_all_campaigns":false,"_monsterinsights_skip_tracking":false,"_monsterinsights_sitenote_active":false,"_monsterinsights_sitenote_note":"","_monsterinsights_sitenote_category":0,"_uf_show_specific_survey":0,"_uf_disable_surveys":false,"jetpack_post_was_ever_published":false,"_jetpack_newsletter_access":"","_jetpack_dont_email_post_to_subs":false,"_jetpack_newsletter_tier_id":0,"_jetpack_memberships_contains_paywalled_content":false,"_jetpack_memberships_contains_paid_content":false,"footnotes":"","jetpack_publicize_message":"","jetpack_publicize_feature_enabled":true,"jetpack_social_post_already_shared":true,"jetpack_social_options":{"image_generator_settings":{"template":"highway","default_image_id":0,"font":"","enabled":false},"version":2}},"categories":[4,19],"tags":[],"class_list":["post-82495","post","type-post","status-publish","format-standard","has-post-thumbnail","hentry","category-destacadas","category-educacion"],"aioseo_notices":[],"views":30,"jetpack_publicize_connections":[],"jetpack_featured_media_url":"https:\/\/i0.wp.com\/elterritorialweb.com.ar\/web\/wp-content\/uploads\/2023\/10\/consejo-de-educacion-1.jpg?fit=1077%2C606&ssl=1","jetpack_sharing_enabled":true,"_links":{"self":[{"href":"https:\/\/elterritorialweb.com.ar\/web\/wp-json\/wp\/v2\/posts\/82495","targetHints":{"allow":["GET"]}}],"collection":[{"href":"https:\/\/elterritorialweb.com.ar\/web\/wp-json\/wp\/v2\/posts"}],"about":[{"href":"https:\/\/elterritorialweb.com.ar\/web\/wp-json\/wp\/v2\/types\/post"}],"author":[{"embeddable":true,"href":"https:\/\/elterritorialweb.com.ar\/web\/wp-json\/wp\/v2\/users\/2"}],"replies":[{"embeddable":true,"href":"https:\/\/elterritorialweb.com.ar\/web\/wp-json\/wp\/v2\/comments?post=82495"}],"version-history":[{"count":1,"href":"https:\/\/elterritorialweb.com.ar\/web\/wp-json\/wp\/v2\/posts\/82495\/revisions"}],"predecessor-version":[{"id":82496,"href":"https:\/\/elterritorialweb.com.ar\/web\/wp-json\/wp\/v2\/posts\/82495\/revisions\/82496"}],"wp:featuredmedia":[{"embeddable":true,"href":"https:\/\/elterritorialweb.com.ar\/web\/wp-json\/wp\/v2\/media\/59858"}],"wp:attachment":[{"href":"https:\/\/elterritorialweb.com.ar\/web\/wp-json\/wp\/v2\/media?parent=82495"}],"wp:term":[{"taxonomy":"category","embeddable":true,"href":"https:\/\/elterritorialweb.com.ar\/web\/wp-json\/wp\/v2\/categories?post=82495"},{"taxonomy":"post_tag","embeddable":true,"href":"https:\/\/elterritorialweb.com.ar\/web\/wp-json\/wp\/v2\/tags?post=82495"}],"curies":[{"name":"wp","href":"https:\/\/api.w.org\/{rel}","templated":true}]}}