{"id":82501,"date":"2026-03-09T23:39:54","date_gmt":"2026-03-09T23:39:54","guid":{"rendered":"https:\/\/elterritorialweb.com.ar\/web\/?p=82501"},"modified":"2026-03-09T23:40:45","modified_gmt":"2026-03-09T23:40:45","slug":"mitre-retoma-las-practicas-con-la-mira-puesta-en-el-duelo-ante-temperley","status":"publish","type":"post","link":"https:\/\/elterritorialweb.com.ar\/web\/mitre-retoma-las-practicas-con-la-mira-puesta-en-el-duelo-ante-temperley\/","title":{"rendered":"MITRE RETOMA LAS PR\u00c1CTICAS CON LA MIRA PUESTA EN EL DUELO ANTE TEMPERLEY"},"content":{"rendered":"\n<p>\u200bEl plantel profesional del <strong>Club Atl\u00e9tico Mitre<\/strong> no pierde el tiempo. Tras el \u00faltimo compromiso, los dirigidos por la dupla t\u00e9cnica regresaron este lunes a los entrenamientos matutinos, marcando el inicio de un microciclo de trabajo clave para mantener la competitividad en el certamen.<\/p>\n\n\n\n<h3 class=\"wp-block-heading\">\u200bEnfoque en la intensidad y el bal\u00f3n<\/h3>\n\n\n\n<p>\u200bLa jornada inicial de la semana estuvo dividida en dos bloques principales:<\/p>\n\n\n\n<ul class=\"wp-block-list\">\n<li>\u200b<strong>Acondicionamiento f\u00edsico:<\/strong> Bajo las \u00f3rdenes de los preparadores, el grupo realiz\u00f3 tareas de potencia y velocidad.<\/li>\n\n\n\n<li>\u200b<strong>Contacto con la pelota:<\/strong> Se ejecutaron ejercicios de circulaci\u00f3n y movimientos t\u00e9cnicos en espacios reducidos, orientados a pulir la precisi\u00f3n en el juego colectivo.<\/li>\n<\/ul>\n\n\n\n<figure class=\"wp-block-image size-large\"><a href=\"https:\/\/i0.wp.com\/elterritorialweb.com.ar\/web\/wp-content\/uploads\/2026\/03\/IMG-20260309-WA0014.jpg\"><img data-recalc-dims=\"1\" decoding=\"async\" width=\"640\" height=\"853\" data-src=\"https:\/\/i0.wp.com\/elterritorialweb.com.ar\/web\/wp-content\/uploads\/2026\/03\/IMG-20260309-WA0014.jpg?resize=640%2C853\" alt=\"\" class=\"wp-image-82502 lazyload\" data-srcset=\"https:\/\/i0.wp.com\/elterritorialweb.com.ar\/web\/wp-content\/uploads\/2026\/03\/IMG-20260309-WA0014.jpg?resize=768%2C1024&amp;ssl=1 768w, https:\/\/i0.wp.com\/elterritorialweb.com.ar\/web\/wp-content\/uploads\/2026\/03\/IMG-20260309-WA0014.jpg?resize=225%2C300&amp;ssl=1 225w, https:\/\/i0.wp.com\/elterritorialweb.com.ar\/web\/wp-content\/uploads\/2026\/03\/IMG-20260309-WA0014.jpg?resize=1024%2C1365&amp;ssl=1 1024w, https:\/\/i0.wp.com\/elterritorialweb.com.ar\/web\/wp-content\/uploads\/2026\/03\/IMG-20260309-WA0014.jpg?w=1080&amp;ssl=1 1080w\" data-sizes=\"(max-width: 640px) 100vw, 640px\" src=\"data:image\/svg+xml;base64,PHN2ZyB3aWR0aD0iMSIgaGVpZ2h0PSIxIiB4bWxucz0iaHR0cDovL3d3dy53My5vcmcvMjAwMC9zdmciPjwvc3ZnPg==\" style=\"--smush-placeholder-width: 640px; --smush-placeholder-aspect-ratio: 640\/853;\" \/><\/a><\/figure>\n\n\n\n<h3 class=\"wp-block-heading\">El cronograma semanal<\/h3>\n\n\n\n<p>\u200bCon el objetivo de llegar en \u00f3ptimas condiciones al fin de semana, el cuerpo t\u00e9cnico ha dise\u00f1ado una planificaci\u00f3n progresiva. Durante los pr\u00f3ximos d\u00edas, el foco se desplazar\u00e1 hacia lo estrictamente <strong>estrat\u00e9gico<\/strong>, donde se comenzar\u00e1 a delinear el once titular y se analizar\u00e1n las virtudes y debilidades del rival de turno.<\/p>\n\n\n\n<p>\u200bSe espera que en la pr\u00e1ctica formal de f\u00fatbol se terminen de ajustar las piezas t\u00e1cticas necesarias para dejar los tres puntos en Santiago del Estero y seguir escalando en la tabla de posiciones.<\/p>\n","protected":false},"excerpt":{"rendered":"<p>El \u00abAurinegro\u00bb inici\u00f3 una nueva semana de trabajos en el predio de San Marcos. El cuerpo t\u00e9cnico busca optimizar la puesta a punto f\u00edsica y futbol\u00edstica para recibir al conjunto bonaerense.<\/p>\n","protected":false},"author":2,"featured_media":82503,"comment_status":"open","ping_status":"open","sticky":false,"template":"","format":"standard","meta":{"om_disable_all_campaigns":false,"_monsterinsights_skip_tracking":false,"_monsterinsights_sitenote_active":false,"_monsterinsights_sitenote_note":"","_monsterinsights_sitenote_category":0,"_uf_show_specific_survey":0,"_uf_disable_surveys":false,"jetpack_post_was_ever_published":false,"_jetpack_newsletter_access":"","_jetpack_dont_email_post_to_subs":false,"_jetpack_newsletter_tier_id":0,"_jetpack_memberships_contains_paywalled_content":false,"_jetpack_memberships_contains_paid_content":false,"footnotes":"","jetpack_publicize_message":"","jetpack_publicize_feature_enabled":true,"jetpack_social_post_already_shared":true,"jetpack_social_options":{"image_generator_settings":{"template":"highway","default_image_id":0,"font":"","enabled":false},"version":2}},"categories":[6,4],"tags":[102,94],"class_list":["post-82501","post","type-post","status-publish","format-standard","has-post-thumbnail","hentry","category-deportes","category-destacadas","tag-club-atletico-mitre","tag-primera-nacional"],"aioseo_notices":[],"views":8,"jetpack_publicize_connections":[],"jetpack_featured_media_url":"https:\/\/i0.wp.com\/elterritorialweb.com.ar\/web\/wp-content\/uploads\/2026\/03\/IMG-20260309-WA0016.jpg?fit=1080%2C1440&ssl=1","jetpack_sharing_enabled":true,"_links":{"self":[{"href":"https:\/\/elterritorialweb.com.ar\/web\/wp-json\/wp\/v2\/posts\/82501","targetHints":{"allow":["GET"]}}],"collection":[{"href":"https:\/\/elterritorialweb.com.ar\/web\/wp-json\/wp\/v2\/posts"}],"about":[{"href":"https:\/\/elterritorialweb.com.ar\/web\/wp-json\/wp\/v2\/types\/post"}],"author":[{"embeddable":true,"href":"https:\/\/elterritorialweb.com.ar\/web\/wp-json\/wp\/v2\/users\/2"}],"replies":[{"embeddable":true,"href":"https:\/\/elterritorialweb.com.ar\/web\/wp-json\/wp\/v2\/comments?post=82501"}],"version-history":[{"count":1,"href":"https:\/\/elterritorialweb.com.ar\/web\/wp-json\/wp\/v2\/posts\/82501\/revisions"}],"predecessor-version":[{"id":82504,"href":"https:\/\/elterritorialweb.com.ar\/web\/wp-json\/wp\/v2\/posts\/82501\/revisions\/82504"}],"wp:featuredmedia":[{"embeddable":true,"href":"https:\/\/elterritorialweb.com.ar\/web\/wp-json\/wp\/v2\/media\/82503"}],"wp:attachment":[{"href":"https:\/\/elterritorialweb.com.ar\/web\/wp-json\/wp\/v2\/media?parent=82501"}],"wp:term":[{"taxonomy":"category","embeddable":true,"href":"https:\/\/elterritorialweb.com.ar\/web\/wp-json\/wp\/v2\/categories?post=82501"},{"taxonomy":"post_tag","embeddable":true,"href":"https:\/\/elterritorialweb.com.ar\/web\/wp-json\/wp\/v2\/tags?post=82501"}],"curies":[{"name":"wp","href":"https:\/\/api.w.org\/{rel}","templated":true}]}}