{"id":82507,"date":"2026-03-09T23:57:12","date_gmt":"2026-03-09T23:57:12","guid":{"rendered":"https:\/\/elterritorialweb.com.ar\/web\/?p=82507"},"modified":"2026-03-10T00:01:34","modified_gmt":"2026-03-10T00:01:34","slug":"fernandez-avanza-hacia-la-transformacion-digital-de-su-sistema-de-salud","status":"publish","type":"post","link":"https:\/\/elterritorialweb.com.ar\/web\/fernandez-avanza-hacia-la-transformacion-digital-de-su-sistema-de-salud\/","title":{"rendered":"FERN\u00c1NDEZ AVANZA HACIA LA TRANSFORMACI\u00d3N DIGITAL DE SU SISTEMA DE SALUD"},"content":{"rendered":"\n<p>\u200bEn un paso decisivo hacia la modernizaci\u00f3n de la atenci\u00f3n p\u00fablica, la \u00abCapital del Agro\u00bb inici\u00f3 la implementaci\u00f3n de herramientas tecnol\u00f3gicas de \u00faltima generaci\u00f3n en su sistema sanitario. En las instalaciones del <strong>Hospital Zonal \u00abDr. Rudecindo del Valle Cazzaniga\u00bb<\/strong>, se llev\u00f3 a cabo la jornada de capacitaci\u00f3n sobre el <strong>Sistema Integral de Salud de Santiago del Estero (SISSE)<\/strong>, plataforma central para la ejecuci\u00f3n de la <strong>Historia Cl\u00ednica Digital<\/strong>.<\/p>\n\n\n\n<p>\u200bEl acto de apertura cont\u00f3 con la presencia de la <strong>Intendente local, Yanina Iturre<\/strong>, quien estuvo acompa\u00f1ada por las autoridades del nosocomio: el Director, <strong>Dr. Fernando Garc\u00eda<\/strong>, y la Subdirectora, <strong>Lic. Gabriela Alzogaray<\/strong>. Tambi\u00e9n participaron el Director de Acci\u00f3n Social, <strong>Luciano Paz<\/strong>, y el Coordinador del CIC, <strong>Ivan Armada<\/strong>, reafirmando el compromiso de la gesti\u00f3n municipal con la eficiencia administrativa en salud.<\/p>\n\n\n\n<figure class=\"wp-block-image size-large\"><a href=\"https:\/\/i0.wp.com\/elterritorialweb.com.ar\/web\/wp-content\/uploads\/2026\/03\/FB_IMG_1773100201756.jpg\"><img data-recalc-dims=\"1\" decoding=\"async\" width=\"640\" height=\"426\" data-src=\"https:\/\/i0.wp.com\/elterritorialweb.com.ar\/web\/wp-content\/uploads\/2026\/03\/FB_IMG_1773100201756.jpg?resize=640%2C426\" alt=\"\" class=\"wp-image-82509 lazyload\" data-srcset=\"https:\/\/i0.wp.com\/elterritorialweb.com.ar\/web\/wp-content\/uploads\/2026\/03\/FB_IMG_1773100201756.jpg?resize=1024%2C682&amp;ssl=1 1024w, https:\/\/i0.wp.com\/elterritorialweb.com.ar\/web\/wp-content\/uploads\/2026\/03\/FB_IMG_1773100201756.jpg?resize=300%2C200&amp;ssl=1 300w, https:\/\/i0.wp.com\/elterritorialweb.com.ar\/web\/wp-content\/uploads\/2026\/03\/FB_IMG_1773100201756.jpg?resize=768%2C512&amp;ssl=1 768w, https:\/\/i0.wp.com\/elterritorialweb.com.ar\/web\/wp-content\/uploads\/2026\/03\/FB_IMG_1773100201756.jpg?w=1280&amp;ssl=1 1280w\" data-sizes=\"(max-width: 640px) 100vw, 640px\" src=\"data:image\/svg+xml;base64,PHN2ZyB3aWR0aD0iMSIgaGVpZ2h0PSIxIiB4bWxucz0iaHR0cDovL3d3dy53My5vcmcvMjAwMC9zdmciPjwvc3ZnPg==\" style=\"--smush-placeholder-width: 640px; --smush-placeholder-aspect-ratio: 640\/426;\" \/><\/a><\/figure>\n\n\n\n<h3 class=\"wp-block-heading\">\u200bFortalecimiento del trabajo en red<\/h3>\n\n\n\n<p>\u200bLa formaci\u00f3n, que cont\u00f3 con el respaldo t\u00e9cnico del <strong>Ministerio de Salud de la Provincia<\/strong>, estuvo dirigida a un espectro integral del sistema sanitario:<\/p>\n\n\n\n<ul class=\"wp-block-list\">\n<li>\u200b<strong>Cuerpo m\u00e9dico y de enfermer\u00eda.<\/strong><\/li>\n\n\n\n<li>\u200b<strong>Personal administrativo.<\/strong><\/li>\n\n\n\n<li>\u200b<strong>Agentes sanitarios de los centros de salud.<\/strong><\/li>\n<\/ul>\n\n\n\n<p>\u200bEl objetivo primordial de esta transici\u00f3n al SISSE es optimizar la atenci\u00f3n al vecino de Fern\u00e1ndez, permitiendo que la informaci\u00f3n cl\u00ednica circule de manera segura y \u00e1gil entre los distintos niveles de atenci\u00f3n. Esto garantiza que cada paciente cuente con un registro digital unificado, facilitando diagn\u00f3sticos y seguimientos m\u00e9dicos m\u00e1s precisos.<\/p>\n\n\n\n<h3 class=\"wp-block-heading\">\u200bCompromiso con la Salud P\u00fablica<\/h3>\n\n\n\n<p>\u200bCon esta iniciativa, la ciudad de Fern\u00e1ndez se alinea a las pol\u00edticas provinciales de <strong>Salud Digital<\/strong>, dejando atr\u00e1s los registros manuales para dar paso a una gesti\u00f3n conectada. La implementaci\u00f3n de la Historia Cl\u00ednica Digital no solo moderniza los procesos internos, sino que fortalece la red sanitaria local, asegurando una respuesta m\u00e1s r\u00e1pida y eficiente para cada ciudadano.<\/p>\n\n\n\n<p><\/p>\n","protected":false},"excerpt":{"rendered":"<p>Personal sanitario del Hospital Zonal y centros de salud locales se capacit\u00f3 en el uso del sistema SISSE para implementar la Historia Cl\u00ednica Digital.<\/p>\n","protected":false},"author":2,"featured_media":82508,"comment_status":"open","ping_status":"open","sticky":false,"template":"","format":"standard","meta":{"om_disable_all_campaigns":false,"_monsterinsights_skip_tracking":false,"_monsterinsights_sitenote_active":false,"_monsterinsights_sitenote_note":"","_monsterinsights_sitenote_category":0,"_uf_show_specific_survey":0,"_uf_disable_surveys":false,"jetpack_post_was_ever_published":false,"_jetpack_newsletter_access":"","_jetpack_dont_email_post_to_subs":false,"_jetpack_newsletter_tier_id":0,"_jetpack_memberships_contains_paywalled_content":false,"_jetpack_memberships_contains_paid_content":false,"footnotes":"","jetpack_publicize_message":"","jetpack_publicize_feature_enabled":true,"jetpack_social_post_already_shared":true,"jetpack_social_options":{"image_generator_settings":{"template":"highway","default_image_id":0,"font":"","enabled":false},"version":2}},"categories":[4,35],"tags":[],"class_list":["post-82507","post","type-post","status-publish","format-standard","has-post-thumbnail","hentry","category-destacadas","category-interior"],"aioseo_notices":[],"views":13,"jetpack_publicize_connections":[],"jetpack_featured_media_url":"https:\/\/i0.wp.com\/elterritorialweb.com.ar\/web\/wp-content\/uploads\/2026\/03\/FB_IMG_1773100198675.jpg?fit=1280%2C853&ssl=1","jetpack_sharing_enabled":true,"_links":{"self":[{"href":"https:\/\/elterritorialweb.com.ar\/web\/wp-json\/wp\/v2\/posts\/82507","targetHints":{"allow":["GET"]}}],"collection":[{"href":"https:\/\/elterritorialweb.com.ar\/web\/wp-json\/wp\/v2\/posts"}],"about":[{"href":"https:\/\/elterritorialweb.com.ar\/web\/wp-json\/wp\/v2\/types\/post"}],"author":[{"embeddable":true,"href":"https:\/\/elterritorialweb.com.ar\/web\/wp-json\/wp\/v2\/users\/2"}],"replies":[{"embeddable":true,"href":"https:\/\/elterritorialweb.com.ar\/web\/wp-json\/wp\/v2\/comments?post=82507"}],"version-history":[{"count":2,"href":"https:\/\/elterritorialweb.com.ar\/web\/wp-json\/wp\/v2\/posts\/82507\/revisions"}],"predecessor-version":[{"id":82511,"href":"https:\/\/elterritorialweb.com.ar\/web\/wp-json\/wp\/v2\/posts\/82507\/revisions\/82511"}],"wp:featuredmedia":[{"embeddable":true,"href":"https:\/\/elterritorialweb.com.ar\/web\/wp-json\/wp\/v2\/media\/82508"}],"wp:attachment":[{"href":"https:\/\/elterritorialweb.com.ar\/web\/wp-json\/wp\/v2\/media?parent=82507"}],"wp:term":[{"taxonomy":"category","embeddable":true,"href":"https:\/\/elterritorialweb.com.ar\/web\/wp-json\/wp\/v2\/categories?post=82507"},{"taxonomy":"post_tag","embeddable":true,"href":"https:\/\/elterritorialweb.com.ar\/web\/wp-json\/wp\/v2\/tags?post=82507"}],"curies":[{"name":"wp","href":"https:\/\/api.w.org\/{rel}","templated":true}]}}