{"id":82512,"date":"2026-03-10T00:17:41","date_gmt":"2026-03-10T00:17:41","guid":{"rendered":"https:\/\/elterritorialweb.com.ar\/web\/?p=82512"},"modified":"2026-03-10T00:17:44","modified_gmt":"2026-03-10T00:17:44","slug":"santiago-del-estero-ratifica-su-compromiso-con-la-igualdad-de-genero-como-politica-de-estado","status":"publish","type":"post","link":"https:\/\/elterritorialweb.com.ar\/web\/santiago-del-estero-ratifica-su-compromiso-con-la-igualdad-de-genero-como-politica-de-estado\/","title":{"rendered":"SANTIAGO DEL ESTERO RATIFICA SU COMPROMISO CON LA IGUALDAD DE G\u00c9NERO COMO POL\u00cdTICA DE ESTADO"},"content":{"rendered":"\n<p>\u200bEn una jornada marcada por la reflexi\u00f3n y la reivindicaci\u00f3n de derechos, la C\u00e1mara de Diputados de Santiago del Estero \u2014denominada \u00abla Casa del Pueblo\u00bb\u2014 se convirti\u00f3 en el epicentro de un debate fundamental para la agenda de g\u00e9nero provincial. Durante el encuentro, se resalt\u00f3 que el desarrollo regional es inseparable de un Estado presente que garantice la equidad de manera efectiva.<\/p>\n\n\n\n<h3 class=\"wp-block-heading\">\u200bUn camino consolidado desde 2005<\/h3>\n\n\n\n<p>\u200bDesde el a\u00f1o 2005, Santiago del Estero ha transitado un proceso de transformaci\u00f3n donde la igualdad dej\u00f3 de ser un enunciado ret\u00f3rico para convertirse en una <strong>pol\u00edtica de Estado transversal<\/strong>. Este enfoque ha permitido la implementaci\u00f3n de estructuras e hitos clave que hoy brindan contenci\u00f3n y justicia a miles de santiague\u00f1as.<\/p>\n\n\n\n<figure class=\"wp-block-image size-large\"><a href=\"https:\/\/i0.wp.com\/elterritorialweb.com.ar\/web\/wp-content\/uploads\/2026\/03\/FB_IMG_1773101635461.jpg\"><img data-recalc-dims=\"1\" decoding=\"async\" width=\"640\" height=\"480\" data-src=\"https:\/\/i0.wp.com\/elterritorialweb.com.ar\/web\/wp-content\/uploads\/2026\/03\/FB_IMG_1773101635461.jpg?resize=640%2C480\" alt=\"\" class=\"wp-image-82514 lazyload\" data-srcset=\"https:\/\/i0.wp.com\/elterritorialweb.com.ar\/web\/wp-content\/uploads\/2026\/03\/FB_IMG_1773101635461.jpg?resize=1024%2C768&amp;ssl=1 1024w, https:\/\/i0.wp.com\/elterritorialweb.com.ar\/web\/wp-content\/uploads\/2026\/03\/FB_IMG_1773101635461.jpg?resize=300%2C225&amp;ssl=1 300w, https:\/\/i0.wp.com\/elterritorialweb.com.ar\/web\/wp-content\/uploads\/2026\/03\/FB_IMG_1773101635461.jpg?resize=768%2C576&amp;ssl=1 768w, https:\/\/i0.wp.com\/elterritorialweb.com.ar\/web\/wp-content\/uploads\/2026\/03\/FB_IMG_1773101635461.jpg?w=1280&amp;ssl=1 1280w\" data-sizes=\"(max-width: 640px) 100vw, 640px\" src=\"data:image\/svg+xml;base64,PHN2ZyB3aWR0aD0iMSIgaGVpZ2h0PSIxIiB4bWxucz0iaHR0cDovL3d3dy53My5vcmcvMjAwMC9zdmciPjwvc3ZnPg==\" style=\"--smush-placeholder-width: 640px; --smush-placeholder-aspect-ratio: 640\/480;\" \/><\/a><\/figure>\n\n\n\n<p>\u200bEntre los logros m\u00e1s significativos destacados durante el evento se encuentran:<\/p>\n\n\n\n<ul class=\"wp-block-list\">\n<li>\u200b<strong>Acceso a la Justicia y Seguridad:<\/strong> La creaci\u00f3n de las Comisar\u00edas de la Mujer y la Familia, junto con la Oficina de la Mujer en el Poder Judicial.<\/li>\n\n\n\n<li>\u200b<strong>Salud Integral:<\/strong> La vigencia de programas como <em>\u00abMujeres Sanas, Mujeres Cuidadas\u00bb<\/em> y la gratuidad en diagn\u00f3sticos preventivos de c\u00e1ncer de mama.<\/li>\n\n\n\n<li>\u200b<strong>Acompa\u00f1amiento Nutricional:<\/strong> El impacto del <em>\u00abPrograma de los 1.700 d\u00edas\u00bb<\/em>, que asegura la nutrici\u00f3n desde el inicio del embarazo.<\/li>\n<\/ul>\n\n\n\n<h3 class=\"wp-block-heading\">\u200bParidad: El poder real en las decisiones<\/h3>\n\n\n\n<p>\u200bUno de los puntos m\u00e1s celebrados fue la plena vigencia de la <strong>Ley de Paridad de G\u00e9nero<\/strong>. Actualmente, el 50% de las bancas de la Legislatura provincial est\u00e1n ocupadas por mujeres, un hecho que garantiza una representaci\u00f3n genuina y paritaria en la toma de decisiones que afectan a toda la sociedad.<\/p>\n\n\n\n<figure class=\"wp-block-image size-large\"><a href=\"https:\/\/i0.wp.com\/elterritorialweb.com.ar\/web\/wp-content\/uploads\/2026\/03\/FB_IMG_1773101638961.jpg\"><img data-recalc-dims=\"1\" decoding=\"async\" width=\"640\" height=\"480\" data-src=\"https:\/\/i0.wp.com\/elterritorialweb.com.ar\/web\/wp-content\/uploads\/2026\/03\/FB_IMG_1773101638961.jpg?resize=640%2C480\" alt=\"\" class=\"wp-image-82515 lazyload\" data-srcset=\"https:\/\/i0.wp.com\/elterritorialweb.com.ar\/web\/wp-content\/uploads\/2026\/03\/FB_IMG_1773101638961.jpg?resize=1024%2C768&amp;ssl=1 1024w, https:\/\/i0.wp.com\/elterritorialweb.com.ar\/web\/wp-content\/uploads\/2026\/03\/FB_IMG_1773101638961.jpg?resize=300%2C225&amp;ssl=1 300w, https:\/\/i0.wp.com\/elterritorialweb.com.ar\/web\/wp-content\/uploads\/2026\/03\/FB_IMG_1773101638961.jpg?resize=768%2C576&amp;ssl=1 768w, https:\/\/i0.wp.com\/elterritorialweb.com.ar\/web\/wp-content\/uploads\/2026\/03\/FB_IMG_1773101638961.jpg?w=1280&amp;ssl=1 1280w\" data-sizes=\"(max-width: 640px) 100vw, 640px\" src=\"data:image\/svg+xml;base64,PHN2ZyB3aWR0aD0iMSIgaGVpZ2h0PSIxIiB4bWxucz0iaHR0cDovL3d3dy53My5vcmcvMjAwMC9zdmciPjwvc3ZnPg==\" style=\"--smush-placeholder-width: 640px; --smush-placeholder-aspect-ratio: 640\/480;\" \/><\/a><\/figure>\n\n\n\n<h3 class=\"wp-block-heading\">\u200bIdentidad y Autocuidado<\/h3>\n\n\n\n<p>\u200bEl conversatorio cont\u00f3 con las ponencias de la <strong>Dra. Sof\u00eda Magdalena L\u00f3pez<\/strong> y la <strong>Prof. Mar\u00eda Olivera<\/strong>, quienes abordaron tem\u00e1ticas cruciales sobre el autocuidado y la identidad hist\u00f3rica. Sus exposiciones invitaron a los presentes a reflexionar sobre el bienestar actual sin perder de vista las ra\u00edces y las luchas que forjaron el presente.<\/p>\n\n\n\n<blockquote class=\"wp-block-quote is-layout-flow wp-block-quote-is-layout-flow\">\n<p>\u200b\u00bbLa igualdad no es un discurso, es una realidad palpable. Debemos mantenernos unidos para custodiar los derechos conquistados y alcanzar lo que a\u00fan falta\u00bb, se enfatiz\u00f3 durante el cierre de la jornada.<\/p>\n<\/blockquote>\n\n\n\n<p>\u200bLa actividad concluy\u00f3 con un firme llamado a la unidad social para continuar construyendo una provincia m\u00e1s justa, inclusiva e igualitaria, reafirmando el compromiso institucional de no retroceder en los derechos alcanzados.<\/p>\n\n\n\n<p><\/p>\n","protected":false},"excerpt":{"rendered":"<p>En el marco del D\u00eda Internacional de la Mujer, la C\u00e1mara de Diputados fue sede de un conversatorio donde se destacaron los avances legislativos, sanitarios y sociales que posicionan a la provincia como un referente en la protecci\u00f3n y empoderamiento femenino.<\/p>\n","protected":false},"author":2,"featured_media":82513,"comment_status":"open","ping_status":"open","sticky":false,"template":"","format":"standard","meta":{"om_disable_all_campaigns":false,"_monsterinsights_skip_tracking":false,"_monsterinsights_sitenote_active":false,"_monsterinsights_sitenote_note":"","_monsterinsights_sitenote_category":0,"_uf_show_specific_survey":0,"_uf_disable_surveys":false,"jetpack_post_was_ever_published":false,"_jetpack_newsletter_access":"","_jetpack_dont_email_post_to_subs":false,"_jetpack_newsletter_tier_id":0,"_jetpack_memberships_contains_paywalled_content":false,"_jetpack_memberships_contains_paid_content":false,"footnotes":"","jetpack_publicize_message":"","jetpack_publicize_feature_enabled":true,"jetpack_social_post_already_shared":true,"jetpack_social_options":{"image_generator_settings":{"template":"highway","default_image_id":0,"font":"","enabled":false},"version":2}},"categories":[4,21],"tags":[],"class_list":["post-82512","post","type-post","status-publish","format-standard","has-post-thumbnail","hentry","category-destacadas","category-locales"],"aioseo_notices":[],"views":9,"jetpack_publicize_connections":[],"jetpack_featured_media_url":"https:\/\/i0.wp.com\/elterritorialweb.com.ar\/web\/wp-content\/uploads\/2026\/03\/FB_IMG_1773101626029.jpg?fit=1280%2C960&ssl=1","jetpack_sharing_enabled":true,"_links":{"self":[{"href":"https:\/\/elterritorialweb.com.ar\/web\/wp-json\/wp\/v2\/posts\/82512","targetHints":{"allow":["GET"]}}],"collection":[{"href":"https:\/\/elterritorialweb.com.ar\/web\/wp-json\/wp\/v2\/posts"}],"about":[{"href":"https:\/\/elterritorialweb.com.ar\/web\/wp-json\/wp\/v2\/types\/post"}],"author":[{"embeddable":true,"href":"https:\/\/elterritorialweb.com.ar\/web\/wp-json\/wp\/v2\/users\/2"}],"replies":[{"embeddable":true,"href":"https:\/\/elterritorialweb.com.ar\/web\/wp-json\/wp\/v2\/comments?post=82512"}],"version-history":[{"count":1,"href":"https:\/\/elterritorialweb.com.ar\/web\/wp-json\/wp\/v2\/posts\/82512\/revisions"}],"predecessor-version":[{"id":82516,"href":"https:\/\/elterritorialweb.com.ar\/web\/wp-json\/wp\/v2\/posts\/82512\/revisions\/82516"}],"wp:featuredmedia":[{"embeddable":true,"href":"https:\/\/elterritorialweb.com.ar\/web\/wp-json\/wp\/v2\/media\/82513"}],"wp:attachment":[{"href":"https:\/\/elterritorialweb.com.ar\/web\/wp-json\/wp\/v2\/media?parent=82512"}],"wp:term":[{"taxonomy":"category","embeddable":true,"href":"https:\/\/elterritorialweb.com.ar\/web\/wp-json\/wp\/v2\/categories?post=82512"},{"taxonomy":"post_tag","embeddable":true,"href":"https:\/\/elterritorialweb.com.ar\/web\/wp-json\/wp\/v2\/tags?post=82512"}],"curies":[{"name":"wp","href":"https:\/\/api.w.org\/{rel}","templated":true}]}}