{"id":82521,"date":"2026-03-10T04:18:14","date_gmt":"2026-03-10T04:18:14","guid":{"rendered":"https:\/\/elterritorialweb.com.ar\/web\/?p=82521"},"modified":"2026-03-10T04:18:18","modified_gmt":"2026-03-10T04:18:18","slug":"milei-ratifica-ante-la-universidad-de-yeshiva-que-iran-es-enemigo-de-la-argentina","status":"publish","type":"post","link":"https:\/\/elterritorialweb.com.ar\/web\/milei-ratifica-ante-la-universidad-de-yeshiva-que-iran-es-enemigo-de-la-argentina\/","title":{"rendered":"MILEI RATIFICA ANTE LA UNIVERSIDAD DE YESHIVA QUE IR\u00c1N ES \u00abENEMIGO\u00bb DE LA ARGENTINA"},"content":{"rendered":"\n<p>\u200bDurante su gira por los Estados Unidos, el presidente <strong>Javier Milei<\/strong> disert\u00f3 este lunes 9 de marzo de 2026 en la prestigiosa <strong>Universidad de Yeshiva<\/strong>, en Manhattan. Ante un auditorio colmado de m\u00e1s de 500 estudiantes y bajo la presentaci\u00f3n del rector, el rabino Ari Berman, el jefe de Estado argentino reafirm\u00f3 de manera tajante su posicionamiento geopol\u00edtico al calificar a la Rep\u00fablica Isl\u00e1mica de Ir\u00e1n como un <strong>\u00abenemigo\u00bb<\/strong> de la Rep\u00fablica Argentina.<\/p>\n\n\n\n<p>\u200bAcompa\u00f1ado por una comitiva de confianza integrada por la secretaria general de la Presidencia, <strong>Karina Milei<\/strong>, el jefe de Gabinete, <strong>Manuel Adorni<\/strong>, y el canciller <strong>Pablo Quirno<\/strong>, el mandatario utiliz\u00f3 el estrado acad\u00e9mico para profundizar en los motivos que sostienen esta ruptura ret\u00f3rica y diplom\u00e1tica.<\/p>\n\n\n\n<h3 class=\"wp-block-heading\">\u200bEl peso de la historia: AMIA y Embajada<\/h3>\n\n\n\n<p>\u200bLa declaraci\u00f3n de Milei no fue circunstancial, sino que se bas\u00f3 en la herida abierta por el terrorismo internacional en suelo porte\u00f1o. El Presidente enfatiz\u00f3 que la responsabilidad atribuida a Ir\u00e1n en la planificaci\u00f3n de los ataques contra la <strong>Embajada de Israel (1992)<\/strong> y la <strong>AMIA (1994)<\/strong> constituye una afrenta directa.<\/p>\n\n\n\n<blockquote class=\"wp-block-quote is-layout-flow wp-block-quote-is-layout-flow\">\n<p>\u200b\u00bbNos han metido dos bombas&#8230; por lo tanto, son nuestros enemigos. Tengo una alianza estrat\u00e9gica con Estados Unidos e Israel\u00bb, sentenci\u00f3 Milei durante su alocuci\u00f3n de m\u00e1s de una hora.<\/p>\n<\/blockquote>\n\n\n\n<h3 class=\"wp-block-heading\">\u200b\u00bbEl presidente m\u00e1s sionista del mundo\u00bb<\/h3>\n\n\n\n<p>\u200bEn un momento de alta carga simb\u00f3lica, Milei se defini\u00f3 como <strong>\u00abel presidente m\u00e1s sionista del mundo\u00bb<\/strong>, lo que provoc\u00f3 una ovaci\u00f3n de los asistentes. Adem\u00e1s de la cuesti\u00f3n geopol\u00edtica, su discurso abord\u00f3:<\/p>\n\n\n\n<ul class=\"wp-block-list\">\n<li>\u200b<strong>Defensa del Capitalismo:<\/strong> Reiter\u00f3 que \u00ablos impuestos son un robo\u00bb y defendi\u00f3 su programa de ajuste fiscal.<\/li>\n\n\n\n<li>\u200b<strong>Apoyo a Donald Trump:<\/strong> Mencion\u00f3 que el mundo \u00abse salv\u00f3 por un cent\u00edmetro\u00bb tras el intento de asesinato al exmandatario estadounidense en 2024.<\/li>\n\n\n\n<li>\u200b<strong>Conflicto en Medio Oriente:<\/strong> Asegur\u00f3 que la victoria de la alianza occidental es inevitable y que el conflicto no es solo por energ\u00eda, sino una disputa de valores globales.<\/li>\n<\/ul>\n\n\n\n<h3 class=\"wp-block-heading\">\u200bUn giro en la pol\u00edtica exterior<\/h3>\n\n\n\n<p>\u200bEsta ratificaci\u00f3n marca una distancia definitiva respecto a gestiones anteriores. La administraci\u00f3n de La Libertad Avanza busca alinear a la Argentina con el eje <strong>Washington-Jerusal\u00e9n<\/strong>, priorizando la lucha contra el terrorismo global y el fortalecimiento de los v\u00ednculos con las democracias liberales.<\/p>\n\n\n\n<p><\/p>\n","protected":false},"excerpt":{"rendered":"<p>En un encendido discurso en Nueva York, el mandatario fundament\u00f3 su postura en los atentados a la AMIA y la Embajada de Israel, consolidando un giro estrat\u00e9gico en la pol\u00edtica exterior del pa\u00eds.<\/p>\n","protected":false},"author":2,"featured_media":82522,"comment_status":"open","ping_status":"open","sticky":false,"template":"","format":"standard","meta":{"om_disable_all_campaigns":false,"_monsterinsights_skip_tracking":false,"_monsterinsights_sitenote_active":false,"_monsterinsights_sitenote_note":"","_monsterinsights_sitenote_category":0,"_uf_show_specific_survey":0,"_uf_disable_surveys":false,"jetpack_post_was_ever_published":false,"_jetpack_newsletter_access":"","_jetpack_dont_email_post_to_subs":false,"_jetpack_newsletter_tier_id":0,"_jetpack_memberships_contains_paywalled_content":false,"_jetpack_memberships_contains_paid_content":false,"footnotes":"","jetpack_publicize_message":"","jetpack_publicize_feature_enabled":true,"jetpack_social_post_already_shared":true,"jetpack_social_options":{"image_generator_settings":{"template":"highway","default_image_id":0,"font":"","enabled":false},"version":2}},"categories":[4,7],"tags":[92,1642],"class_list":["post-82521","post","type-post","status-publish","format-standard","has-post-thumbnail","hentry","category-destacadas","category-nacionales","tag-javier-milei","tag-new-york"],"aioseo_notices":[],"views":8,"jetpack_publicize_connections":[],"jetpack_featured_media_url":"https:\/\/i0.wp.com\/elterritorialweb.com.ar\/web\/wp-content\/uploads\/2026\/03\/Screenshot_20260310_011028_X.jpg?fit=980%2C988&ssl=1","jetpack_sharing_enabled":true,"_links":{"self":[{"href":"https:\/\/elterritorialweb.com.ar\/web\/wp-json\/wp\/v2\/posts\/82521","targetHints":{"allow":["GET"]}}],"collection":[{"href":"https:\/\/elterritorialweb.com.ar\/web\/wp-json\/wp\/v2\/posts"}],"about":[{"href":"https:\/\/elterritorialweb.com.ar\/web\/wp-json\/wp\/v2\/types\/post"}],"author":[{"embeddable":true,"href":"https:\/\/elterritorialweb.com.ar\/web\/wp-json\/wp\/v2\/users\/2"}],"replies":[{"embeddable":true,"href":"https:\/\/elterritorialweb.com.ar\/web\/wp-json\/wp\/v2\/comments?post=82521"}],"version-history":[{"count":1,"href":"https:\/\/elterritorialweb.com.ar\/web\/wp-json\/wp\/v2\/posts\/82521\/revisions"}],"predecessor-version":[{"id":82523,"href":"https:\/\/elterritorialweb.com.ar\/web\/wp-json\/wp\/v2\/posts\/82521\/revisions\/82523"}],"wp:featuredmedia":[{"embeddable":true,"href":"https:\/\/elterritorialweb.com.ar\/web\/wp-json\/wp\/v2\/media\/82522"}],"wp:attachment":[{"href":"https:\/\/elterritorialweb.com.ar\/web\/wp-json\/wp\/v2\/media?parent=82521"}],"wp:term":[{"taxonomy":"category","embeddable":true,"href":"https:\/\/elterritorialweb.com.ar\/web\/wp-json\/wp\/v2\/categories?post=82521"},{"taxonomy":"post_tag","embeddable":true,"href":"https:\/\/elterritorialweb.com.ar\/web\/wp-json\/wp\/v2\/tags?post=82521"}],"curies":[{"name":"wp","href":"https:\/\/api.w.org\/{rel}","templated":true}]}}