{"id":82530,"date":"2026-03-10T17:47:44","date_gmt":"2026-03-10T17:47:44","guid":{"rendered":"https:\/\/elterritorialweb.com.ar\/web\/?p=82530"},"modified":"2026-03-10T17:47:47","modified_gmt":"2026-03-10T17:47:47","slug":"nueva-reunion-de-trabajo-por-la-situacion-climatica-provincial","status":"publish","type":"post","link":"https:\/\/elterritorialweb.com.ar\/web\/nueva-reunion-de-trabajo-por-la-situacion-climatica-provincial\/","title":{"rendered":"NUEVA REUNI\u00d3N DE TRABAJO POR LA SITUACI\u00d3N CLIM\u00c1TICA PROVINCIAL"},"content":{"rendered":"\n<p>\u200b\u200bEl Jefe de Gabinete, <strong>V\u00edctor Araujo<\/strong>, encabez\u00f3 un encuentro clave con los titulares de diversas carteras operativas para realizar un relevamiento exhaustivo de la situaci\u00f3n clim\u00e1tica actual. La reuni\u00f3n tuvo como eje central evaluar el impacto de las lluvias y definir estrategias inmediatas de mitigaci\u00f3n.<\/p>\n\n\n\n<h3 class=\"wp-block-heading\">\u200bEvaluaci\u00f3n de da\u00f1os y asistencia integral<\/h3>\n\n\n\n<p>\u200bDurante el c\u00f3nclave, las autoridades analizaron las afectaciones registradas tanto en la <strong>Capital como en el interior provincial<\/strong>. El foco principal se centr\u00f3 en la ejecuci\u00f3n de las acciones de acompa\u00f1amiento destinadas a las familias damnificadas, garantizando que los recursos de emergencia lleguen de manera efectiva a los sectores m\u00e1s vulnerables.<\/p>\n\n\n\n<p>\u200bAsimismo, se identificaron las zonas geogr\u00e1ficas con mayor compromiso h\u00eddrico. El objetivo es aplicar medidas t\u00e9cnicas que permitan el escurrimiento del exceso de agua y fortalezcan la infraestructura preventiva ante la posibilidad de nuevos fen\u00f3menos meteorol\u00f3gicos.<\/p>\n\n\n\n<h3 class=\"wp-block-heading\">\u200bTrabajo articulado y despliegue territorial<\/h3>\n\n\n\n<p>\u200bUno de los puntos destacados fue la <strong>labor conjunta<\/strong> que vienen desarrollando las distintas \u00e1reas del Estado. Equipos t\u00e9cnicos y operativos ya se encuentran desplegados en Santiago, La Banda y diversos parajes del interior, realizando tareas de monitoreo y asistencia directa.<\/p>\n\n\n\n<p>\u200bEsta red de intervenci\u00f3n incluye la participaci\u00f3n activa de:<\/p>\n\n\n\n<ul class=\"wp-block-list\">\n<li>\u200b<strong>Ministerio de Desarrollo Social<\/strong> (\u00e1reas de asistencia y Defensa Civil).<\/li>\n\n\n\n<li>\u200b<strong>Ministerio de Obras P\u00fablicas y Ministerio de Gobierno<\/strong>.<\/li>\n\n\n\n<li>\u200b<strong>Subsecretar\u00eda del Agua y Recursos H\u00eddricos<\/strong>.<\/li>\n\n\n\n<li>\u200b<strong>Consejo Provincial de Vialidad y Polic\u00eda de la Provincia<\/strong>.<\/li>\n<\/ul>\n\n\n\n<h3 class=\"wp-block-heading\">\u200bAutoridades presentes<\/h3>\n\n\n\n<p>\u200bLa mesa de trabajo cont\u00f3 con una amplia representaci\u00f3n institucional, subrayando la prioridad que el Ejecutivo otorga a la emergencia. Participaron los ministros <strong>\u00c1ngel Niccolai<\/strong> (Desarrollo Social), <strong>Bernardo Herrera<\/strong> (Gobierno) y <strong>Aldo Hid<\/strong> (Obras P\u00fablicas).<\/p>\n\n\n\n<p>\u200bTambi\u00e9n formaron parte del encuentro el Secretario de Obras P\u00fablicas, Jorge Zua\u00edn; el Jefe de Polic\u00eda, Laureano Silva; los subsecretarios Sergio Saltz (Agua), Ramiro Banco (Desarrollo Social) y Mario Guzm\u00e1n (Defensa Civil); el presidente de Vialidad, Jos\u00e9 Alfano, y el titular de Recursos H\u00eddricos, Ra\u00fal Montero.<\/p>\n\n\n\n<p><\/p>\n","protected":false},"excerpt":{"rendered":"<p>El Gobierno Provincial coordina operativos de asistencia y monitoreo permanente en todo el territorio tras las intensas precipitaciones de los \u00faltimos d\u00edas.<\/p>\n","protected":false},"author":2,"featured_media":82531,"comment_status":"open","ping_status":"open","sticky":false,"template":"","format":"standard","meta":{"om_disable_all_campaigns":false,"_monsterinsights_skip_tracking":false,"_monsterinsights_sitenote_active":false,"_monsterinsights_sitenote_note":"","_monsterinsights_sitenote_category":0,"_uf_show_specific_survey":0,"_uf_disable_surveys":false,"jetpack_post_was_ever_published":false,"_jetpack_newsletter_access":"","_jetpack_dont_email_post_to_subs":false,"_jetpack_newsletter_tier_id":0,"_jetpack_memberships_contains_paywalled_content":false,"_jetpack_memberships_contains_paid_content":false,"footnotes":"","jetpack_publicize_message":"","jetpack_publicize_feature_enabled":true,"jetpack_social_post_already_shared":true,"jetpack_social_options":{"image_generator_settings":{"template":"highway","default_image_id":0,"font":"","enabled":false},"version":2}},"categories":[4,21],"tags":[],"class_list":["post-82530","post","type-post","status-publish","format-standard","has-post-thumbnail","hentry","category-destacadas","category-locales"],"aioseo_notices":[],"views":10,"jetpack_publicize_connections":[],"jetpack_featured_media_url":"https:\/\/i0.wp.com\/elterritorialweb.com.ar\/web\/wp-content\/uploads\/2026\/03\/FB_IMG_1773164702831.jpg?fit=1280%2C866&ssl=1","jetpack_sharing_enabled":true,"_links":{"self":[{"href":"https:\/\/elterritorialweb.com.ar\/web\/wp-json\/wp\/v2\/posts\/82530","targetHints":{"allow":["GET"]}}],"collection":[{"href":"https:\/\/elterritorialweb.com.ar\/web\/wp-json\/wp\/v2\/posts"}],"about":[{"href":"https:\/\/elterritorialweb.com.ar\/web\/wp-json\/wp\/v2\/types\/post"}],"author":[{"embeddable":true,"href":"https:\/\/elterritorialweb.com.ar\/web\/wp-json\/wp\/v2\/users\/2"}],"replies":[{"embeddable":true,"href":"https:\/\/elterritorialweb.com.ar\/web\/wp-json\/wp\/v2\/comments?post=82530"}],"version-history":[{"count":1,"href":"https:\/\/elterritorialweb.com.ar\/web\/wp-json\/wp\/v2\/posts\/82530\/revisions"}],"predecessor-version":[{"id":82532,"href":"https:\/\/elterritorialweb.com.ar\/web\/wp-json\/wp\/v2\/posts\/82530\/revisions\/82532"}],"wp:featuredmedia":[{"embeddable":true,"href":"https:\/\/elterritorialweb.com.ar\/web\/wp-json\/wp\/v2\/media\/82531"}],"wp:attachment":[{"href":"https:\/\/elterritorialweb.com.ar\/web\/wp-json\/wp\/v2\/media?parent=82530"}],"wp:term":[{"taxonomy":"category","embeddable":true,"href":"https:\/\/elterritorialweb.com.ar\/web\/wp-json\/wp\/v2\/categories?post=82530"},{"taxonomy":"post_tag","embeddable":true,"href":"https:\/\/elterritorialweb.com.ar\/web\/wp-json\/wp\/v2\/tags?post=82530"}],"curies":[{"name":"wp","href":"https:\/\/api.w.org\/{rel}","templated":true}]}}