{"id":82538,"date":"2026-03-10T20:30:24","date_gmt":"2026-03-10T20:30:24","guid":{"rendered":"https:\/\/elterritorialweb.com.ar\/web\/?p=82538"},"modified":"2026-03-10T20:30:26","modified_gmt":"2026-03-10T20:30:26","slug":"el-gobernador-fortalece-vinculos-estrategicos-con-la-comision-arbitral-de-impuestos","status":"publish","type":"post","link":"https:\/\/elterritorialweb.com.ar\/web\/el-gobernador-fortalece-vinculos-estrategicos-con-la-comision-arbitral-de-impuestos\/","title":{"rendered":"\u200bEL GOBERNADOR FORTALECE V\u00cdNCULOS ESTRAT\u00c9GICOS CON LA COMISI\u00d3N ARBITRAL DE IMPUESTOS"},"content":{"rendered":"\n<p>\u200b\u200bEn un encuentro clave para la pol\u00edtica fiscal de la regi\u00f3n, el gobernador de Santiago del Estero, <strong>El\u00edas Su\u00e1rez<\/strong>, encabez\u00f3 este martes una reuni\u00f3n de trabajo con el presidente de la Comisi\u00f3n Arbitral de Impuesto (Comarb), <strong>Luis Mar\u00eda Capellano<\/strong>, y el vicepresidente, <strong>Pedro Livio D\u00edaz Yocca<\/strong>. Del c\u00f3nclave tambi\u00e9n participaron el ministro de Econom\u00eda, <strong>Atilio Chara<\/strong>, y el subsecretario de Finanzas e Ingresos P\u00fablicos, <strong>Federico Scrimini<\/strong>.<\/p>\n\n\n\n<p>\u200bDurante la sesi\u00f3n, se analiz\u00f3 el rol fundamental de la Comarb como ente regulador de los impuestos provinciales y su labor en la articulaci\u00f3n de las relaciones fiscales a nivel nacional. Al respecto, el ministro Chara subray\u00f3 la relevancia de esta visita institucional, destacando que el organismo trabaja intensamente para optimizar los sistemas tributarios en todo el pa\u00eds.<\/p>\n\n\n\n<h3 class=\"wp-block-heading\">\u200bPr\u00f3ximos pasos: Plenario en Catamarca<\/h3>\n\n\n\n<p>\u200bComo parte de la agenda federal, se anunci\u00f3 que en los pr\u00f3ximos d\u00edas se llevar\u00e1 a cabo un <strong>plenario en la ciudad de Catamarca<\/strong>. Este evento tendr\u00e1 como objetivo central continuar el perfeccionamiento de los sistemas de recaudaci\u00f3n y el fortalecimiento de las estructuras tributarias de cada provincia, buscando una mayor equidad y eficiencia en la gesti\u00f3n p\u00fablica.<\/p>\n\n\n\n<h3 class=\"wp-block-heading\">\u200bSantiago del Estero como eje del Federalismo Fiscal<\/h3>\n\n\n\n<p>\u200bPor su parte, el titular de la Comarb, Luis Mar\u00eda Capellano, elogi\u00f3 la <strong>sinergia de comunicaci\u00f3n y asistencia t\u00e9cnica<\/strong> existente con la administraci\u00f3n del gobernador Su\u00e1rez. El funcionario destac\u00f3 que Santiago del Estero se ha consolidado como una provincia que considera el fortalecimiento fiscal federal como un eje central de su gesti\u00f3n.<\/p>\n\n\n\n<blockquote class=\"wp-block-quote is-layout-flow wp-block-quote-is-layout-flow\">\n<p>\u200b\u201cVamos a brindar todas las herramientas que se desarrollan en el \u00e1mbito de la Comarb para que haya una mayor eficiencia en la recaudaci\u00f3n, bas\u00e1ndonos en tres pilares fundamentales: <strong>armonizaci\u00f3n, simplificaci\u00f3n e innovaci\u00f3n<\/strong>\u201d, se\u00f1al\u00f3 Capellano.<\/p>\n<\/blockquote>\n\n\n\n<p>\u200bFinalmente, las autoridades nacionales valoraron el trabajo conjunto realizado durante los \u00faltimos cuatro a\u00f1os, resaltando que la conformaci\u00f3n de equipos t\u00e9cnicos s\u00f3lidos ha permitido alcanzar mejoras significativas en los niveles de recaudaci\u00f3n y en la eficiencia de los procesos administrativos de la provincia.<\/p>\n\n\n\n<p><\/p>\n","protected":false},"excerpt":{"rendered":"<p>El mandatario provincial recibi\u00f3 a las m\u00e1ximas autoridades de la Comarb para profundizar la eficiencia tributaria y la armonizaci\u00f3n fiscal entre jurisdicciones.<\/p>\n","protected":false},"author":2,"featured_media":82539,"comment_status":"open","ping_status":"open","sticky":false,"template":"","format":"standard","meta":{"om_disable_all_campaigns":false,"_monsterinsights_skip_tracking":false,"_monsterinsights_sitenote_active":false,"_monsterinsights_sitenote_note":"","_monsterinsights_sitenote_category":0,"_uf_show_specific_survey":0,"_uf_disable_surveys":false,"jetpack_post_was_ever_published":false,"_jetpack_newsletter_access":"","_jetpack_dont_email_post_to_subs":false,"_jetpack_newsletter_tier_id":0,"_jetpack_memberships_contains_paywalled_content":false,"_jetpack_memberships_contains_paid_content":false,"footnotes":"","jetpack_publicize_message":"","jetpack_publicize_feature_enabled":true,"jetpack_social_post_already_shared":true,"jetpack_social_options":{"image_generator_settings":{"template":"highway","default_image_id":0,"font":"","enabled":false},"version":2}},"categories":[4,21],"tags":[],"class_list":["post-82538","post","type-post","status-publish","format-standard","has-post-thumbnail","hentry","category-destacadas","category-locales"],"aioseo_notices":[],"views":8,"jetpack_publicize_connections":[],"jetpack_featured_media_url":"https:\/\/i0.wp.com\/elterritorialweb.com.ar\/web\/wp-content\/uploads\/2026\/03\/IMG-20260310-WA0058.jpg?fit=2560%2C1665&ssl=1","jetpack_sharing_enabled":true,"_links":{"self":[{"href":"https:\/\/elterritorialweb.com.ar\/web\/wp-json\/wp\/v2\/posts\/82538","targetHints":{"allow":["GET"]}}],"collection":[{"href":"https:\/\/elterritorialweb.com.ar\/web\/wp-json\/wp\/v2\/posts"}],"about":[{"href":"https:\/\/elterritorialweb.com.ar\/web\/wp-json\/wp\/v2\/types\/post"}],"author":[{"embeddable":true,"href":"https:\/\/elterritorialweb.com.ar\/web\/wp-json\/wp\/v2\/users\/2"}],"replies":[{"embeddable":true,"href":"https:\/\/elterritorialweb.com.ar\/web\/wp-json\/wp\/v2\/comments?post=82538"}],"version-history":[{"count":1,"href":"https:\/\/elterritorialweb.com.ar\/web\/wp-json\/wp\/v2\/posts\/82538\/revisions"}],"predecessor-version":[{"id":82540,"href":"https:\/\/elterritorialweb.com.ar\/web\/wp-json\/wp\/v2\/posts\/82538\/revisions\/82540"}],"wp:featuredmedia":[{"embeddable":true,"href":"https:\/\/elterritorialweb.com.ar\/web\/wp-json\/wp\/v2\/media\/82539"}],"wp:attachment":[{"href":"https:\/\/elterritorialweb.com.ar\/web\/wp-json\/wp\/v2\/media?parent=82538"}],"wp:term":[{"taxonomy":"category","embeddable":true,"href":"https:\/\/elterritorialweb.com.ar\/web\/wp-json\/wp\/v2\/categories?post=82538"},{"taxonomy":"post_tag","embeddable":true,"href":"https:\/\/elterritorialweb.com.ar\/web\/wp-json\/wp\/v2\/tags?post=82538"}],"curies":[{"name":"wp","href":"https:\/\/api.w.org\/{rel}","templated":true}]}}