{"id":82542,"date":"2026-03-10T20:44:23","date_gmt":"2026-03-10T20:44:23","guid":{"rendered":"https:\/\/elterritorialweb.com.ar\/web\/?p=82542"},"modified":"2026-03-10T20:44:25","modified_gmt":"2026-03-10T20:44:25","slug":"frias-fuertes-lluvias-provocan-la-crecida-del-rio-albigasta-y-generan-alerta-en-zonas-riberenas","status":"publish","type":"post","link":"https:\/\/elterritorialweb.com.ar\/web\/frias-fuertes-lluvias-provocan-la-crecida-del-rio-albigasta-y-generan-alerta-en-zonas-riberenas\/","title":{"rendered":"FR\u00cdAS: FUERTES LLUVIAS PROVOCAN LA CRECIDA DEL R\u00cdO ALBIGASTA Y GENERAN ALERTA EN ZONAS RIBERE\u00d1AS"},"content":{"rendered":"\n<p>\u200b\u200bLa persistencia de intensas precipitaciones en las \u00faltimas horas ha derivado en un aumento cr\u00edtico del caudal del <strong>r\u00edo Albigasta<\/strong>. Seg\u00fan los reportes oficiales, el agua ha superado su cauce natural en diversos sectores, ingresando a \u00e1reas urbanas y dejando a m\u00faltiples viviendas en una situaci\u00f3n de extrema vulnerabilidad.<\/p>\n\n\n\n<h3 class=\"wp-block-heading\">\u200bOperativo de contenci\u00f3n y asistencia<\/h3>\n\n\n\n<p>\u200bAnte la gravedad del escenario, y por disposici\u00f3n directa del intendente <strong>N\u00e9stor Humberto Salim<\/strong>, se ha activado un protocolo de emergencia multidisciplinario. Personal de la <strong>Secretar\u00eda de Obras y Servicios P\u00fablicos<\/strong>, junto a la <strong>Secretar\u00eda de Gobierno<\/strong> y operarios de diversas \u00e1reas municipales, trabajan en el territorio bajo dos ejes principales:<\/p>\n\n\n\n<ol class=\"wp-block-list\">\n<li>\u200b<strong>Relevamiento t\u00e9cnico:<\/strong> Identificaci\u00f3n de las familias y viviendas afectadas para coordinar la asistencia inmediata.<\/li>\n\n\n\n<li>\u200b<strong>Defensas f\u00edsicas:<\/strong> Construcci\u00f3n de barreras de contenci\u00f3n mediante el uso de bolsas de arena para frenar el avance del agua hacia los barrios m\u00e1s expuestos, como <strong>Sumarpa, Dr. Eliseo Fringes y Tiro Federal<\/strong>.<\/li>\n<\/ol>\n\n\n\n<figure class=\"wp-block-image size-large\"><a href=\"https:\/\/i0.wp.com\/elterritorialweb.com.ar\/web\/wp-content\/uploads\/2026\/03\/1000358636.jpg?ssl=1\"><img data-recalc-dims=\"1\" decoding=\"async\" width=\"640\" height=\"480\" data-src=\"https:\/\/i0.wp.com\/elterritorialweb.com.ar\/web\/wp-content\/uploads\/2026\/03\/1000358636-1024x768.jpg?resize=640%2C480&#038;ssl=1\" alt=\"\" class=\"wp-image-82544 lazyload\" data-srcset=\"https:\/\/i0.wp.com\/elterritorialweb.com.ar\/web\/wp-content\/uploads\/2026\/03\/1000358636.jpg?resize=1024%2C768&amp;ssl=1 1024w, https:\/\/i0.wp.com\/elterritorialweb.com.ar\/web\/wp-content\/uploads\/2026\/03\/1000358636.jpg?resize=300%2C225&amp;ssl=1 300w, https:\/\/i0.wp.com\/elterritorialweb.com.ar\/web\/wp-content\/uploads\/2026\/03\/1000358636.jpg?resize=768%2C576&amp;ssl=1 768w, https:\/\/i0.wp.com\/elterritorialweb.com.ar\/web\/wp-content\/uploads\/2026\/03\/1000358636.jpg?resize=1536%2C1152&amp;ssl=1 1536w, https:\/\/i0.wp.com\/elterritorialweb.com.ar\/web\/wp-content\/uploads\/2026\/03\/1000358636.jpg?w=1600&amp;ssl=1 1600w, https:\/\/i0.wp.com\/elterritorialweb.com.ar\/web\/wp-content\/uploads\/2026\/03\/1000358636.jpg?w=1280 1280w\" data-sizes=\"(max-width: 640px) 100vw, 640px\" src=\"data:image\/svg+xml;base64,PHN2ZyB3aWR0aD0iMSIgaGVpZ2h0PSIxIiB4bWxucz0iaHR0cDovL3d3dy53My5vcmcvMjAwMC9zdmciPjwvc3ZnPg==\" style=\"--smush-placeholder-width: 640px; --smush-placeholder-aspect-ratio: 640\/480;\" \/><\/a><\/figure>\n\n\n\n<h3 class=\"wp-block-heading\">Recomendaciones y alerta de seguridad<\/h3>\n\n\n\n<p>\u200bLas autoridades municipales han emitido un comunicado de car\u00e1cter urgente solicitando a la poblaci\u00f3n <strong>evitar circular por las zonas ribere\u00f1as<\/strong>. El pedido se extiende con especial \u00e9nfasis a los <strong>puentes ferroviario y carretero<\/strong>, debido a que la fuerza de la corriente y la erosi\u00f3n de las m\u00e1rgenes mantienen el \u00e1rea bajo alerta por posibles derrumbes.<\/p>\n\n\n\n<p>\u200bSe recomienda a los vecinos mantenerse informados a trav\u00e9s de los canales oficiales y acatar las indicaciones del personal de seguridad y defensa civil que se encuentra trabajando en la zona.<\/p>\n","protected":false},"excerpt":{"rendered":"<p>El desborde del cauce ha comenzado a afectar zonas urbanas. El municipio despliega un operativo de emergencia para proteger los barrios Sumarpa, Dr. Eliseo Fringes y Tiro Federal.<\/p>\n","protected":false},"author":2,"featured_media":82543,"comment_status":"open","ping_status":"open","sticky":false,"template":"","format":"standard","meta":{"om_disable_all_campaigns":false,"_monsterinsights_skip_tracking":false,"_monsterinsights_sitenote_active":false,"_monsterinsights_sitenote_note":"","_monsterinsights_sitenote_category":0,"_uf_show_specific_survey":0,"_uf_disable_surveys":false,"jetpack_post_was_ever_published":false,"_jetpack_newsletter_access":"","_jetpack_dont_email_post_to_subs":false,"_jetpack_newsletter_tier_id":0,"_jetpack_memberships_contains_paywalled_content":false,"_jetpack_memberships_contains_paid_content":false,"footnotes":"","jetpack_publicize_message":"","jetpack_publicize_feature_enabled":true,"jetpack_social_post_already_shared":true,"jetpack_social_options":{"image_generator_settings":{"template":"highway","default_image_id":0,"font":"","enabled":false},"version":2}},"categories":[4,35],"tags":[],"class_list":["post-82542","post","type-post","status-publish","format-standard","has-post-thumbnail","hentry","category-destacadas","category-interior"],"aioseo_notices":[],"views":11,"jetpack_publicize_connections":[],"jetpack_featured_media_url":"https:\/\/i0.wp.com\/elterritorialweb.com.ar\/web\/wp-content\/uploads\/2026\/03\/FB_IMG_1773175302435.jpg?fit=1600%2C1200&ssl=1","jetpack_sharing_enabled":true,"_links":{"self":[{"href":"https:\/\/elterritorialweb.com.ar\/web\/wp-json\/wp\/v2\/posts\/82542","targetHints":{"allow":["GET"]}}],"collection":[{"href":"https:\/\/elterritorialweb.com.ar\/web\/wp-json\/wp\/v2\/posts"}],"about":[{"href":"https:\/\/elterritorialweb.com.ar\/web\/wp-json\/wp\/v2\/types\/post"}],"author":[{"embeddable":true,"href":"https:\/\/elterritorialweb.com.ar\/web\/wp-json\/wp\/v2\/users\/2"}],"replies":[{"embeddable":true,"href":"https:\/\/elterritorialweb.com.ar\/web\/wp-json\/wp\/v2\/comments?post=82542"}],"version-history":[{"count":1,"href":"https:\/\/elterritorialweb.com.ar\/web\/wp-json\/wp\/v2\/posts\/82542\/revisions"}],"predecessor-version":[{"id":82545,"href":"https:\/\/elterritorialweb.com.ar\/web\/wp-json\/wp\/v2\/posts\/82542\/revisions\/82545"}],"wp:featuredmedia":[{"embeddable":true,"href":"https:\/\/elterritorialweb.com.ar\/web\/wp-json\/wp\/v2\/media\/82543"}],"wp:attachment":[{"href":"https:\/\/elterritorialweb.com.ar\/web\/wp-json\/wp\/v2\/media?parent=82542"}],"wp:term":[{"taxonomy":"category","embeddable":true,"href":"https:\/\/elterritorialweb.com.ar\/web\/wp-json\/wp\/v2\/categories?post=82542"},{"taxonomy":"post_tag","embeddable":true,"href":"https:\/\/elterritorialweb.com.ar\/web\/wp-json\/wp\/v2\/tags?post=82542"}],"curies":[{"name":"wp","href":"https:\/\/api.w.org\/{rel}","templated":true}]}}