{"id":82559,"date":"2026-03-10T23:43:49","date_gmt":"2026-03-10T23:43:49","guid":{"rendered":"https:\/\/elterritorialweb.com.ar\/web\/?p=82559"},"modified":"2026-03-10T23:43:52","modified_gmt":"2026-03-10T23:43:52","slug":"el-municipio-asistio-y-evacuo-a-vecinos-bandenos-afectados-por-el-temporal","status":"publish","type":"post","link":"https:\/\/elterritorialweb.com.ar\/web\/el-municipio-asistio-y-evacuo-a-vecinos-bandenos-afectados-por-el-temporal\/","title":{"rendered":"EL MUNICIPIO ASISTI\u00d3 Y EVACU\u00d3 A VECINOS BANDE\u00d1OS AFECTADOS POR EL TEMPORAL"},"content":{"rendered":"\n<p>En una jornada marcada por la intensidad clim\u00e1tica, el intendente <strong>Ing. Roger El\u00edas Nediani<\/strong> encabez\u00f3 los trabajos del Comit\u00e9 de Emergencia Municipal para dar respuesta inmediata a las consecuencias del temporal. Con un registro pluvial que super\u00f3 los <strong>105 mm<\/strong>, la ciudad activ\u00f3 sus protocolos de contingencia para asistir a los sectores m\u00e1s vulnerables.<\/p>\n\n\n\n<h3 class=\"wp-block-heading\">\u200bOperatividad y respuesta t\u00e9cnica<\/h3>\n\n\n\n<p>\u200bEl Comit\u00e9 despleg\u00f3 todos sus elementos operativos en diversos puntos estrat\u00e9gicos de la ciudad. Las tareas principales se centraron en:<\/p>\n\n\n\n<ul class=\"wp-block-list\">\n<li>\u200b<strong>Mantenimiento h\u00eddrico:<\/strong> Limpieza de desag\u00fces pluviales y activaci\u00f3n de bombas extractoras para acelerar el escurrimiento del agua.<\/li>\n\n\n\n<li>\u200b<strong>Seguridad vial y civil:<\/strong> Poda preventiva y retiro de \u00e1rboles ca\u00eddos que obstru\u00edan la v\u00eda p\u00fablica.<\/li>\n<\/ul>\n\n\n\n<p>\u200bLa coordinaci\u00f3n log\u00edstica estuvo centralizada en el <strong>Centro de Monitoreo de Alerta Banda<\/strong>, que funcion\u00f3 como base receptora de pedidos. Desde all\u00ed se despacharon las unidades de asistencia de manera r\u00e1pida, garantizando una respuesta coordinada entre las distintas \u00e1reas municipales.<\/p>\n\n\n\n<h3 class=\"wp-block-heading\">\u200bAsistencia a los damnificados<\/h3>\n\n\n\n<p>\u200bAquellos vecinos que sufrieron las mayores complicaciones en sus viviendas fueron evacuados y trasladados a las instalaciones del <strong>Centro Integrador Comunitario (CIC) del barrio San Carlos<\/strong>. En el refugio, las familias recibieron:<\/p>\n\n\n\n<ol class=\"wp-block-list\">\n<li>\u200bAsistencia m\u00e9dica integral.<\/li>\n\n\n\n<li>\u200bRopa seca y frazadas.<\/li>\n\n\n\n<li>\u200bAsistencia alimentaria inmediata.<\/li>\n<\/ol>\n\n\n\n<h3 class=\"wp-block-heading\">\u200bRecomendaciones y alerta vigente<\/h3>\n\n\n\n<p>\u200bDesde el municipio instaron a la comunidad a extremar las precauciones, ya que el <strong>Servicio Meteorol\u00f3gico Nacional<\/strong> mantiene el anuncio de nuevas precipitaciones para las pr\u00f3ximas 24 horas.<\/p>\n\n\n\n<p>\u200bAsimismo, se record\u00f3 que el equipo municipal permanecer\u00e1 en estado de alerta permanente. Ante cualquier emergencia, los n\u00fameros de <strong>Alerta Banda<\/strong> est\u00e1n disponibles las 24 horas:<\/p>\n\n\n\n<blockquote class=\"wp-block-quote is-layout-flow wp-block-quote-is-layout-flow\">\n<p>\u200b<strong>L\u00edneas de contacto:<\/strong><\/p>\n\n\n\n<ul class=\"wp-block-list\">\n<li>\u200b385 &#8211; 40209837<\/li>\n\n\n\n<li>\u200b385 &#8211; 140924<\/li>\n<\/ul>\n<\/blockquote>\n","protected":false},"excerpt":{"rendered":"<p>Tras registrarse precipitaciones superiores a los 105 mm el pasado martes, el Comit\u00e9 de Emergencia Municipal despleg\u00f3 un operativo integral de asistencia, limpieza y traslado de damnificados.<\/p>\n","protected":false},"author":2,"featured_media":82557,"comment_status":"open","ping_status":"open","sticky":false,"template":"","format":"standard","meta":{"om_disable_all_campaigns":false,"_monsterinsights_skip_tracking":false,"_monsterinsights_sitenote_active":false,"_monsterinsights_sitenote_note":"","_monsterinsights_sitenote_category":0,"_uf_show_specific_survey":0,"_uf_disable_surveys":false,"jetpack_post_was_ever_published":false,"_jetpack_newsletter_access":"","_jetpack_dont_email_post_to_subs":false,"_jetpack_newsletter_tier_id":0,"_jetpack_memberships_contains_paywalled_content":false,"_jetpack_memberships_contains_paid_content":false,"footnotes":"","jetpack_publicize_message":"","jetpack_publicize_feature_enabled":true,"jetpack_social_post_already_shared":true,"jetpack_social_options":{"image_generator_settings":{"template":"highway","default_image_id":0,"font":"","enabled":false},"version":2}},"categories":[9,4],"tags":[71,51],"class_list":["post-82559","post","type-post","status-publish","format-standard","has-post-thumbnail","hentry","category-banda","category-destacadas","tag-municipalidad-de-la-banda","tag-roger-nediani"],"aioseo_notices":[],"views":5,"jetpack_publicize_connections":[],"jetpack_featured_media_url":"https:\/\/i0.wp.com\/elterritorialweb.com.ar\/web\/wp-content\/uploads\/2026\/03\/IMG-20260310-WA0083.jpg?fit=1280%2C914&ssl=1","jetpack_sharing_enabled":true,"_links":{"self":[{"href":"https:\/\/elterritorialweb.com.ar\/web\/wp-json\/wp\/v2\/posts\/82559","targetHints":{"allow":["GET"]}}],"collection":[{"href":"https:\/\/elterritorialweb.com.ar\/web\/wp-json\/wp\/v2\/posts"}],"about":[{"href":"https:\/\/elterritorialweb.com.ar\/web\/wp-json\/wp\/v2\/types\/post"}],"author":[{"embeddable":true,"href":"https:\/\/elterritorialweb.com.ar\/web\/wp-json\/wp\/v2\/users\/2"}],"replies":[{"embeddable":true,"href":"https:\/\/elterritorialweb.com.ar\/web\/wp-json\/wp\/v2\/comments?post=82559"}],"version-history":[{"count":1,"href":"https:\/\/elterritorialweb.com.ar\/web\/wp-json\/wp\/v2\/posts\/82559\/revisions"}],"predecessor-version":[{"id":82560,"href":"https:\/\/elterritorialweb.com.ar\/web\/wp-json\/wp\/v2\/posts\/82559\/revisions\/82560"}],"wp:featuredmedia":[{"embeddable":true,"href":"https:\/\/elterritorialweb.com.ar\/web\/wp-json\/wp\/v2\/media\/82557"}],"wp:attachment":[{"href":"https:\/\/elterritorialweb.com.ar\/web\/wp-json\/wp\/v2\/media?parent=82559"}],"wp:term":[{"taxonomy":"category","embeddable":true,"href":"https:\/\/elterritorialweb.com.ar\/web\/wp-json\/wp\/v2\/categories?post=82559"},{"taxonomy":"post_tag","embeddable":true,"href":"https:\/\/elterritorialweb.com.ar\/web\/wp-json\/wp\/v2\/tags?post=82559"}],"curies":[{"name":"wp","href":"https:\/\/api.w.org\/{rel}","templated":true}]}}