{"id":82569,"date":"2026-03-11T17:54:59","date_gmt":"2026-03-11T17:54:59","guid":{"rendered":"https:\/\/elterritorialweb.com.ar\/web\/?p=82569"},"modified":"2026-03-11T17:55:04","modified_gmt":"2026-03-11T17:55:04","slug":"diferentes-areas-municipales-trabajaron-en-la-asistencia-a-vecinos-tras-el-temporal","status":"publish","type":"post","link":"https:\/\/elterritorialweb.com.ar\/web\/diferentes-areas-municipales-trabajaron-en-la-asistencia-a-vecinos-tras-el-temporal\/","title":{"rendered":"DIFERENTES \u00c1REAS MUNICIPALES TRABAJARON EN LA ASISTENCIA A VECINOS TRAS EL TEMPORAL"},"content":{"rendered":"\n<p>\u200bLa Municipalidad de La Banda activ\u00f3 un intenso operativo de emergencia para asistir a las familias damnificadas por el temporal que azot\u00f3 a la ciudad. A trav\u00e9s de un trabajo coordinado entre diversas \u00e1reas operativas y de salud, se brind\u00f3 contenci\u00f3n en territorio a los vecinos, priorizando la seguridad y el bienestar de los sectores m\u00e1s vulnerables.<\/p>\n\n\n\n<h3 class=\"wp-block-heading\">\u200bDespliegue en territorio<\/h3>\n\n\n\n<p>\u200bLas acciones se centraron principalmente en los barrios <strong>Jerusal\u00e9n y San Javier<\/strong>. En el primero, equipos municipales junto al personal del <strong>CAMM N\u00b0 7 (25 de Mayo)<\/strong> realizaron relevamientos de da\u00f1os y tareas de acompa\u00f1amiento. Por su parte, en el barrio San Javier, el personal de la Sala de Primeros Auxilios garantiz\u00f3 la atenci\u00f3n m\u00e9dica necesaria para las familias del sector.<\/p>\n\n\n\n<p>\u200bDebido a la magnitud del fen\u00f3meno, el municipio procedi\u00f3 a la <strong>evacuaci\u00f3n preventiva de 22 personas<\/strong>. Seg\u00fan se inform\u00f3, 16 de ellas permanecen alojadas en el <strong>Centro Comunitario CIC San Carlos<\/strong>, donde reciben asistencia m\u00e9dica, alimentos y ropa seca bajo el protocolo de emergencia vigente.<\/p>\n\n\n\n<h3 class=\"wp-block-heading\">\u200bUn fen\u00f3meno clim\u00e1tico at\u00edpico<\/h3>\n\n\n\n<p>\u200bEl intendente <strong>Roger Nediani<\/strong> supervis\u00f3 las tareas y brind\u00f3 detalles sobre la gravedad de la situaci\u00f3n clim\u00e1tica, calific\u00e1ndola como un evento sin precedentes en las \u00faltimas tres d\u00e9cadas.<\/p>\n\n\n\n<blockquote class=\"wp-block-quote is-layout-flow wp-block-quote-is-layout-flow\">\n<p>\u200b\u00bbEstamos superando los 110 mil\u00edmetros en el d\u00eda, pero en la semana ya hablamos de m\u00e1s de 200 mil\u00edmetros. Desde el 25 de diciembre a la fecha han ca\u00eddo casi 500 mil\u00edmetros; es decir, <strong>la media anual de la regi\u00f3n cay\u00f3 en pr\u00e1cticamente dos meses y medio<\/strong>\u00ab, explic\u00f3 el jefe comunal.<\/p>\n<\/blockquote>\n\n\n\n<h3 class=\"wp-block-heading\">\u200bCapacidad de respuesta y escurrimiento<\/h3>\n\n\n\n<p>\u200bRespecto al funcionamiento de la infraestructura urbana, Nediani se\u00f1al\u00f3 que, pese al volumen hist\u00f3rico de agua, el sistema de drenaje respondi\u00f3 de manera eficiente en la mayor parte del ejido municipal.<\/p>\n\n\n\n<ul class=\"wp-block-list\">\n<li>\u200b<strong>Tiempo de respuesta:<\/strong> La ciudad qued\u00f3 mayormente desagotada en un lapso de entre cuatro y cinco horas.<\/li>\n\n\n\n<li>\u200b<strong>Puntos cr\u00edticos:<\/strong> Las dificultades persisten en asentamientos ubicados en zonas bajas, donde el relieve del terreno ralentiza el escurrimiento natural.<\/li>\n\n\n\n<li>\u200b<strong>Demanda:<\/strong> El municipio canaliz\u00f3 y dio respuesta a m\u00e1s de <strong>200 solicitudes de ayuda<\/strong> directa durante la jornada.<\/li>\n<\/ul>\n\n\n\n<p>\u200bFinalmente, el intendente destac\u00f3 el compromiso del personal municipal que se mantiene en alerta permanente para asistir a los vecinos hasta que la situaci\u00f3n clim\u00e1tica se normalice y las familias evacuadas puedan retornar a sus hogares de manera segura.<\/p>\n","protected":false},"excerpt":{"rendered":"<p>Tras registrarse precipitaciones que superaron los 110 mil\u00edmetros en una sola jornada, el municipio despleg\u00f3 operativos de relevamiento, atenci\u00f3n sanitaria y evacuaci\u00f3n preventiva en los sectores m\u00e1s afectados.<\/p>\n","protected":false},"author":2,"featured_media":82570,"comment_status":"open","ping_status":"open","sticky":false,"template":"","format":"standard","meta":{"om_disable_all_campaigns":false,"_monsterinsights_skip_tracking":false,"_monsterinsights_sitenote_active":false,"_monsterinsights_sitenote_note":"","_monsterinsights_sitenote_category":0,"_uf_show_specific_survey":0,"_uf_disable_surveys":false,"jetpack_post_was_ever_published":false,"_jetpack_newsletter_access":"","_jetpack_dont_email_post_to_subs":false,"_jetpack_newsletter_tier_id":0,"_jetpack_memberships_contains_paywalled_content":false,"_jetpack_memberships_contains_paid_content":false,"footnotes":"","jetpack_publicize_message":"","jetpack_publicize_feature_enabled":true,"jetpack_social_post_already_shared":true,"jetpack_social_options":{"image_generator_settings":{"template":"highway","default_image_id":0,"font":"","enabled":false},"version":2}},"categories":[9,4],"tags":[],"class_list":["post-82569","post","type-post","status-publish","format-standard","has-post-thumbnail","hentry","category-banda","category-destacadas"],"aioseo_notices":[],"views":9,"jetpack_publicize_connections":[],"jetpack_featured_media_url":"https:\/\/i0.wp.com\/elterritorialweb.com.ar\/web\/wp-content\/uploads\/2026\/03\/IMG-20260311-WA0024.jpg?fit=1258%2C991&ssl=1","jetpack_sharing_enabled":true,"_links":{"self":[{"href":"https:\/\/elterritorialweb.com.ar\/web\/wp-json\/wp\/v2\/posts\/82569","targetHints":{"allow":["GET"]}}],"collection":[{"href":"https:\/\/elterritorialweb.com.ar\/web\/wp-json\/wp\/v2\/posts"}],"about":[{"href":"https:\/\/elterritorialweb.com.ar\/web\/wp-json\/wp\/v2\/types\/post"}],"author":[{"embeddable":true,"href":"https:\/\/elterritorialweb.com.ar\/web\/wp-json\/wp\/v2\/users\/2"}],"replies":[{"embeddable":true,"href":"https:\/\/elterritorialweb.com.ar\/web\/wp-json\/wp\/v2\/comments?post=82569"}],"version-history":[{"count":1,"href":"https:\/\/elterritorialweb.com.ar\/web\/wp-json\/wp\/v2\/posts\/82569\/revisions"}],"predecessor-version":[{"id":82571,"href":"https:\/\/elterritorialweb.com.ar\/web\/wp-json\/wp\/v2\/posts\/82569\/revisions\/82571"}],"wp:featuredmedia":[{"embeddable":true,"href":"https:\/\/elterritorialweb.com.ar\/web\/wp-json\/wp\/v2\/media\/82570"}],"wp:attachment":[{"href":"https:\/\/elterritorialweb.com.ar\/web\/wp-json\/wp\/v2\/media?parent=82569"}],"wp:term":[{"taxonomy":"category","embeddable":true,"href":"https:\/\/elterritorialweb.com.ar\/web\/wp-json\/wp\/v2\/categories?post=82569"},{"taxonomy":"post_tag","embeddable":true,"href":"https:\/\/elterritorialweb.com.ar\/web\/wp-json\/wp\/v2\/tags?post=82569"}],"curies":[{"name":"wp","href":"https:\/\/api.w.org\/{rel}","templated":true}]}}