{"id":82572,"date":"2026-03-11T18:04:13","date_gmt":"2026-03-11T18:04:13","guid":{"rendered":"https:\/\/elterritorialweb.com.ar\/web\/?p=82572"},"modified":"2026-03-11T18:04:16","modified_gmt":"2026-03-11T18:04:16","slug":"el-ministerio-de-salud-lanzo-la-campana-de-vacunacion-antigripal-2026","status":"publish","type":"post","link":"https:\/\/elterritorialweb.com.ar\/web\/el-ministerio-de-salud-lanzo-la-campana-de-vacunacion-antigripal-2026\/","title":{"rendered":"\u200bEL MINISTERIO DE SALUD LANZ\u00d3 LA CAMPA\u00d1A DE VACUNACI\u00d3N ANTIGRIPAL 2026"},"content":{"rendered":"\n<p>\u200bEn un acto oficial realizado este mi\u00e9rcoles en la Residencia de Larga Estad\u00eda para Adultos Mayores \u201cMama Antula\u201d, en la ciudad de La Banda, el Ministerio de Salud de la Provincia dio inicio formal a la <strong>Campa\u00f1a de Vacunaci\u00f3n Antigripal 2026<\/strong>. La medida busca anticiparse a la temporada invernal y mitigar el impacto de los virus respiratorios en la poblaci\u00f3n.<\/p>\n\n\n\n<p>\u200bEl lanzamiento fue encabezado por la ministra de Salud, <strong>Natividad Nassif<\/strong>, junto al ministro de Desarrollo Social, <strong>\u00c1ngel Niccolai<\/strong>. Ambos funcionarios destacaron la importancia estrat\u00e9gica de adelantar el cronograma de inmunizaci\u00f3n para controlar la circulaci\u00f3n de una <strong>nueva variante de influenza A (H3N2)<\/strong> detectada recientemente.<\/p>\n\n\n\n<h3 class=\"wp-block-heading\">\u200bCobertura y Grupos Prioritarios<\/h3>\n\n\n\n<p>\u200bDurante la jornada, que cont\u00f3 con el despliegue de los equipos de salud de la Capital, la ministra Nassif detall\u00f3 qui\u00e9nes deben recibir la dosis de manera prioritaria:<\/p>\n\n\n\n<ul class=\"wp-block-list\">\n<li>\u200b<strong>Ni\u00f1os y ni\u00f1as:<\/strong> Entre 6 y 24 meses de edad.<\/li>\n\n\n\n<li>\u200b<strong>Personas gestantes:<\/strong> Embarazadas en cualquier trimestre y pu\u00e9rperas (hasta 10 d\u00edas tras el egreso si no fueron vacunadas previamente).<\/li>\n\n\n\n<li>\u200b<strong>Adultos mayores:<\/strong> Personas de 65 a\u00f1os en adelante.<\/li>\n\n\n\n<li>\u200b<strong>Personal esencial:<\/strong> Trabajadores de la salud.<\/li>\n\n\n\n<li>\u200b<strong>Grupos de riesgo:<\/strong> Personas con patolog\u00edas de base, sin l\u00edmite de edad.<\/li>\n<\/ul>\n\n\n\n<figure class=\"wp-block-image size-large\"><a href=\"https:\/\/i0.wp.com\/elterritorialweb.com.ar\/web\/wp-content\/uploads\/2026\/03\/1000359596-scaled.jpg?ssl=1\"><img data-recalc-dims=\"1\" decoding=\"async\" width=\"640\" height=\"427\" data-src=\"https:\/\/i0.wp.com\/elterritorialweb.com.ar\/web\/wp-content\/uploads\/2026\/03\/1000359596-1024x683.jpg?resize=640%2C427&#038;ssl=1\" alt=\"\" class=\"wp-image-82574 lazyload\" data-srcset=\"https:\/\/i0.wp.com\/elterritorialweb.com.ar\/web\/wp-content\/uploads\/2026\/03\/1000359596-scaled.jpg?resize=1024%2C683&amp;ssl=1 1024w, https:\/\/i0.wp.com\/elterritorialweb.com.ar\/web\/wp-content\/uploads\/2026\/03\/1000359596-scaled.jpg?resize=300%2C200&amp;ssl=1 300w, https:\/\/i0.wp.com\/elterritorialweb.com.ar\/web\/wp-content\/uploads\/2026\/03\/1000359596-scaled.jpg?resize=768%2C512&amp;ssl=1 768w, https:\/\/i0.wp.com\/elterritorialweb.com.ar\/web\/wp-content\/uploads\/2026\/03\/1000359596-scaled.jpg?resize=1536%2C1024&amp;ssl=1 1536w, https:\/\/i0.wp.com\/elterritorialweb.com.ar\/web\/wp-content\/uploads\/2026\/03\/1000359596-scaled.jpg?resize=2048%2C1365&amp;ssl=1 2048w, https:\/\/i0.wp.com\/elterritorialweb.com.ar\/web\/wp-content\/uploads\/2026\/03\/1000359596-scaled.jpg?w=1280 1280w, https:\/\/i0.wp.com\/elterritorialweb.com.ar\/web\/wp-content\/uploads\/2026\/03\/1000359596-scaled.jpg?w=1920 1920w\" data-sizes=\"(max-width: 640px) 100vw, 640px\" src=\"data:image\/svg+xml;base64,PHN2ZyB3aWR0aD0iMSIgaGVpZ2h0PSIxIiB4bWxucz0iaHR0cDovL3d3dy53My5vcmcvMjAwMC9zdmciPjwvc3ZnPg==\" style=\"--smush-placeholder-width: 640px; --smush-placeholder-aspect-ratio: 640\/427;\" \/><\/a><\/figure>\n\n\n\n<p>\u200b\u00bbLa vacuna ya se encuentra disponible en hospitales p\u00fablicos, centros de salud y vacunatorios de toda la provincia. Adem\u00e1s, es importante recordar que puede aplicarse de manera <strong>simult\u00e1nea con otras vacunas<\/strong> del calendario\u00bb, precis\u00f3 la titular de la cartera sanitaria.<\/p>\n\n\n\n<h3 class=\"wp-block-heading\">\u200bArticulaci\u00f3n del sistema sanitario<\/h3>\n\n\n\n<p>\u200bPor su parte, la jefa de Inmunizaciones, <strong>Florencia Coronel<\/strong>, subray\u00f3 el trabajo coordinado entre los distintos niveles de atenci\u00f3n para \u00abgarantizar mayor inmunidad en los sectores vulnerables y reducir complicaciones graves que puedan saturar el sistema de salud\u00bb.<\/p>\n\n\n\n<p>\u200bEl evento cont\u00f3 adem\u00e1s con la presencia del secretario de Salud, Gustavo Sabalza; el subsecretario de Desarrollo Social, Ramiro Banco; y referentes de las direcciones de APS y el programa Materno Infanto Juvenil, consolidando un frente com\u00fan ante la situaci\u00f3n epidemiol\u00f3gica actual.<\/p>\n\n\n\n<p><\/p>\n","protected":false},"excerpt":{"rendered":"<p>Las autoridades sanitarias iniciaron el operativo en la ciudad de La Banda, priorizando a los grupos de riesgo ante la aparici\u00f3n de una nueva variante de influenza.<\/p>\n","protected":false},"author":2,"featured_media":82573,"comment_status":"open","ping_status":"open","sticky":false,"template":"","format":"standard","meta":{"om_disable_all_campaigns":false,"_monsterinsights_skip_tracking":false,"_monsterinsights_sitenote_active":false,"_monsterinsights_sitenote_note":"","_monsterinsights_sitenote_category":0,"_uf_show_specific_survey":0,"_uf_disable_surveys":false,"jetpack_post_was_ever_published":false,"_jetpack_newsletter_access":"","_jetpack_dont_email_post_to_subs":false,"_jetpack_newsletter_tier_id":0,"_jetpack_memberships_contains_paywalled_content":false,"_jetpack_memberships_contains_paid_content":false,"footnotes":"","jetpack_publicize_message":"","jetpack_publicize_feature_enabled":true,"jetpack_social_post_already_shared":true,"jetpack_social_options":{"image_generator_settings":{"template":"highway","default_image_id":0,"font":"","enabled":false},"version":2}},"categories":[4,3],"tags":[1643,287],"class_list":["post-82572","post","type-post","status-publish","format-standard","has-post-thumbnail","hentry","category-destacadas","category-salud","tag-campana-de-vacunacion-antigripal","tag-ministerio-de-salud-de-santiago-del-estero"],"aioseo_notices":[],"views":6,"jetpack_publicize_connections":[],"jetpack_featured_media_url":"https:\/\/i0.wp.com\/elterritorialweb.com.ar\/web\/wp-content\/uploads\/2026\/03\/IMG-20260311-WA0034-scaled.jpg?fit=2560%2C1706&ssl=1","jetpack_sharing_enabled":true,"_links":{"self":[{"href":"https:\/\/elterritorialweb.com.ar\/web\/wp-json\/wp\/v2\/posts\/82572","targetHints":{"allow":["GET"]}}],"collection":[{"href":"https:\/\/elterritorialweb.com.ar\/web\/wp-json\/wp\/v2\/posts"}],"about":[{"href":"https:\/\/elterritorialweb.com.ar\/web\/wp-json\/wp\/v2\/types\/post"}],"author":[{"embeddable":true,"href":"https:\/\/elterritorialweb.com.ar\/web\/wp-json\/wp\/v2\/users\/2"}],"replies":[{"embeddable":true,"href":"https:\/\/elterritorialweb.com.ar\/web\/wp-json\/wp\/v2\/comments?post=82572"}],"version-history":[{"count":1,"href":"https:\/\/elterritorialweb.com.ar\/web\/wp-json\/wp\/v2\/posts\/82572\/revisions"}],"predecessor-version":[{"id":82575,"href":"https:\/\/elterritorialweb.com.ar\/web\/wp-json\/wp\/v2\/posts\/82572\/revisions\/82575"}],"wp:featuredmedia":[{"embeddable":true,"href":"https:\/\/elterritorialweb.com.ar\/web\/wp-json\/wp\/v2\/media\/82573"}],"wp:attachment":[{"href":"https:\/\/elterritorialweb.com.ar\/web\/wp-json\/wp\/v2\/media?parent=82572"}],"wp:term":[{"taxonomy":"category","embeddable":true,"href":"https:\/\/elterritorialweb.com.ar\/web\/wp-json\/wp\/v2\/categories?post=82572"},{"taxonomy":"post_tag","embeddable":true,"href":"https:\/\/elterritorialweb.com.ar\/web\/wp-json\/wp\/v2\/tags?post=82572"}],"curies":[{"name":"wp","href":"https:\/\/api.w.org\/{rel}","templated":true}]}}