{"id":82586,"date":"2026-03-12T18:05:02","date_gmt":"2026-03-12T18:05:02","guid":{"rendered":"https:\/\/elterritorialweb.com.ar\/web\/?p=82586"},"modified":"2026-03-12T18:05:06","modified_gmt":"2026-03-12T18:05:06","slug":"senadores-por-santiago-del-estero-renuncian-al-aumento-salarial-en-la-camara-alta","status":"publish","type":"post","link":"https:\/\/elterritorialweb.com.ar\/web\/senadores-por-santiago-del-estero-renuncian-al-aumento-salarial-en-la-camara-alta\/","title":{"rendered":"SENADORES POR SANTIAGO DEL ESTERO RENUNCIAN AL AUMENTO SALARIAL EN LA C\u00c1MARA ALTA"},"content":{"rendered":"\n<p>\u200b\u200bEn una jornada marcada por la pol\u00e9mica en torno a las actualizaciones salariales del Poder Legislativo, los tres representantes de la provincia de Santiago del Estero en el Senado de la Naci\u00f3n oficializaron hoy su decisi\u00f3n de <strong>renunciar al incremento de haberes<\/strong>.<\/p>\n\n\n\n<p>\u200bA trav\u00e9s de una nota dirigida a la Presidenta del Cuerpo, <strong>Dra. Victoria Villarruel<\/strong>, y con sello de recepci\u00f3n de este 12 de marzo de 2026, los senadores <strong>Gerardo Zamora, Jos\u00e9 Emilio Neder y Elia Esther del Carmen Moreno<\/strong> manifestaron su rechazo a la medida que hubiese llevado sus sueldos a una cifra superior a los 11 millones de pesos mensuales.<\/p>\n\n\n\n<h3 class=\"wp-block-heading\">\u200bAusteridad y transparencia<\/h3>\n\n\n\n<p>\u200bEn el documento presentado, los legisladores calificaron el aumento como <strong>\u00abinoportuno\u00bb<\/strong>, vinculando su postura con la delicada situaci\u00f3n econ\u00f3mica que atraviesa la Rep\u00fablica Argentina. Seg\u00fan expresaron, la renuncia busca \u00abcontribuir a la austeridad y transparencia en el uso de los recursos p\u00fablicos\u00bb.<\/p>\n\n\n\n<figure class=\"wp-block-image size-full\"><a href=\"https:\/\/i0.wp.com\/elterritorialweb.com.ar\/web\/wp-content\/uploads\/2026\/03\/1000360872.jpg?ssl=1\"><img data-recalc-dims=\"1\" decoding=\"async\" width=\"640\" height=\"800\" data-src=\"https:\/\/i0.wp.com\/elterritorialweb.com.ar\/web\/wp-content\/uploads\/2026\/03\/1000360872.jpg?resize=640%2C800&#038;ssl=1\" alt=\"\" class=\"wp-image-82588 lazyload\" data-srcset=\"https:\/\/i0.wp.com\/elterritorialweb.com.ar\/web\/wp-content\/uploads\/2026\/03\/1000360872.jpg?w=726&amp;ssl=1 726w, https:\/\/i0.wp.com\/elterritorialweb.com.ar\/web\/wp-content\/uploads\/2026\/03\/1000360872.jpg?resize=240%2C300&amp;ssl=1 240w\" data-sizes=\"(max-width: 640px) 100vw, 640px\" src=\"data:image\/svg+xml;base64,PHN2ZyB3aWR0aD0iMSIgaGVpZ2h0PSIxIiB4bWxucz0iaHR0cDovL3d3dy53My5vcmcvMjAwMC9zdmciPjwvc3ZnPg==\" style=\"--smush-placeholder-width: 640px; --smush-placeholder-aspect-ratio: 640\/800;\" \/><\/a><\/figure>\n\n\n\n<p>\u200bEl anuncio fue reforzado por el propio <strong>Gerardo Zamora<\/strong> a trav\u00e9s de sus redes sociales, quien aclar\u00f3 que la medida se tom\u00f3 de forma un\u00e1nime por el bloque santiague\u00f1o ante las versiones period\u00edsticas que daban cuenta de la inminente suba en las dietas.<\/p>\n\n\n\n<h3 class=\"wp-block-heading\">\u200bImpacto pol\u00edtico<\/h3>\n\n\n\n<p>\u200bEste gesto de los senadores santiague\u00f1os se produce en un clima de fuerte escrutinio social sobre los gastos del Congreso. La presentaci\u00f3n formal de la nota marca un precedente en la actual gesti\u00f3n legislativa, poniendo bajo la lupa la disparidad entre los ingresos parlamentarios y la realidad del sector p\u00fablico y privado en las provincias.<\/p>\n","protected":false},"excerpt":{"rendered":"<p>Los legisladores Gerardo Zamora, Jos\u00e9 Emilio Neder y Elia Moreno presentaron una nota formal ante la Vicepresidencia de la Naci\u00f3n rechazando el incremento que elevar\u00eda sus dietas a 11 millones de pesos.<\/p>\n","protected":false},"author":2,"featured_media":82587,"comment_status":"open","ping_status":"open","sticky":false,"template":"","format":"standard","meta":{"om_disable_all_campaigns":false,"_monsterinsights_skip_tracking":false,"_monsterinsights_sitenote_active":false,"_monsterinsights_sitenote_note":"","_monsterinsights_sitenote_category":0,"_uf_show_specific_survey":0,"_uf_disable_surveys":false,"jetpack_post_was_ever_published":false,"_jetpack_newsletter_access":"","_jetpack_dont_email_post_to_subs":false,"_jetpack_newsletter_tier_id":0,"_jetpack_memberships_contains_paywalled_content":false,"_jetpack_memberships_contains_paid_content":false,"footnotes":"","jetpack_publicize_message":"","jetpack_publicize_feature_enabled":true,"jetpack_social_post_already_shared":true,"jetpack_social_options":{"image_generator_settings":{"template":"highway","default_image_id":0,"font":"","enabled":false},"version":2}},"categories":[4,21],"tags":[59,262],"class_list":["post-82586","post","type-post","status-publish","format-standard","has-post-thumbnail","hentry","category-destacadas","category-locales","tag-gerardo-zamora","tag-senado-de-la-nacion"],"aioseo_notices":[],"views":10,"jetpack_publicize_connections":[],"jetpack_featured_media_url":"https:\/\/i0.wp.com\/elterritorialweb.com.ar\/web\/wp-content\/uploads\/2026\/03\/FB_IMG_1773338562515.jpg?fit=1440%2C959&ssl=1","jetpack_sharing_enabled":true,"_links":{"self":[{"href":"https:\/\/elterritorialweb.com.ar\/web\/wp-json\/wp\/v2\/posts\/82586","targetHints":{"allow":["GET"]}}],"collection":[{"href":"https:\/\/elterritorialweb.com.ar\/web\/wp-json\/wp\/v2\/posts"}],"about":[{"href":"https:\/\/elterritorialweb.com.ar\/web\/wp-json\/wp\/v2\/types\/post"}],"author":[{"embeddable":true,"href":"https:\/\/elterritorialweb.com.ar\/web\/wp-json\/wp\/v2\/users\/2"}],"replies":[{"embeddable":true,"href":"https:\/\/elterritorialweb.com.ar\/web\/wp-json\/wp\/v2\/comments?post=82586"}],"version-history":[{"count":1,"href":"https:\/\/elterritorialweb.com.ar\/web\/wp-json\/wp\/v2\/posts\/82586\/revisions"}],"predecessor-version":[{"id":82589,"href":"https:\/\/elterritorialweb.com.ar\/web\/wp-json\/wp\/v2\/posts\/82586\/revisions\/82589"}],"wp:featuredmedia":[{"embeddable":true,"href":"https:\/\/elterritorialweb.com.ar\/web\/wp-json\/wp\/v2\/media\/82587"}],"wp:attachment":[{"href":"https:\/\/elterritorialweb.com.ar\/web\/wp-json\/wp\/v2\/media?parent=82586"}],"wp:term":[{"taxonomy":"category","embeddable":true,"href":"https:\/\/elterritorialweb.com.ar\/web\/wp-json\/wp\/v2\/categories?post=82586"},{"taxonomy":"post_tag","embeddable":true,"href":"https:\/\/elterritorialweb.com.ar\/web\/wp-json\/wp\/v2\/tags?post=82586"}],"curies":[{"name":"wp","href":"https:\/\/api.w.org\/{rel}","templated":true}]}}