{"id":82594,"date":"2026-03-13T01:38:03","date_gmt":"2026-03-13T01:38:03","guid":{"rendered":"https:\/\/elterritorialweb.com.ar\/web\/?p=82594"},"modified":"2026-03-13T01:38:07","modified_gmt":"2026-03-13T01:38:07","slug":"noelia-pace-presenta-mediumnidad-en-las-termas-de-rio-hondo","status":"publish","type":"post","link":"https:\/\/elterritorialweb.com.ar\/web\/noelia-pace-presenta-mediumnidad-en-las-termas-de-rio-hondo\/","title":{"rendered":"NOELIA PACE PRESENTA \u201cMEDIUMNIDAD\u201d EN LAS TERMAS DE R\u00cdO HONDO"},"content":{"rendered":"\n<p>\u200b\u200bLa ciudad de Las Termas de R\u00edo Hondo se prepara para recibir a una de las figuras m\u00e1s impactantes del \u00e1mbito espiritual en la actualidad. <strong>Noelia Pace<\/strong> regresa a Santiago del Estero con su experiencia <strong>\u201cMediumnidad\u201d<\/strong>, un encuentro dise\u00f1ado para que los asistentes logren comunicar, sentir y vibrar con las almas, bajo la premisa de que la muerte no es un final, sino una transformaci\u00f3n que alcanza tanto a quienes parten como a quienes permanecen en el plano terrenal.<\/p>\n\n\n\n<p>\u200bPace, quien adem\u00e1s es tarotista y astr\u00f3loga, marc\u00f3 un hito en 2021 y 2022 al convertirse en la primera m\u00e9dium en trasladar sus sesiones \u2014habitualmente reservadas a la intimidad\u2014 a las salas teatrales. Su popularidad escal\u00f3 tras predecir con exactitud la final del Mundial de F\u00fatbol en Am\u00e9rica24 y por sus resonantes participaciones en el podcast <em>La Cruda<\/em> de Migue Granados, as\u00ed como por los mensajes transmitidos a figuras como Flor de la V y Maju Lozano.<\/p>\n\n\n\n<p>\u200bSobre la din\u00e1mica de sus presentaciones, Pace explica: <em>\u201cEn mis sesiones abiertas, trabajo con herramientas para conectar individual y grupalmente, sanar y tratar varios casos que se presentan entre los asistentes. Soy feliz brindando mi don a aquellos que quieren saber qu\u00e9 pas\u00f3 con sus seres queridos, en qu\u00e9 plano se encuentran o si hay pedidos de disculpas y palabras de afecto\u201d<\/em>.<\/p>\n\n\n\n<p>\u200bTras una exitosa gira que comenz\u00f3 en marzo de 2023 recorriendo Montevideo, Capital Federal y diversos puntos de Latinoam\u00e9rica, la m\u00e9dium llega a la ciudad termal con una propuesta que desaf\u00eda las creencias convencionales y busca abrir la mente hacia nuevas dimensiones de entendimiento.<\/p>\n\n\n\n<p>\u200b<strong>Detalles del evento:<\/strong><\/p>\n\n\n\n<ul class=\"wp-block-list\">\n<li>\u200b<strong>Fecha:<\/strong> S\u00e1bado 16 de mayo.<\/li>\n\n\n\n<li>\u200b<strong>Horario:<\/strong> 20:30 horas.<\/li>\n\n\n\n<li>\u200b<strong>Lugar:<\/strong> Centro Cultural General San Mart\u00edn, Termas de R\u00edo Hondo.<\/li>\n\n\n\n<li>\u200b<strong>Entradas:<\/strong> Disponibles a trav\u00e9s de la plataforma Entradashow.com.<\/li>\n<\/ul>\n","protected":false},"excerpt":{"rendered":"<p>La reconocida m\u00e9dium y vidente llega al Centro Cultural General San Mart\u00edn con una propuesta que invita a conectar con el plano espiritual y transformar la visi\u00f3n sobre la vida y la muerte.<\/p>\n","protected":false},"author":2,"featured_media":82595,"comment_status":"open","ping_status":"open","sticky":false,"template":"","format":"standard","meta":{"om_disable_all_campaigns":false,"_monsterinsights_skip_tracking":false,"_monsterinsights_sitenote_active":false,"_monsterinsights_sitenote_note":"","_monsterinsights_sitenote_category":0,"_uf_show_specific_survey":0,"_uf_disable_surveys":false,"jetpack_post_was_ever_published":false,"_jetpack_newsletter_access":"","_jetpack_dont_email_post_to_subs":false,"_jetpack_newsletter_tier_id":0,"_jetpack_memberships_contains_paywalled_content":false,"_jetpack_memberships_contains_paid_content":false,"footnotes":"","jetpack_publicize_message":"","jetpack_publicize_feature_enabled":true,"jetpack_social_post_already_shared":true,"jetpack_social_options":{"image_generator_settings":{"template":"highway","default_image_id":0,"font":"","enabled":false},"version":2}},"categories":[4,20],"tags":[784,42],"class_list":["post-82594","post","type-post","status-publish","format-standard","has-post-thumbnail","hentry","category-destacadas","category-especysociales","tag-noelia-pace","tag-termas-de-rio-hondo"],"aioseo_notices":[],"views":102,"jetpack_publicize_connections":[],"jetpack_featured_media_url":"https:\/\/i0.wp.com\/elterritorialweb.com.ar\/web\/wp-content\/uploads\/2026\/03\/IMG-20260312-WA0119.jpg?fit=1171%2C1134&ssl=1","jetpack_sharing_enabled":true,"_links":{"self":[{"href":"https:\/\/elterritorialweb.com.ar\/web\/wp-json\/wp\/v2\/posts\/82594","targetHints":{"allow":["GET"]}}],"collection":[{"href":"https:\/\/elterritorialweb.com.ar\/web\/wp-json\/wp\/v2\/posts"}],"about":[{"href":"https:\/\/elterritorialweb.com.ar\/web\/wp-json\/wp\/v2\/types\/post"}],"author":[{"embeddable":true,"href":"https:\/\/elterritorialweb.com.ar\/web\/wp-json\/wp\/v2\/users\/2"}],"replies":[{"embeddable":true,"href":"https:\/\/elterritorialweb.com.ar\/web\/wp-json\/wp\/v2\/comments?post=82594"}],"version-history":[{"count":1,"href":"https:\/\/elterritorialweb.com.ar\/web\/wp-json\/wp\/v2\/posts\/82594\/revisions"}],"predecessor-version":[{"id":82596,"href":"https:\/\/elterritorialweb.com.ar\/web\/wp-json\/wp\/v2\/posts\/82594\/revisions\/82596"}],"wp:featuredmedia":[{"embeddable":true,"href":"https:\/\/elterritorialweb.com.ar\/web\/wp-json\/wp\/v2\/media\/82595"}],"wp:attachment":[{"href":"https:\/\/elterritorialweb.com.ar\/web\/wp-json\/wp\/v2\/media?parent=82594"}],"wp:term":[{"taxonomy":"category","embeddable":true,"href":"https:\/\/elterritorialweb.com.ar\/web\/wp-json\/wp\/v2\/categories?post=82594"},{"taxonomy":"post_tag","embeddable":true,"href":"https:\/\/elterritorialweb.com.ar\/web\/wp-json\/wp\/v2\/tags?post=82594"}],"curies":[{"name":"wp","href":"https:\/\/api.w.org\/{rel}","templated":true}]}}