{"id":82597,"date":"2026-03-13T01:48:15","date_gmt":"2026-03-13T01:48:15","guid":{"rendered":"https:\/\/elterritorialweb.com.ar\/web\/?p=82597"},"modified":"2026-03-13T01:48:17","modified_gmt":"2026-03-13T01:48:17","slug":"santiago-del-estero-se-posiciona-entre-las-provincias-con-menor-consumo-de-sustancias-en-estudiantes-secundarios","status":"publish","type":"post","link":"https:\/\/elterritorialweb.com.ar\/web\/santiago-del-estero-se-posiciona-entre-las-provincias-con-menor-consumo-de-sustancias-en-estudiantes-secundarios\/","title":{"rendered":"SANTIAGO DEL ESTERO SE POSICIONA ENTRE LAS PROVINCIAS CON MENOR CONSUMO DE SUSTANCIAS EN ESTUDIANTES SECUNDARIOS"},"content":{"rendered":"\n<p>\u200bLos resultados del <strong>7\u00ba Estudio Nacional sobre Consumo de Sustancias Psicoactivas en Estudiantes de Ense\u00f1anza Secundaria (2025)<\/strong> han arrojado un balance positivo para Santiago del Estero. Seg\u00fan el informe elaborado por el <strong>Observatorio Argentino de Drogas<\/strong>, la provincia se ubica como una de las jurisdicciones con menores niveles de consumo de sustancias y comportamientos adictivos entre adolescentes en todo el pa\u00eds.<\/p>\n\n\n\n<p>\u200bEl relevamiento, que alcanz\u00f3 a m\u00e1s de 2 millones de estudiantes en 1.085 establecimientos educativos de Argentina, cont\u00f3 con la participaci\u00f3n de <strong>45.455 alumnos santiague\u00f1os<\/strong>. Esta muestra representativa permiti\u00f3 trazar un diagn\u00f3stico preciso de la realidad local frente al promedio federal.<\/p>\n\n\n\n<h3 class=\"wp-block-heading\">\u200bLos ejes del informe: Alcohol, tabaco y nuevas tendencias<\/h3>\n\n\n\n<p>\u200bEl estudio destaca que Santiago del Estero presenta un perfil de consumo significativamente bajo en variables cr\u00edticas que afectan a la juventud actual. Entre los puntos m\u00e1s relevantes se encuentran:<\/p>\n\n\n\n<ul class=\"wp-block-list\">\n<li>\u200b<strong>Sustancias tradicionales:<\/strong> Menor prevalencia en el consumo de alcohol y tabaco.<\/li>\n\n\n\n<li>\u200b<strong>Nuevos consumos:<\/strong> Cifras reducidas en el uso de vapeadores (cigarrillos electr\u00f3nicos) y bebidas energizantes.<\/li>\n\n\n\n<li>\u200b<strong>Conductas adictivas:<\/strong> La provincia tambi\u00e9n se sit\u00faa entre las de menor \u00edndice en apuestas, tanto en la modalidad presencial como online.<\/li>\n<\/ul>\n\n\n\n<h3 class=\"wp-block-heading\">\u200bEl desaf\u00edo de los psicof\u00e1rmacos<\/h3>\n\n\n\n<p>\u200bUn dato que llam\u00f3 la atenci\u00f3n de los analistas es la situaci\u00f3n de los psicof\u00e1rmacos (tranquilizantes y estimulantes). Si bien Santiago del Estero se mantiene en un nivel <strong>medio-bajo<\/strong> a escala nacional, los expertos advierten sobre la necesidad de monitorear la automedicaci\u00f3n y la accesibilidad de estos medicamentos dentro del \u00e1mbito dom\u00e9stico.<\/p>\n\n\n\n<h3 class=\"wp-block-heading\">\u200bFortalecimiento de las pol\u00edticas p\u00fablicas<\/h3>\n\n\n\n<p>\u200bDesde el Gobierno provincial informaron que estos resultados no solo sirven como diagn\u00f3stico, sino como base para profundizar las estrategias de prevenci\u00f3n. El objetivo es potenciar la red de abordaje de adicciones que integra a efectores p\u00fablicos, privados, ONGs, Hogares de Cristo e instituciones religiosas.<\/p>\n\n\n\n<blockquote class=\"wp-block-quote is-layout-flow wp-block-quote-is-layout-flow\">\n<p>\u200b\u00bbLa evidencia generada es clave para dise\u00f1ar entornos saludables y pol\u00edticas p\u00fablicas que protejan a nuestras adolescencias\u00bb, se\u00f1alaron fuentes oficiales tras la difusi\u00f3n del informe.<\/p>\n<\/blockquote>\n\n\n\n<p>\u200bEl documento completo, que detalla la situaci\u00f3n de cada jurisdicci\u00f3n, ya se encuentra disponible para su consulta p\u00fablica en el portal oficial del Gobierno Nacional.<\/p>\n","protected":false},"excerpt":{"rendered":"<p>Los datos surgen del 7\u00ba Estudio Nacional del Observatorio Argentino de Drogas. La provincia registra \u00edndices de prevalencia por debajo de la media nacional en alcohol, tabaco y apuestas online.<\/p>\n","protected":false},"author":2,"featured_media":72181,"comment_status":"open","ping_status":"open","sticky":false,"template":"","format":"standard","meta":{"om_disable_all_campaigns":false,"_monsterinsights_skip_tracking":false,"_monsterinsights_sitenote_active":false,"_monsterinsights_sitenote_note":"","_monsterinsights_sitenote_category":0,"_uf_show_specific_survey":0,"_uf_disable_surveys":false,"jetpack_post_was_ever_published":false,"_jetpack_newsletter_access":"","_jetpack_dont_email_post_to_subs":false,"_jetpack_newsletter_tier_id":0,"_jetpack_memberships_contains_paywalled_content":false,"_jetpack_memberships_contains_paid_content":false,"footnotes":"","jetpack_publicize_message":"","jetpack_publicize_feature_enabled":true,"jetpack_social_post_already_shared":true,"jetpack_social_options":{"image_generator_settings":{"template":"highway","default_image_id":0,"font":"","enabled":false},"version":2}},"categories":[4,7],"tags":[],"class_list":["post-82597","post","type-post","status-publish","format-standard","has-post-thumbnail","hentry","category-destacadas","category-nacionales"],"aioseo_notices":[],"views":13,"jetpack_publicize_connections":[],"jetpack_featured_media_url":"https:\/\/i0.wp.com\/elterritorialweb.com.ar\/web\/wp-content\/uploads\/2024\/12\/CLIMA-EN-SANTIAGO.jpg?fit=1280%2C720&ssl=1","jetpack_sharing_enabled":true,"_links":{"self":[{"href":"https:\/\/elterritorialweb.com.ar\/web\/wp-json\/wp\/v2\/posts\/82597","targetHints":{"allow":["GET"]}}],"collection":[{"href":"https:\/\/elterritorialweb.com.ar\/web\/wp-json\/wp\/v2\/posts"}],"about":[{"href":"https:\/\/elterritorialweb.com.ar\/web\/wp-json\/wp\/v2\/types\/post"}],"author":[{"embeddable":true,"href":"https:\/\/elterritorialweb.com.ar\/web\/wp-json\/wp\/v2\/users\/2"}],"replies":[{"embeddable":true,"href":"https:\/\/elterritorialweb.com.ar\/web\/wp-json\/wp\/v2\/comments?post=82597"}],"version-history":[{"count":1,"href":"https:\/\/elterritorialweb.com.ar\/web\/wp-json\/wp\/v2\/posts\/82597\/revisions"}],"predecessor-version":[{"id":82598,"href":"https:\/\/elterritorialweb.com.ar\/web\/wp-json\/wp\/v2\/posts\/82597\/revisions\/82598"}],"wp:featuredmedia":[{"embeddable":true,"href":"https:\/\/elterritorialweb.com.ar\/web\/wp-json\/wp\/v2\/media\/72181"}],"wp:attachment":[{"href":"https:\/\/elterritorialweb.com.ar\/web\/wp-json\/wp\/v2\/media?parent=82597"}],"wp:term":[{"taxonomy":"category","embeddable":true,"href":"https:\/\/elterritorialweb.com.ar\/web\/wp-json\/wp\/v2\/categories?post=82597"},{"taxonomy":"post_tag","embeddable":true,"href":"https:\/\/elterritorialweb.com.ar\/web\/wp-json\/wp\/v2\/tags?post=82597"}],"curies":[{"name":"wp","href":"https:\/\/api.w.org\/{rel}","templated":true}]}}