{"id":82601,"date":"2026-03-13T02:19:24","date_gmt":"2026-03-13T02:19:24","guid":{"rendered":"https:\/\/elterritorialweb.com.ar\/web\/?p=82601"},"modified":"2026-03-13T02:19:27","modified_gmt":"2026-03-13T02:19:27","slug":"la-unse-asigna-por-primera-vez-un-presupuesto-propio-para-fortalecer-el-area-de-posgrado","status":"publish","type":"post","link":"https:\/\/elterritorialweb.com.ar\/web\/la-unse-asigna-por-primera-vez-un-presupuesto-propio-para-fortalecer-el-area-de-posgrado\/","title":{"rendered":"\u200bLA UNSE ASIGNA POR PRIMERA VEZ UN PRESUPUESTO PROPIO PARA FORTALECER EL \u00c1REA DE POSGRADO"},"content":{"rendered":"\n<p>\u200bEn una decisi\u00f3n que marca un punto de inflexi\u00f3n en la gesti\u00f3n acad\u00e9mica de la <strong>Universidad Nacional de Santiago del Estero (UNSE)<\/strong>, el Consejo de Posgrado anunci\u00f3 la creaci\u00f3n de una partida presupuestaria propia destinada exclusivamente al desarrollo del cuarto nivel. La medida busca dotar de mayor autonom\u00eda y previsibilidad al \u00e1rea, permitiendo una planificaci\u00f3n estrat\u00e9gica de las carreras y actividades de investigaci\u00f3n.<\/p>\n\n\n\n<h3 class=\"wp-block-heading\">\u200bAutonom\u00eda y fortalecimiento acad\u00e9mico<\/h3>\n\n\n\n<p>\u200bLa secretaria de Posgrado de la UNSE, <strong>Florencia Frau<\/strong>, destac\u00f3 que esta partida se distribuir\u00e1 bajo criterios del Consejo de Posgrado, lo que otorga una libertad in\u00e9dita para proyectar el crecimiento institucional. \u00abEsto nos da libertad para pensar actividades propias y fortalecer las carreras que tienen las facultades\u00bb, afirm\u00f3 la funcionaria.<\/p>\n\n\n\n<p>\u200bEl destino de estos fondos se centrar\u00e1 en:<\/p>\n\n\n\n<ul class=\"wp-block-list\">\n<li>\u200b<strong>Subsidios institucionales:<\/strong> Apoyo directo a las unidades acad\u00e9micas para el sostenimiento de sus ofertas.<\/li>\n\n\n\n<li>\u200b<strong>Excelencia docente:<\/strong> Financiamiento para la invitaci\u00f3n de especialistas externos.<\/li>\n\n\n\n<li>\u200b<strong>Accesibilidad:<\/strong> Mantener aranceles competitivos que, a diferencia del sector privado, priorizan la formaci\u00f3n continua sobre el lucro.<\/li>\n<\/ul>\n\n\n\n<p>\u200bActualmente, la universidad gestiona <strong>27 carreras de posgrado<\/strong>, con la proyecci\u00f3n de sumar dos nuevos doctorados que se encuentran en etapa de evaluaci\u00f3n para cubrir \u00e1reas de conocimiento a\u00fan vacantes.<\/p>\n\n\n\n<h3 class=\"wp-block-heading\">\u200bBinomio clave: Ciencia y Posgrado<\/h3>\n\n\n\n<p>\u200bUno de los pilares de esta nueva pol\u00edtica es la articulaci\u00f3n org\u00e1nica entre la formaci\u00f3n de posgrado y las \u00e1reas de <strong>Ciencia, T\u00e9cnica y Vinculaci\u00f3n Tecnol\u00f3gica<\/strong>. Para las autoridades, ambos sectores son indivisibles: el estudiante de posgrado es, por naturaleza, un generador de conocimiento cient\u00edfico.<\/p>\n\n\n\n<blockquote class=\"wp-block-quote is-layout-flow wp-block-quote-is-layout-flow\">\n<p>\u200b\u00bbNo existe la ciencia y la t\u00e9cnica sin el posgrado, ni el posgrado sin la ciencia y la t\u00e9cnica. Van de la mano\u00bb, subray\u00f3 Frau, enfatizando la necesidad de que las investigaciones impacten en el sector productivo y emprendedor local.<\/p>\n<\/blockquote>\n\n\n\n<h3 class=\"wp-block-heading\">\u200bApoyo al capital humano<\/h3>\n\n\n\n<p>\u200bLa nueva partida presupuestaria tambi\u00e9n garantiza la continuidad de las <strong>becas para doctorados<\/strong> dirigidas al personal de la casa. Un aspecto distintivo de esta gesti\u00f3n es la inclusi\u00f3n activa del <strong>personal nodocente<\/strong>, permitiendo que todos los estamentos de la comunidad universitaria accedan a estancias acad\u00e9micas, pasant\u00edas y materiales de investigaci\u00f3n.<\/p>\n\n\n\n<p>\u200bCon este avance, la UNSE no solo ampl\u00eda su oferta acad\u00e9mica, sino que reafirma su compromiso con la calidad educativa y la profesionalizaci\u00f3n de sus cuadros t\u00e9cnicos y docentes en un contexto de constantes desaf\u00edos cient\u00edficos.<\/p>\n","protected":false},"excerpt":{"rendered":"<p>En un hecho hist\u00f3rico para la instituci\u00f3n, la Universidad Nacional de Santiago del Estero contar\u00e1 con fondos espec\u00edficos destinados a potenciar la investigaci\u00f3n, otorgar subsidios a facultades y becar a su personal docente y nodocente.<\/p>\n","protected":false},"author":2,"featured_media":82602,"comment_status":"open","ping_status":"open","sticky":false,"template":"","format":"standard","meta":{"om_disable_all_campaigns":false,"_monsterinsights_skip_tracking":false,"_monsterinsights_sitenote_active":false,"_monsterinsights_sitenote_note":"","_monsterinsights_sitenote_category":0,"_uf_show_specific_survey":0,"_uf_disable_surveys":false,"jetpack_post_was_ever_published":false,"_jetpack_newsletter_access":"","_jetpack_dont_email_post_to_subs":false,"_jetpack_newsletter_tier_id":0,"_jetpack_memberships_contains_paywalled_content":false,"_jetpack_memberships_contains_paid_content":false,"footnotes":"","jetpack_publicize_message":"","jetpack_publicize_feature_enabled":true,"jetpack_social_post_already_shared":true,"jetpack_social_options":{"image_generator_settings":{"template":"highway","default_image_id":0,"font":"","enabled":false},"version":2}},"categories":[4,19],"tags":[1215,74],"class_list":["post-82601","post","type-post","status-publish","format-standard","has-post-thumbnail","hentry","category-destacadas","category-educacion","tag-posgrados","tag-unse"],"aioseo_notices":[],"views":9,"jetpack_publicize_connections":[],"jetpack_featured_media_url":"https:\/\/i0.wp.com\/elterritorialweb.com.ar\/web\/wp-content\/uploads\/2026\/03\/UnseFrau.jpeg?fit=906%2C576&ssl=1","jetpack_sharing_enabled":true,"_links":{"self":[{"href":"https:\/\/elterritorialweb.com.ar\/web\/wp-json\/wp\/v2\/posts\/82601","targetHints":{"allow":["GET"]}}],"collection":[{"href":"https:\/\/elterritorialweb.com.ar\/web\/wp-json\/wp\/v2\/posts"}],"about":[{"href":"https:\/\/elterritorialweb.com.ar\/web\/wp-json\/wp\/v2\/types\/post"}],"author":[{"embeddable":true,"href":"https:\/\/elterritorialweb.com.ar\/web\/wp-json\/wp\/v2\/users\/2"}],"replies":[{"embeddable":true,"href":"https:\/\/elterritorialweb.com.ar\/web\/wp-json\/wp\/v2\/comments?post=82601"}],"version-history":[{"count":1,"href":"https:\/\/elterritorialweb.com.ar\/web\/wp-json\/wp\/v2\/posts\/82601\/revisions"}],"predecessor-version":[{"id":82603,"href":"https:\/\/elterritorialweb.com.ar\/web\/wp-json\/wp\/v2\/posts\/82601\/revisions\/82603"}],"wp:featuredmedia":[{"embeddable":true,"href":"https:\/\/elterritorialweb.com.ar\/web\/wp-json\/wp\/v2\/media\/82602"}],"wp:attachment":[{"href":"https:\/\/elterritorialweb.com.ar\/web\/wp-json\/wp\/v2\/media?parent=82601"}],"wp:term":[{"taxonomy":"category","embeddable":true,"href":"https:\/\/elterritorialweb.com.ar\/web\/wp-json\/wp\/v2\/categories?post=82601"},{"taxonomy":"post_tag","embeddable":true,"href":"https:\/\/elterritorialweb.com.ar\/web\/wp-json\/wp\/v2\/tags?post=82601"}],"curies":[{"name":"wp","href":"https:\/\/api.w.org\/{rel}","templated":true}]}}