{"id":82606,"date":"2026-03-13T02:42:52","date_gmt":"2026-03-13T02:42:52","guid":{"rendered":"https:\/\/elterritorialweb.com.ar\/web\/?p=82606"},"modified":"2026-03-13T02:42:55","modified_gmt":"2026-03-13T02:42:55","slug":"el-ministerio-de-salud-refuerza-la-vigilancia-y-las-acciones-de-control-frente-al-dengue-y-chikungunya","status":"publish","type":"post","link":"https:\/\/elterritorialweb.com.ar\/web\/el-ministerio-de-salud-refuerza-la-vigilancia-y-las-acciones-de-control-frente-al-dengue-y-chikungunya\/","title":{"rendered":"\u200bEL MINISTERIO DE SALUD REFUERZA LA VIGILANCIA Y LAS ACCIONES DE CONTROL FRENTE AL DENGUE Y CHIKUNGUNYA"},"content":{"rendered":"\n<p>\u200bEl Ministerio de Salud de la Provincia confirm\u00f3 la detecci\u00f3n de <strong>tres casos positivos de chikungunya<\/strong> en la ciudad Capital. Al tratarse de pacientes sin antecedentes de viaje, se ha iniciado una investigaci\u00f3n epidemiol\u00f3gica exhaustiva para determinar el origen del contagio, mientras se mantiene una vigilancia activa ante el complejo escenario regional.<\/p>\n\n\n\n<h3 class=\"wp-block-heading\">\u200bContexto Regional y Alerta Epidemiol\u00f3gica<\/h3>\n\n\n\n<p>\u200bLa provincia se encuentra en una situaci\u00f3n de vigilancia permanente debido al brote que afecta a la vecina provincia de Salta, donde ya se registran m\u00e1s de 120 casos confirmados. A esto se suma la presi\u00f3n epidemiol\u00f3gica de pa\u00edses lim\u00edtrofes como <strong>Bolivia, Paraguay y Brasil<\/strong>, y la presencia del virus en Tucum\u00e1n y Jujuy. En contrapartida, las autoridades informaron que, hasta el momento, <strong>no se registra circulaci\u00f3n de dengue<\/strong> en el territorio santiague\u00f1o.<\/p>\n\n\n\n<h3 class=\"wp-block-heading\">\u200bRespuesta Inmediata: Operativos de Bloqueo<\/h3>\n\n\n\n<p>\u200bLuego de que el Centro de Estudios de Alta Complejidad y Medicina Molecular (CEAMM) ratificara los diagn\u00f3sticos, se activaron los protocolos de control de foco. Equipos de la Direcci\u00f3n de Vectores y de Atenci\u00f3n Primaria de la Salud (APS), con el soporte de la Direcci\u00f3n de Epidemiolog\u00eda, desplegaron las siguientes acciones:<\/p>\n\n\n\n<ul class=\"wp-block-list\">\n<li>\u200b<strong>Bloqueo y vigilancia<\/strong> en las zonas afectadas.<\/li>\n\n\n\n<li>\u200b<strong>B\u00fasqueda activa de febriles<\/strong> mediante recorridos casa por casa.<\/li>\n\n\n\n<li>\u200b<strong>Eliminaci\u00f3n de criaderos<\/strong> de mosquitos (<em>descacharrado<\/em>).<\/li>\n<\/ul>\n\n\n\n<p>\u200bHasta la fecha, no se han reportado nuevos pacientes sintom\u00e1ticos vinculados a los casos iniciales.<\/p>\n\n\n\n<h3 class=\"wp-block-heading\">\u200bSobre el Chikungunya: S\u00edntomas y Riesgos<\/h3>\n\n\n\n<p>\u200bEl chikungunya es una enfermedad viral transmitida por el mosquito <em>Aedes aegypti<\/em>. A diferencia del dengue, se distingue por un <strong>dolor articular intenso<\/strong> que puede limitar la movilidad y persistir durante meses.<\/p>\n\n\n\n<blockquote class=\"wp-block-quote is-layout-flow wp-block-quote-is-layout-flow\">\n<p>\u200b<strong>Advertencia sanitaria:<\/strong> Aunque no suele presentar complicaciones hemorr\u00e1gicas, el virus puede causar deshidrataci\u00f3n grave y descompensar enfermedades cr\u00f3nicas, afectando especialmente a adultos mayores, ni\u00f1os menores de un a\u00f1o y personas con comorbilidades.<\/p>\n<\/blockquote>\n\n\n\n<h3 class=\"wp-block-heading\">\u200bRecomendaciones y Prevenci\u00f3n<\/h3>\n\n\n\n<p>\u200bDesde la cartera sanitaria se enfatiz\u00f3 que <strong>no existe una vacuna ni tratamiento antiviral espec\u00edfico<\/strong> para el chikungunya, aclarando adem\u00e1s que la vacuna contra el dengue no ofrece protecci\u00f3n contra este virus. La medida m\u00e1s efectiva sigue siendo la eliminaci\u00f3n del vector.<\/p>\n\n\n\n<p>\u200b<strong>Principales medidas preventivas para la comunidad:<\/strong><\/p>\n\n\n\n<ol class=\"wp-block-list\">\n<li>\u200b<strong>Eliminar recipientes<\/strong> que acumulen agua estancada.<\/li>\n\n\n\n<li>\u200b<strong>Mantener patios limpios<\/strong>, desmalezados y canaletas despejadas.<\/li>\n\n\n\n<li>\u200b<strong>Uso de repelente<\/strong> de forma constante.<\/li>\n\n\n\n<li>\u200b<strong>Consulta m\u00e9dica precoz<\/strong> ante fiebre mayor a 38\u00b0 y dolores corporales.<\/li>\n\n\n\n<li>\u200b<strong>Evitar la automedicaci\u00f3n.<\/strong><\/li>\n<\/ol>\n\n\n\n<p>\u200bEl Ministerio de Salud ratific\u00f3 que la vigilancia epidemiol\u00f3gica continuar\u00e1 reforzada en todo el territorio provincial para monitorear la evoluci\u00f3n de la situaci\u00f3n.<\/p>\n","protected":false},"excerpt":{"rendered":"<p>Tras la confirmaci\u00f3n de tres casos de chikungunya sin antecedentes de viaje en la ciudad Capital, las autoridades sanitarias activaron protocolos de bloqueo y b\u00fasqueda de febriles para contener la propagaci\u00f3n del virus.<\/p>\n","protected":false},"author":2,"featured_media":49159,"comment_status":"open","ping_status":"open","sticky":false,"template":"","format":"standard","meta":{"om_disable_all_campaigns":false,"_monsterinsights_skip_tracking":false,"_monsterinsights_sitenote_active":false,"_monsterinsights_sitenote_note":"","_monsterinsights_sitenote_category":0,"_uf_show_specific_survey":0,"_uf_disable_surveys":false,"jetpack_post_was_ever_published":false,"_jetpack_newsletter_access":"","_jetpack_dont_email_post_to_subs":false,"_jetpack_newsletter_tier_id":0,"_jetpack_memberships_contains_paywalled_content":false,"_jetpack_memberships_contains_paid_content":false,"footnotes":"","jetpack_publicize_message":"","jetpack_publicize_feature_enabled":true,"jetpack_social_post_already_shared":true,"jetpack_social_options":{"image_generator_settings":{"template":"highway","default_image_id":0,"font":"","enabled":false},"version":2}},"categories":[4,3],"tags":[287],"class_list":["post-82606","post","type-post","status-publish","format-standard","has-post-thumbnail","hentry","category-destacadas","category-salud","tag-ministerio-de-salud-de-santiago-del-estero"],"aioseo_notices":[],"views":8,"jetpack_publicize_connections":[],"jetpack_featured_media_url":"https:\/\/i0.wp.com\/elterritorialweb.com.ar\/web\/wp-content\/uploads\/2023\/02\/mosquito-dengue.jpeg?fit=1024%2C679&ssl=1","jetpack_sharing_enabled":true,"_links":{"self":[{"href":"https:\/\/elterritorialweb.com.ar\/web\/wp-json\/wp\/v2\/posts\/82606","targetHints":{"allow":["GET"]}}],"collection":[{"href":"https:\/\/elterritorialweb.com.ar\/web\/wp-json\/wp\/v2\/posts"}],"about":[{"href":"https:\/\/elterritorialweb.com.ar\/web\/wp-json\/wp\/v2\/types\/post"}],"author":[{"embeddable":true,"href":"https:\/\/elterritorialweb.com.ar\/web\/wp-json\/wp\/v2\/users\/2"}],"replies":[{"embeddable":true,"href":"https:\/\/elterritorialweb.com.ar\/web\/wp-json\/wp\/v2\/comments?post=82606"}],"version-history":[{"count":1,"href":"https:\/\/elterritorialweb.com.ar\/web\/wp-json\/wp\/v2\/posts\/82606\/revisions"}],"predecessor-version":[{"id":82607,"href":"https:\/\/elterritorialweb.com.ar\/web\/wp-json\/wp\/v2\/posts\/82606\/revisions\/82607"}],"wp:featuredmedia":[{"embeddable":true,"href":"https:\/\/elterritorialweb.com.ar\/web\/wp-json\/wp\/v2\/media\/49159"}],"wp:attachment":[{"href":"https:\/\/elterritorialweb.com.ar\/web\/wp-json\/wp\/v2\/media?parent=82606"}],"wp:term":[{"taxonomy":"category","embeddable":true,"href":"https:\/\/elterritorialweb.com.ar\/web\/wp-json\/wp\/v2\/categories?post=82606"},{"taxonomy":"post_tag","embeddable":true,"href":"https:\/\/elterritorialweb.com.ar\/web\/wp-json\/wp\/v2\/tags?post=82606"}],"curies":[{"name":"wp","href":"https:\/\/api.w.org\/{rel}","templated":true}]}}