{"id":82618,"date":"2026-03-13T02:51:18","date_gmt":"2026-03-13T02:51:18","guid":{"rendered":"https:\/\/elterritorialweb.com.ar\/web\/?p=82618"},"modified":"2026-03-13T02:51:20","modified_gmt":"2026-03-13T02:51:20","slug":"campeona-mundial-de-taekwon-do-eligio-santiago-del-estero-para-su-entrenamiento","status":"publish","type":"post","link":"https:\/\/elterritorialweb.com.ar\/web\/campeona-mundial-de-taekwon-do-eligio-santiago-del-estero-para-su-entrenamiento\/","title":{"rendered":"CAMPEONA MUNDIAL DE TAEKWON-DO ELIGI\u00d3 SANTIAGO DEL ESTERO PARA SU ENTRENAMIENTO"},"content":{"rendered":"\n<p>En un hecho que posiciona al deporte santiague\u00f1o en el mapa internacional, la destacada taekwondista japonesa <strong>Satsuki Awaji<\/strong> se encuentra en la provincia realizando una intensa preparaci\u00f3n t\u00e9cnica. La deportista, oriunda de la ciudad de Kawasaki y miembro del Seleccionado Japon\u00e9s de Taekwon-do, eligi\u00f3 la sede del <strong>Taekwon-Do Oro Kwan Argentina (Toka)<\/strong> para continuar con su formaci\u00f3n de alto rendimiento.<\/p>\n\n\n\n<p>\u200bLa llegada de Awaji, quien ostenta el rango de <em>Boo sabum nim<\/em> (III Dan), no es casualidad. Su arribo es fruto de una relaci\u00f3n de amistad con la atleta quilme\u00f1a <strong>Natalia Sosa<\/strong>, a quien conoci\u00f3 en el circuito de competencias internacionales. Motivada por ese v\u00ednculo y por el prestigio del dojo local \u2014considerado uno de los mejores del pa\u00eds\u2014, la campeona mundial decidi\u00f3 cruzar el oc\u00e9ano para intercambiar experiencias con los deportistas santiague\u00f1os.<\/p>\n\n\n\n<figure class=\"wp-block-image size-large\"><a href=\"https:\/\/i0.wp.com\/elterritorialweb.com.ar\/web\/wp-content\/uploads\/2026\/03\/1000361037.jpg?ssl=1\"><img data-recalc-dims=\"1\" decoding=\"async\" width=\"640\" height=\"427\" data-src=\"https:\/\/i0.wp.com\/elterritorialweb.com.ar\/web\/wp-content\/uploads\/2026\/03\/1000361037-1024x683.jpg?resize=640%2C427&#038;ssl=1\" alt=\"\" class=\"wp-image-82620 lazyload\" data-srcset=\"https:\/\/i0.wp.com\/elterritorialweb.com.ar\/web\/wp-content\/uploads\/2026\/03\/1000361037.jpg?resize=1024%2C683&amp;ssl=1 1024w, https:\/\/i0.wp.com\/elterritorialweb.com.ar\/web\/wp-content\/uploads\/2026\/03\/1000361037.jpg?resize=300%2C200&amp;ssl=1 300w, https:\/\/i0.wp.com\/elterritorialweb.com.ar\/web\/wp-content\/uploads\/2026\/03\/1000361037.jpg?resize=768%2C512&amp;ssl=1 768w, https:\/\/i0.wp.com\/elterritorialweb.com.ar\/web\/wp-content\/uploads\/2026\/03\/1000361037.jpg?w=1509&amp;ssl=1 1509w, https:\/\/i0.wp.com\/elterritorialweb.com.ar\/web\/wp-content\/uploads\/2026\/03\/1000361037.jpg?w=1280 1280w\" data-sizes=\"(max-width: 640px) 100vw, 640px\" src=\"data:image\/svg+xml;base64,PHN2ZyB3aWR0aD0iMSIgaGVpZ2h0PSIxIiB4bWxucz0iaHR0cDovL3d3dy53My5vcmcvMjAwMC9zdmciPjwvc3ZnPg==\" style=\"--smush-placeholder-width: 640px; --smush-placeholder-aspect-ratio: 640\/427;\" \/><\/a><\/figure>\n\n\n\n<h3 class=\"wp-block-heading\">\u200bRecepci\u00f3n oficial y respaldo institucional<\/h3>\n\n\n\n<p>\u200bEste jueves, la Secretar\u00eda de Deportes de la provincia fue el escenario de la presentaci\u00f3n oficial de la atleta. El titular del organismo, <strong>Carlos Dapello<\/strong>, encabez\u00f3 el acto junto a figuras centrales de la disciplina, como el 9\u00b0 Gran Master <strong>Osvaldo R\u00edos Olivero<\/strong> y el Sabonim (VI Dan) <strong>Mat\u00edas R\u00edos Olivero<\/strong>.<\/p>\n\n\n\n<p>\u200bDurante el encuentro, Dapello subray\u00f3 la relevancia de esta visita para el crecimiento de la actividad local:<\/p>\n\n\n\n<blockquote class=\"wp-block-quote is-layout-flow wp-block-quote-is-layout-flow\">\n<p>\u200b\u00bbEl gobernador El\u00edas Su\u00e1rez me pidi\u00f3 que transmita esta alegr\u00eda que nos produce a los santiague\u00f1os y al deporte local, teniendo en cuenta la pol\u00edtica deportiva que nos permite abrazar todos estos acontecimientos\u00bb, afirm\u00f3 el funcionario.<\/p>\n<\/blockquote>\n\n\n\n<figure class=\"wp-block-image size-large\"><a href=\"https:\/\/i0.wp.com\/elterritorialweb.com.ar\/web\/wp-content\/uploads\/2026\/03\/1000361035.jpg?ssl=1\"><img data-recalc-dims=\"1\" decoding=\"async\" width=\"640\" height=\"427\" data-src=\"https:\/\/i0.wp.com\/elterritorialweb.com.ar\/web\/wp-content\/uploads\/2026\/03\/1000361035-1024x683.jpg?resize=640%2C427&#038;ssl=1\" alt=\"\" class=\"wp-image-82621 lazyload\" data-srcset=\"https:\/\/i0.wp.com\/elterritorialweb.com.ar\/web\/wp-content\/uploads\/2026\/03\/1000361035.jpg?resize=1024%2C683&amp;ssl=1 1024w, https:\/\/i0.wp.com\/elterritorialweb.com.ar\/web\/wp-content\/uploads\/2026\/03\/1000361035.jpg?resize=300%2C200&amp;ssl=1 300w, https:\/\/i0.wp.com\/elterritorialweb.com.ar\/web\/wp-content\/uploads\/2026\/03\/1000361035.jpg?resize=768%2C512&amp;ssl=1 768w, https:\/\/i0.wp.com\/elterritorialweb.com.ar\/web\/wp-content\/uploads\/2026\/03\/1000361035.jpg?w=1518&amp;ssl=1 1518w, https:\/\/i0.wp.com\/elterritorialweb.com.ar\/web\/wp-content\/uploads\/2026\/03\/1000361035.jpg?w=1280 1280w\" data-sizes=\"(max-width: 640px) 100vw, 640px\" src=\"data:image\/svg+xml;base64,PHN2ZyB3aWR0aD0iMSIgaGVpZ2h0PSIxIiB4bWxucz0iaHR0cDovL3d3dy53My5vcmcvMjAwMC9zdmciPjwvc3ZnPg==\" style=\"--smush-placeholder-width: 640px; --smush-placeholder-aspect-ratio: 640\/427;\" \/><\/a><\/figure>\n\n\n\n<h3 class=\"wp-block-heading\">Intercambio t\u00e9cnico de elite<\/h3>\n\n\n\n<p>\u200bLa presencia de Satsuki Awaji representa una oportunidad invaluable para los practicantes locales. Tanto Osvaldo R\u00edos Olivero como Natalia Sosa destacaron la importancia de este <strong>intercambio t\u00e9cnico<\/strong>, que no solo eleva el nivel de los entrenamientos en el dojo Toka, sino que tambi\u00e9n ratifica el crecimiento sostenido del Taekwon-do argentino en el contexto global.<\/p>\n\n\n\n<p>\u200bLa agenda de la deportista nipona continuar\u00e1 con jornadas de pr\u00e1ctica compartida, consolidando a Santiago del Estero como un polo de referencia para las artes marciales de primer nivel.<\/p>\n\n\n\n<p><\/p>\n","protected":false},"excerpt":{"rendered":"<p>La atleta japonesa Satsuki Awaji, integrante del seleccionado de su pa\u00eds, se perfecciona en el dojo Toka tras forjar un v\u00ednculo deportivo con la argentina Natalia Sosa.<\/p>\n","protected":false},"author":2,"featured_media":82619,"comment_status":"open","ping_status":"open","sticky":false,"template":"","format":"standard","meta":{"om_disable_all_campaigns":false,"_monsterinsights_skip_tracking":false,"_monsterinsights_sitenote_active":false,"_monsterinsights_sitenote_note":"","_monsterinsights_sitenote_category":0,"_uf_show_specific_survey":0,"_uf_disable_surveys":false,"jetpack_post_was_ever_published":false,"_jetpack_newsletter_access":"","_jetpack_dont_email_post_to_subs":false,"_jetpack_newsletter_tier_id":0,"_jetpack_memberships_contains_paywalled_content":false,"_jetpack_memberships_contains_paid_content":false,"footnotes":"","jetpack_publicize_message":"","jetpack_publicize_feature_enabled":true,"jetpack_social_post_already_shared":true,"jetpack_social_options":{"image_generator_settings":{"template":"highway","default_image_id":0,"font":"","enabled":false},"version":2}},"categories":[6,4],"tags":[],"class_list":["post-82618","post","type-post","status-publish","format-standard","has-post-thumbnail","hentry","category-deportes","category-destacadas"],"aioseo_notices":[],"views":5,"jetpack_publicize_connections":[],"jetpack_featured_media_url":"https:\/\/i0.wp.com\/elterritorialweb.com.ar\/web\/wp-content\/uploads\/2026\/03\/IMG-20260312-WA0147.jpg?fit=1370%2C913&ssl=1","jetpack_sharing_enabled":true,"_links":{"self":[{"href":"https:\/\/elterritorialweb.com.ar\/web\/wp-json\/wp\/v2\/posts\/82618","targetHints":{"allow":["GET"]}}],"collection":[{"href":"https:\/\/elterritorialweb.com.ar\/web\/wp-json\/wp\/v2\/posts"}],"about":[{"href":"https:\/\/elterritorialweb.com.ar\/web\/wp-json\/wp\/v2\/types\/post"}],"author":[{"embeddable":true,"href":"https:\/\/elterritorialweb.com.ar\/web\/wp-json\/wp\/v2\/users\/2"}],"replies":[{"embeddable":true,"href":"https:\/\/elterritorialweb.com.ar\/web\/wp-json\/wp\/v2\/comments?post=82618"}],"version-history":[{"count":1,"href":"https:\/\/elterritorialweb.com.ar\/web\/wp-json\/wp\/v2\/posts\/82618\/revisions"}],"predecessor-version":[{"id":82622,"href":"https:\/\/elterritorialweb.com.ar\/web\/wp-json\/wp\/v2\/posts\/82618\/revisions\/82622"}],"wp:featuredmedia":[{"embeddable":true,"href":"https:\/\/elterritorialweb.com.ar\/web\/wp-json\/wp\/v2\/media\/82619"}],"wp:attachment":[{"href":"https:\/\/elterritorialweb.com.ar\/web\/wp-json\/wp\/v2\/media?parent=82618"}],"wp:term":[{"taxonomy":"category","embeddable":true,"href":"https:\/\/elterritorialweb.com.ar\/web\/wp-json\/wp\/v2\/categories?post=82618"},{"taxonomy":"post_tag","embeddable":true,"href":"https:\/\/elterritorialweb.com.ar\/web\/wp-json\/wp\/v2\/tags?post=82618"}],"curies":[{"name":"wp","href":"https:\/\/api.w.org\/{rel}","templated":true}]}}