{"id":82623,"date":"2026-03-13T03:03:54","date_gmt":"2026-03-13T03:03:54","guid":{"rendered":"https:\/\/elterritorialweb.com.ar\/web\/?p=82623"},"modified":"2026-03-13T03:03:56","modified_gmt":"2026-03-13T03:03:56","slug":"en-un-final-caliente-central-cordoba-empato-con-defensa-y-justicia-en-varela","status":"publish","type":"post","link":"https:\/\/elterritorialweb.com.ar\/web\/en-un-final-caliente-central-cordoba-empato-con-defensa-y-justicia-en-varela\/","title":{"rendered":"EN UN FINAL CALIENTE, CENTRAL C\u00d3RDOBA EMPAT\u00d3 CON DEFENSA Y JUSTICIA EN VARELA"},"content":{"rendered":"\n<p>En una tarde marcada por la tensi\u00f3n y las decisiones arbitrales, <strong>Central C\u00f3rdoba <\/strong>empat\u00f3 1-1 ante <strong>Defensa y Justicia<\/strong>. El encuentro, v\u00e1lido por la Zona A de la Liga Profesional, dej\u00f3 un sabor amargo en el conjunto local, que extendi\u00f3 su racha a cinco igualdades consecutivas, y un respiro para los dirigidos por Lucas Pusineri tras su reciente ca\u00edda ante Independiente.<\/p>\n\n\n\n<h3 class=\"wp-block-heading\">\u200bEl VAR, protagonista desde el inicio<\/h3>\n\n\n\n<p>\u200bLa primera gran intervenci\u00f3n tecnol\u00f3gica ocurri\u00f3 en el inicio del complemento. <strong>Mat\u00edas Vera<\/strong> lograba romper el cero para la visita, pero tras una revisi\u00f3n del VAR, el tanto fue anulado por posici\u00f3n adelantada, devolviendo la paridad al marcador de forma provisoria.<\/p>\n\n\n\n<figure class=\"wp-block-image size-large\"><a href=\"https:\/\/i0.wp.com\/elterritorialweb.com.ar\/web\/wp-content\/uploads\/2026\/03\/1000361374.jpg?ssl=1\"><img data-recalc-dims=\"1\" decoding=\"async\" width=\"640\" height=\"800\" data-src=\"https:\/\/i0.wp.com\/elterritorialweb.com.ar\/web\/wp-content\/uploads\/2026\/03\/1000361374-819x1024.jpg?resize=640%2C800&#038;ssl=1\" alt=\"\" class=\"wp-image-82625 lazyload\" data-srcset=\"https:\/\/i0.wp.com\/elterritorialweb.com.ar\/web\/wp-content\/uploads\/2026\/03\/1000361374.jpg?resize=819%2C1024&amp;ssl=1 819w, https:\/\/i0.wp.com\/elterritorialweb.com.ar\/web\/wp-content\/uploads\/2026\/03\/1000361374.jpg?resize=240%2C300&amp;ssl=1 240w, https:\/\/i0.wp.com\/elterritorialweb.com.ar\/web\/wp-content\/uploads\/2026\/03\/1000361374.jpg?resize=768%2C960&amp;ssl=1 768w, https:\/\/i0.wp.com\/elterritorialweb.com.ar\/web\/wp-content\/uploads\/2026\/03\/1000361374.jpg?resize=1229%2C1536&amp;ssl=1 1229w, https:\/\/i0.wp.com\/elterritorialweb.com.ar\/web\/wp-content\/uploads\/2026\/03\/1000361374.jpg?resize=1024%2C1280&amp;ssl=1 1024w, https:\/\/i0.wp.com\/elterritorialweb.com.ar\/web\/wp-content\/uploads\/2026\/03\/1000361374.jpg?w=1280&amp;ssl=1 1280w\" data-sizes=\"(max-width: 640px) 100vw, 640px\" src=\"data:image\/svg+xml;base64,PHN2ZyB3aWR0aD0iMSIgaGVpZ2h0PSIxIiB4bWxucz0iaHR0cDovL3d3dy53My5vcmcvMjAwMC9zdmciPjwvc3ZnPg==\" style=\"--smush-placeholder-width: 640px; --smush-placeholder-aspect-ratio: 640\/800;\" \/><\/a><\/figure>\n\n\n\n<p>\u200bLa alegr\u00eda se traslad\u00f3 brevemente a la parcialidad local a los 12 minutos del segundo tiempo. <strong>El\u00edas Pereyra<\/strong>, quien hab\u00eda ingresado en la primera etapa por el lesionado Abiel Osorio, aprovech\u00f3 una respuesta d\u00e9bil del arquero Alan Aguerre para poner el 1-0. Sin embargo, el festejo varelense comenz\u00f3 a desmoronarse poco despu\u00e9s.<\/p>\n\n\n\n<h3 class=\"wp-block-heading\">\u200bExpulsi\u00f3n y penal ag\u00f3nico<\/h3>\n\n\n\n<p>\u200bA los 20 minutos de la segunda mitad, el panorama se complic\u00f3 para Defensa. El ingresado <strong>Mateo Aguiar<\/strong> vio la tarjeta roja directa tras una revisi\u00f3n del VAR por juego brusco grave, dejando al equipo de Mariano Soso con diez hombres.<\/p>\n\n\n\n<p>\u200bLa presi\u00f3n santiague\u00f1a surti\u00f3 efecto diez minutos m\u00e1s tarde. Una nueva consulta al monitor por parte del juez Bryan Ferreyra deriv\u00f3 en un penal para el \u00abFerroviario\u00bb. El delantero <strong>Michael Santos<\/strong> no perdon\u00f3 desde los doce pasos y sell\u00f3 el 1-1 definitivo a los 32 minutos.<\/p>\n\n\n\n<figure class=\"wp-block-image size-large\"><a href=\"https:\/\/i0.wp.com\/elterritorialweb.com.ar\/web\/wp-content\/uploads\/2026\/03\/1000361375-scaled.jpg?ssl=1\"><img data-recalc-dims=\"1\" decoding=\"async\" width=\"640\" height=\"800\" data-src=\"https:\/\/i0.wp.com\/elterritorialweb.com.ar\/web\/wp-content\/uploads\/2026\/03\/1000361375-819x1024.jpg?resize=640%2C800&#038;ssl=1\" alt=\"\" class=\"wp-image-82626 lazyload\" data-srcset=\"https:\/\/i0.wp.com\/elterritorialweb.com.ar\/web\/wp-content\/uploads\/2026\/03\/1000361375-scaled.jpg?resize=819%2C1024&amp;ssl=1 819w, https:\/\/i0.wp.com\/elterritorialweb.com.ar\/web\/wp-content\/uploads\/2026\/03\/1000361375-scaled.jpg?resize=240%2C300&amp;ssl=1 240w, https:\/\/i0.wp.com\/elterritorialweb.com.ar\/web\/wp-content\/uploads\/2026\/03\/1000361375-scaled.jpg?resize=768%2C960&amp;ssl=1 768w, https:\/\/i0.wp.com\/elterritorialweb.com.ar\/web\/wp-content\/uploads\/2026\/03\/1000361375-scaled.jpg?resize=1229%2C1536&amp;ssl=1 1229w, https:\/\/i0.wp.com\/elterritorialweb.com.ar\/web\/wp-content\/uploads\/2026\/03\/1000361375-scaled.jpg?resize=1638%2C2048&amp;ssl=1 1638w, https:\/\/i0.wp.com\/elterritorialweb.com.ar\/web\/wp-content\/uploads\/2026\/03\/1000361375-scaled.jpg?resize=1024%2C1280&amp;ssl=1 1024w, https:\/\/i0.wp.com\/elterritorialweb.com.ar\/web\/wp-content\/uploads\/2026\/03\/1000361375-scaled.jpg?w=2048&amp;ssl=1 2048w, https:\/\/i0.wp.com\/elterritorialweb.com.ar\/web\/wp-content\/uploads\/2026\/03\/1000361375-scaled.jpg?w=1280 1280w, https:\/\/i0.wp.com\/elterritorialweb.com.ar\/web\/wp-content\/uploads\/2026\/03\/1000361375-scaled.jpg?w=1920 1920w\" data-sizes=\"(max-width: 640px) 100vw, 640px\" src=\"data:image\/svg+xml;base64,PHN2ZyB3aWR0aD0iMSIgaGVpZ2h0PSIxIiB4bWxucz0iaHR0cDovL3d3dy53My5vcmcvMjAwMC9zdmciPjwvc3ZnPg==\" style=\"--smush-placeholder-width: 640px; --smush-placeholder-aspect-ratio: 640\/800;\" \/><\/a><\/figure>\n\n\n\n<h3 class=\"wp-block-heading\">\u200bFinal caliente<\/h3>\n\n\n\n<p>\u200bEl cierre del partido estuvo cargado de nerviosismo. El t\u00e9cnico local, <strong>Mariano Soso<\/strong>, se retir\u00f3 visiblemente ofuscado, lanzando duros reclamos al cuerpo arbitral. Con este resultado, el \u00abHalc\u00f3n\u00bb sigue sin poder despegar en la tabla, mientras que Central C\u00f3rdoba rescat\u00f3 un punto valioso en una cancha siempre dif\u00edcil.<\/p>\n\n\n\n<blockquote class=\"wp-block-quote is-layout-flow wp-block-quote-is-layout-flow\">\n<p>\u200b<strong>Dato del partido:<\/strong> Defensa y Justicia suma su quinto empate consecutivo en el certamen, manteni\u00e9ndose en la zona media de la clasificaci\u00f3n.<\/p>\n<\/blockquote>\n\n\n\n<p><\/p>\n","protected":false},"excerpt":{"rendered":"<p>En un duelo donde la tecnolog\u00eda jug\u00f3 un papel decisivo,  el \u00abFerroviario\u00bb y el \u00abHalc\u00f3n\u00bb igualaron 1-1 por la fecha 10 del Torneo Apertura. El arbitraje de Bryan Ferreyra y las intervenciones del VAR condicionaron un desarrollo el\u00e9ctrico en el Norberto Tomaghello.<\/p>\n","protected":false},"author":2,"featured_media":82624,"comment_status":"open","ping_status":"open","sticky":false,"template":"","format":"standard","meta":{"om_disable_all_campaigns":false,"_monsterinsights_skip_tracking":false,"_monsterinsights_sitenote_active":false,"_monsterinsights_sitenote_note":"","_monsterinsights_sitenote_category":0,"_uf_show_specific_survey":0,"_uf_disable_surveys":false,"jetpack_post_was_ever_published":false,"_jetpack_newsletter_access":"","_jetpack_dont_email_post_to_subs":false,"_jetpack_newsletter_tier_id":0,"_jetpack_memberships_contains_paywalled_content":false,"_jetpack_memberships_contains_paid_content":false,"footnotes":"","jetpack_publicize_message":"","jetpack_publicize_feature_enabled":true,"jetpack_social_post_already_shared":true,"jetpack_social_options":{"image_generator_settings":{"template":"highway","default_image_id":0,"font":"","enabled":false},"version":2}},"categories":[6,4],"tags":[69,295,104],"class_list":["post-82623","post","type-post","status-publish","format-standard","has-post-thumbnail","hentry","category-deportes","category-destacadas","tag-central-cordoba","tag-defensa-y-justicia","tag-liga-profesional-de-futbol"],"aioseo_notices":[],"views":4,"jetpack_publicize_connections":[],"jetpack_featured_media_url":"https:\/\/i0.wp.com\/elterritorialweb.com.ar\/web\/wp-content\/uploads\/2026\/03\/IMG-20260312-WA0142-scaled.jpg?fit=2048%2C2560&ssl=1","jetpack_sharing_enabled":true,"_links":{"self":[{"href":"https:\/\/elterritorialweb.com.ar\/web\/wp-json\/wp\/v2\/posts\/82623","targetHints":{"allow":["GET"]}}],"collection":[{"href":"https:\/\/elterritorialweb.com.ar\/web\/wp-json\/wp\/v2\/posts"}],"about":[{"href":"https:\/\/elterritorialweb.com.ar\/web\/wp-json\/wp\/v2\/types\/post"}],"author":[{"embeddable":true,"href":"https:\/\/elterritorialweb.com.ar\/web\/wp-json\/wp\/v2\/users\/2"}],"replies":[{"embeddable":true,"href":"https:\/\/elterritorialweb.com.ar\/web\/wp-json\/wp\/v2\/comments?post=82623"}],"version-history":[{"count":1,"href":"https:\/\/elterritorialweb.com.ar\/web\/wp-json\/wp\/v2\/posts\/82623\/revisions"}],"predecessor-version":[{"id":82627,"href":"https:\/\/elterritorialweb.com.ar\/web\/wp-json\/wp\/v2\/posts\/82623\/revisions\/82627"}],"wp:featuredmedia":[{"embeddable":true,"href":"https:\/\/elterritorialweb.com.ar\/web\/wp-json\/wp\/v2\/media\/82624"}],"wp:attachment":[{"href":"https:\/\/elterritorialweb.com.ar\/web\/wp-json\/wp\/v2\/media?parent=82623"}],"wp:term":[{"taxonomy":"category","embeddable":true,"href":"https:\/\/elterritorialweb.com.ar\/web\/wp-json\/wp\/v2\/categories?post=82623"},{"taxonomy":"post_tag","embeddable":true,"href":"https:\/\/elterritorialweb.com.ar\/web\/wp-json\/wp\/v2\/tags?post=82623"}],"curies":[{"name":"wp","href":"https:\/\/api.w.org\/{rel}","templated":true}]}}