{"id":82633,"date":"2026-03-13T03:10:08","date_gmt":"2026-03-13T03:10:08","guid":{"rendered":"https:\/\/elterritorialweb.com.ar\/web\/?p=82633"},"modified":"2026-03-13T03:10:11","modified_gmt":"2026-03-13T03:10:11","slug":"el-gobernador-elias-suarez-encabezo-la-reunion-preparatoria-para-el-consejo-economico-y-social","status":"publish","type":"post","link":"https:\/\/elterritorialweb.com.ar\/web\/el-gobernador-elias-suarez-encabezo-la-reunion-preparatoria-para-el-consejo-economico-y-social\/","title":{"rendered":"\u200bEL GOBERNADOR EL\u00cdAS SU\u00c1REZ ENCABEZ\u00d3 LA REUNI\u00d3N PREPARATORIA PARA EL CONSEJO ECON\u00d3MICO Y SOCIAL"},"content":{"rendered":"\n<p>\u200bEl Gobierno provincial dio un paso decisivo este jueves hacia la institucionalizaci\u00f3n del di\u00e1logo civil. En el Sal\u00f3n de Acuerdos de Casa de Gobierno, el gobernador <strong>El\u00edas Su\u00e1rez<\/strong> lider\u00f3 una mesa de trabajo estrat\u00e9gica junto al vicegobernador <strong>Carlos Silva Neder<\/strong>, ministros y secretarios, con el objetivo de ultimar los detalles para la puesta en marcha del <strong>Consejo Econ\u00f3mico y Social (CES)<\/strong>.<\/p>\n\n\n\n<p>\u200bLa iniciativa busca dar cumplimiento a lo establecido en el <strong>Art\u00edculo 104 de la Constituci\u00f3n Provincial<\/strong> y la <strong>Ley 7054<\/strong>, consolidando un espacio de participaci\u00f3n ciudadana y articulaci\u00f3n p\u00fablico-privada que sea el motor de las pol\u00edticas de Estado a largo plazo.<\/p>\n\n\n\n<h3 class=\"wp-block-heading\">\u200bUn plenario multisectorial<\/h3>\n\n\n\n<p>\u200bLa reuni\u00f3n no solo cont\u00f3 con la plana mayor del Ejecutivo, sino que sum\u00f3 la visi\u00f3n acad\u00e9mica y t\u00e9cnica de actores fundamentales. Participaron los rectores de la <strong>Universidad Nacional de Santiago del Estero (UNSE)<\/strong> y la <strong>Universidad Cat\u00f3lica de Santiago del Estero (UCSE)<\/strong>, adem\u00e1s de representantes de organismos tecnol\u00f3gicos de peso como el <strong>INTA<\/strong> y el <strong>INTI<\/strong>.<\/p>\n\n\n\n<figure class=\"wp-block-image size-large\"><a href=\"https:\/\/i0.wp.com\/elterritorialweb.com.ar\/web\/wp-content\/uploads\/2026\/03\/1000361190.jpg?ssl=1\"><img data-recalc-dims=\"1\" decoding=\"async\" width=\"640\" height=\"426\" data-src=\"https:\/\/i0.wp.com\/elterritorialweb.com.ar\/web\/wp-content\/uploads\/2026\/03\/1000361190-1024x682.jpg?resize=640%2C426&#038;ssl=1\" alt=\"\" class=\"wp-image-82635 lazyload\" data-srcset=\"https:\/\/i0.wp.com\/elterritorialweb.com.ar\/web\/wp-content\/uploads\/2026\/03\/1000361190.jpg?resize=1024%2C682&amp;ssl=1 1024w, https:\/\/i0.wp.com\/elterritorialweb.com.ar\/web\/wp-content\/uploads\/2026\/03\/1000361190.jpg?resize=300%2C200&amp;ssl=1 300w, https:\/\/i0.wp.com\/elterritorialweb.com.ar\/web\/wp-content\/uploads\/2026\/03\/1000361190.jpg?resize=768%2C512&amp;ssl=1 768w, https:\/\/i0.wp.com\/elterritorialweb.com.ar\/web\/wp-content\/uploads\/2026\/03\/1000361190.jpg?resize=1536%2C1024&amp;ssl=1 1536w, https:\/\/i0.wp.com\/elterritorialweb.com.ar\/web\/wp-content\/uploads\/2026\/03\/1000361190.jpg?resize=2048%2C1365&amp;ssl=1 2048w, https:\/\/i0.wp.com\/elterritorialweb.com.ar\/web\/wp-content\/uploads\/2026\/03\/1000361190.jpg?w=1280 1280w, https:\/\/i0.wp.com\/elterritorialweb.com.ar\/web\/wp-content\/uploads\/2026\/03\/1000361190.jpg?w=1920 1920w\" data-sizes=\"(max-width: 640px) 100vw, 640px\" src=\"data:image\/svg+xml;base64,PHN2ZyB3aWR0aD0iMSIgaGVpZ2h0PSIxIiB4bWxucz0iaHR0cDovL3d3dy53My5vcmcvMjAwMC9zdmciPjwvc3ZnPg==\" style=\"--smush-placeholder-width: 640px; --smush-placeholder-aspect-ratio: 640\/426;\" \/><\/a><\/figure>\n\n\n\n<p>\u200bTambi\u00e9n formaron parte del encuentro:<\/p>\n\n\n\n<ul class=\"wp-block-list\">\n<li>\u200bColegios profesionales.<\/li>\n\n\n\n<li>\u200bC\u00e1maras empresariales.<\/li>\n\n\n\n<li>\u200bEntidades del desarrollo agropecuario y tecnol\u00f3gico.<\/li>\n<\/ul>\n\n\n\n<h3 class=\"wp-block-heading\">\u200bHacia el 25 de marzo<\/h3>\n\n\n\n<p>\u200bDurante el c\u00f3nclave se avanz\u00f3 en la definici\u00f3n de los lineamientos iniciales y la log\u00edstica organizativa para el gran lanzamiento del Consejo, programado para el <strong>25 de marzo<\/strong>. Para esa fecha, se prev\u00e9 una convocatoria a\u00fan m\u00e1s amplia que incluir\u00e1 a sociedades rurales, c\u00e1maras de la construcci\u00f3n, referentes del sector tur\u00edstico y organizaciones de la sociedad civil vinculadas al deporte y la cultura.<\/p>\n\n\n\n<h3 class=\"wp-block-heading\">\u200bConsenso y desarrollo sostenible<\/h3>\n\n\n\n<p>\u200bEl esp\u00edritu del CES, seg\u00fan se destac\u00f3 en la reuni\u00f3n, es constituirse como un \u00e1mbito de <strong>construcci\u00f3n colectiva<\/strong>. Los ejes prioritarios de la agenda de trabajo estar\u00e1n centrados en:<\/p>\n\n\n\n<ol class=\"wp-block-list\">\n<li>\u200bLa generaci\u00f3n de empleo genuino.<\/li>\n\n\n\n<li>\u200bLa innovaci\u00f3n y el desarrollo tecnol\u00f3gico regional.<\/li>\n\n\n\n<li>\u200bEl crecimiento econ\u00f3mico con equidad.<\/li>\n<\/ol>\n\n\n\n<p>\u200bCon esta articulaci\u00f3n institucional, la provincia busca potenciar sus capacidades productivas mediante el intercambio de ideas y la elaboraci\u00f3n de estrategias conjuntas, garantizando que el crecimiento de Santiago del Estero tenga una base s\u00f3lida de consenso social.<\/p>\n","protected":false},"excerpt":{"rendered":"<p>El encuentro, desarrollado en Casa de Gobierno, sent\u00f3 las bases operativas y la agenda de trabajo de cara a la presentaci\u00f3n formal del organismo prevista para el pr\u00f3ximo 25 de marzo.<\/p>\n","protected":false},"author":2,"featured_media":82634,"comment_status":"open","ping_status":"open","sticky":false,"template":"","format":"standard","meta":{"om_disable_all_campaigns":false,"_monsterinsights_skip_tracking":false,"_monsterinsights_sitenote_active":false,"_monsterinsights_sitenote_note":"","_monsterinsights_sitenote_category":0,"_uf_show_specific_survey":0,"_uf_disable_surveys":false,"jetpack_post_was_ever_published":false,"_jetpack_newsletter_access":"","_jetpack_dont_email_post_to_subs":false,"_jetpack_newsletter_tier_id":0,"_jetpack_memberships_contains_paywalled_content":false,"_jetpack_memberships_contains_paid_content":false,"footnotes":"","jetpack_publicize_message":"","jetpack_publicize_feature_enabled":true,"jetpack_social_post_already_shared":true,"jetpack_social_options":{"image_generator_settings":{"template":"highway","default_image_id":0,"font":"","enabled":false},"version":2}},"categories":[4,21],"tags":[],"class_list":["post-82633","post","type-post","status-publish","format-standard","has-post-thumbnail","hentry","category-destacadas","category-locales"],"aioseo_notices":[],"views":6,"jetpack_publicize_connections":[],"jetpack_featured_media_url":"https:\/\/i0.wp.com\/elterritorialweb.com.ar\/web\/wp-content\/uploads\/2026\/03\/IMG-20260312-WA0158.jpg?fit=2560%2C1706&ssl=1","jetpack_sharing_enabled":true,"_links":{"self":[{"href":"https:\/\/elterritorialweb.com.ar\/web\/wp-json\/wp\/v2\/posts\/82633","targetHints":{"allow":["GET"]}}],"collection":[{"href":"https:\/\/elterritorialweb.com.ar\/web\/wp-json\/wp\/v2\/posts"}],"about":[{"href":"https:\/\/elterritorialweb.com.ar\/web\/wp-json\/wp\/v2\/types\/post"}],"author":[{"embeddable":true,"href":"https:\/\/elterritorialweb.com.ar\/web\/wp-json\/wp\/v2\/users\/2"}],"replies":[{"embeddable":true,"href":"https:\/\/elterritorialweb.com.ar\/web\/wp-json\/wp\/v2\/comments?post=82633"}],"version-history":[{"count":1,"href":"https:\/\/elterritorialweb.com.ar\/web\/wp-json\/wp\/v2\/posts\/82633\/revisions"}],"predecessor-version":[{"id":82636,"href":"https:\/\/elterritorialweb.com.ar\/web\/wp-json\/wp\/v2\/posts\/82633\/revisions\/82636"}],"wp:featuredmedia":[{"embeddable":true,"href":"https:\/\/elterritorialweb.com.ar\/web\/wp-json\/wp\/v2\/media\/82634"}],"wp:attachment":[{"href":"https:\/\/elterritorialweb.com.ar\/web\/wp-json\/wp\/v2\/media?parent=82633"}],"wp:term":[{"taxonomy":"category","embeddable":true,"href":"https:\/\/elterritorialweb.com.ar\/web\/wp-json\/wp\/v2\/categories?post=82633"},{"taxonomy":"post_tag","embeddable":true,"href":"https:\/\/elterritorialweb.com.ar\/web\/wp-json\/wp\/v2\/tags?post=82633"}],"curies":[{"name":"wp","href":"https:\/\/api.w.org\/{rel}","templated":true}]}}