{"id":82646,"date":"2026-03-13T22:41:30","date_gmt":"2026-03-13T22:41:30","guid":{"rendered":"https:\/\/elterritorialweb.com.ar\/web\/?p=82646"},"modified":"2026-03-13T22:41:35","modified_gmt":"2026-03-13T22:41:35","slug":"la-unse-y-conicet-firtalecen-el-trabajo-conjunto-para-impulsar-la-investigacion-en-la-region","status":"publish","type":"post","link":"https:\/\/elterritorialweb.com.ar\/web\/la-unse-y-conicet-firtalecen-el-trabajo-conjunto-para-impulsar-la-investigacion-en-la-region\/","title":{"rendered":"LA UNSE Y CONICET FIRTALECEN EL TRABAJO CONJUNTO PARA IMPULSAR LA INVESTIGACI\u00d3N EN LA REGI\u00d3N"},"content":{"rendered":"\n<p>El encuentro estuvo encabezado por el rector de la UNSE, <strong>Marcelino Ledesma<\/strong> y el director del CCT Conicet NOA Sur, <strong>Augusto Bellomio<\/strong>, quienes estuvieron acompa\u00f1ados por el vicedirector del organismo, junto a los directores de los cuatro institutos de doble dependencia de la UNSE, adem\u00e1s de la secretaria de Ciencia y T\u00e9cnica de la UNSE, <strong>Mar\u00eda Jos\u00e9 Benac<\/strong>.<\/p>\n\n\n\n<p>Durante la reuni\u00f3n se abordaron distintos ejes vinculados al trabajo que ambas instituciones desarrollar\u00e1n de manera conjunta a lo largo del a\u00f1o, con el prop\u00f3sito de fortalecer el sistema cient\u00edfico, promover la investigaci\u00f3n y consolidar la cooperaci\u00f3n entre los distintos espacios acad\u00e9micos y tecnol\u00f3gicos.<\/p>\n\n\n\n<p>Cabe se\u00f1alar que, con sede en la provincia de Tucum\u00e1n, el CCT Conicet NOA Sur articula la actividad cient\u00edfica en las provincias de Tucum\u00e1n, Santiago del Estero y Catamarca, y tiene entre sus funciones la gesti\u00f3n de unidades ejecutoras, el desarrollo de proyectos de vinculaci\u00f3n tecnol\u00f3gica y la coordinaci\u00f3n de recursos humanos del sistema cient\u00edfico en la regi\u00f3n. <\/p>\n\n\n\n<p>En este marco, el rector <strong>Ledesma<\/strong> destac\u00f3 la importancia del trabajo interinstitucional para potenciar la investigaci\u00f3n y el desarrollo.<\/p>\n\n\n\n<p><em>\u201cLa articulaci\u00f3n con el sistema cient\u00edfico es fundamental para el crecimiento de nuestras capacidades de investigaci\u00f3n y para generar conocimiento que contribuya al desarrollo de la regi\u00f3n. La UNSE tiene un compromiso permanente con la ciencia y con el fortalecimiento de los espacios de trabajo conjunto\u201d,<\/em> expres\u00f3.<\/p>\n\n\n\n<p>Asimismo, las autoridades coincidieron en la importancia de consolidar estrategias compartidas que permitan impulsar proyectos de investigaci\u00f3n, fortalecer los institutos de doble dependencia y promover nuevas iniciativas que impacten en el desarrollo cient\u00edfico, tecnol\u00f3gico y productivo del NOA.<\/p>\n\n\n\n<p><\/p>\n","protected":false},"excerpt":{"rendered":"<p>Autoridades de la Universidad Nacional de Santiago del Estero (UNSE) y del Centro Cient\u00edfico Tecnol\u00f3gico Conicet NOA Sur, mantuvieron una reuni\u00f3n de trabajo con el objetivo de fortalecer la articulaci\u00f3n institucional y planificar acciones conjuntas para el desarrollo cient\u00edfico y tecnol\u00f3gico en la regi\u00f3n.<\/p>\n","protected":false},"author":2,"featured_media":82647,"comment_status":"open","ping_status":"open","sticky":false,"template":"","format":"standard","meta":{"om_disable_all_campaigns":false,"_monsterinsights_skip_tracking":false,"_monsterinsights_sitenote_active":false,"_monsterinsights_sitenote_note":"","_monsterinsights_sitenote_category":0,"_uf_show_specific_survey":0,"_uf_disable_surveys":false,"jetpack_post_was_ever_published":false,"_jetpack_newsletter_access":"","_jetpack_dont_email_post_to_subs":false,"_jetpack_newsletter_tier_id":0,"_jetpack_memberships_contains_paywalled_content":false,"_jetpack_memberships_contains_paid_content":false,"footnotes":"","jetpack_publicize_message":"","jetpack_publicize_feature_enabled":true,"jetpack_social_post_already_shared":true,"jetpack_social_options":{"image_generator_settings":{"template":"highway","default_image_id":0,"font":"","enabled":false},"version":2}},"categories":[4,19],"tags":[],"class_list":["post-82646","post","type-post","status-publish","format-standard","has-post-thumbnail","hentry","category-destacadas","category-educacion"],"aioseo_notices":[],"views":12,"jetpack_publicize_connections":[],"jetpack_featured_media_url":"https:\/\/i0.wp.com\/elterritorialweb.com.ar\/web\/wp-content\/uploads\/2026\/03\/CCT.jpeg?fit=1200%2C837&ssl=1","jetpack_sharing_enabled":true,"_links":{"self":[{"href":"https:\/\/elterritorialweb.com.ar\/web\/wp-json\/wp\/v2\/posts\/82646","targetHints":{"allow":["GET"]}}],"collection":[{"href":"https:\/\/elterritorialweb.com.ar\/web\/wp-json\/wp\/v2\/posts"}],"about":[{"href":"https:\/\/elterritorialweb.com.ar\/web\/wp-json\/wp\/v2\/types\/post"}],"author":[{"embeddable":true,"href":"https:\/\/elterritorialweb.com.ar\/web\/wp-json\/wp\/v2\/users\/2"}],"replies":[{"embeddable":true,"href":"https:\/\/elterritorialweb.com.ar\/web\/wp-json\/wp\/v2\/comments?post=82646"}],"version-history":[{"count":1,"href":"https:\/\/elterritorialweb.com.ar\/web\/wp-json\/wp\/v2\/posts\/82646\/revisions"}],"predecessor-version":[{"id":82648,"href":"https:\/\/elterritorialweb.com.ar\/web\/wp-json\/wp\/v2\/posts\/82646\/revisions\/82648"}],"wp:featuredmedia":[{"embeddable":true,"href":"https:\/\/elterritorialweb.com.ar\/web\/wp-json\/wp\/v2\/media\/82647"}],"wp:attachment":[{"href":"https:\/\/elterritorialweb.com.ar\/web\/wp-json\/wp\/v2\/media?parent=82646"}],"wp:term":[{"taxonomy":"category","embeddable":true,"href":"https:\/\/elterritorialweb.com.ar\/web\/wp-json\/wp\/v2\/categories?post=82646"},{"taxonomy":"post_tag","embeddable":true,"href":"https:\/\/elterritorialweb.com.ar\/web\/wp-json\/wp\/v2\/tags?post=82646"}],"curies":[{"name":"wp","href":"https:\/\/api.w.org\/{rel}","templated":true}]}}