{"id":82649,"date":"2026-03-14T12:46:40","date_gmt":"2026-03-14T12:46:40","guid":{"rendered":"https:\/\/elterritorialweb.com.ar\/web\/?p=82649"},"modified":"2026-03-14T12:51:52","modified_gmt":"2026-03-14T12:51:52","slug":"el-das-celebro-su-asamblea-anual-ordinaria-con-un-balance-positivo-y-un-llamado-a-la-unidad","status":"publish","type":"post","link":"https:\/\/elterritorialweb.com.ar\/web\/el-das-celebro-su-asamblea-anual-ordinaria-con-un-balance-positivo-y-un-llamado-a-la-unidad\/","title":{"rendered":"EL DAS CELEBR\u00d3 SU ASAMBLEA ANUAL ORDINARIA CON UN BALANCE POSITIVO Y UN LLAMADO A LA UNIDAD"},"content":{"rendered":"\n<p>\u200bEn la tarde de este viernes, el gremio docente <strong>DAS<\/strong> llev\u00f3 a cabo su <strong>Asamblea Anual Ordinaria<\/strong>, un encuentro clave que reuni\u00f3 a la comisi\u00f3n directiva y a una nutrida cantidad de afiliados en las <strong>instalaciones de la CGT<\/strong>. La jornada sirvi\u00f3 para transparentar la gesti\u00f3n del \u00faltimo a\u00f1o y trazar los objetivos institucionales de cara al futuro.<\/p>\n\n\n\n<p>\u200bLa mesa directiva estuvo encabezada por el secretario general, <strong>Dr. Alfredo Basbus<\/strong>, quien estuvo acompa\u00f1ado por el contador Leandro Basbus; la secretaria de Finanzas, Prof. Perla Garnica; el secretario administrativo, Prof. Ariel Bulacio; y la secretaria de actas, Prof. Noem\u00ed Salas.<\/p>\n\n\n\n<h3 class=\"wp-block-heading\">\u200bGesti\u00f3n y transparencia financiera<\/h3>\n\n\n\n<p>\u200bDurante la apertura, el <strong>Dr. Basbus <\/strong>tom\u00f3 la palabra para agradecer el acompa\u00f1amiento de la docencia y realiz\u00f3 un balance del periodo 2025, calific\u00e1ndolo como <strong>\u00abpositivo y pensando siempre en beneficio de todos los afiliados\u00bb<\/strong>.<\/p>\n\n\n\n<figure class=\"wp-block-image size-large\"><a href=\"https:\/\/i0.wp.com\/elterritorialweb.com.ar\/web\/wp-content\/uploads\/2026\/03\/IMG_20260313_194247-scaled.jpg\"><img data-recalc-dims=\"1\" decoding=\"async\" width=\"640\" height=\"503\" data-src=\"https:\/\/i0.wp.com\/elterritorialweb.com.ar\/web\/wp-content\/uploads\/2026\/03\/IMG_20260313_194247.jpg?resize=640%2C503\" alt=\"\" class=\"wp-image-82651 lazyload\" data-srcset=\"https:\/\/i0.wp.com\/elterritorialweb.com.ar\/web\/wp-content\/uploads\/2026\/03\/IMG_20260313_194247-scaled.jpg?resize=1024%2C805&amp;ssl=1 1024w, https:\/\/i0.wp.com\/elterritorialweb.com.ar\/web\/wp-content\/uploads\/2026\/03\/IMG_20260313_194247-scaled.jpg?resize=300%2C236&amp;ssl=1 300w, https:\/\/i0.wp.com\/elterritorialweb.com.ar\/web\/wp-content\/uploads\/2026\/03\/IMG_20260313_194247-scaled.jpg?resize=768%2C604&amp;ssl=1 768w, https:\/\/i0.wp.com\/elterritorialweb.com.ar\/web\/wp-content\/uploads\/2026\/03\/IMG_20260313_194247-scaled.jpg?resize=1536%2C1208&amp;ssl=1 1536w, https:\/\/i0.wp.com\/elterritorialweb.com.ar\/web\/wp-content\/uploads\/2026\/03\/IMG_20260313_194247-scaled.jpg?resize=2048%2C1611&amp;ssl=1 2048w, https:\/\/i0.wp.com\/elterritorialweb.com.ar\/web\/wp-content\/uploads\/2026\/03\/IMG_20260313_194247-scaled.jpg?w=1280 1280w, https:\/\/i0.wp.com\/elterritorialweb.com.ar\/web\/wp-content\/uploads\/2026\/03\/IMG_20260313_194247-scaled.jpg?w=1920 1920w\" data-sizes=\"(max-width: 640px) 100vw, 640px\" src=\"data:image\/svg+xml;base64,PHN2ZyB3aWR0aD0iMSIgaGVpZ2h0PSIxIiB4bWxucz0iaHR0cDovL3d3dy53My5vcmcvMjAwMC9zdmciPjwvc3ZnPg==\" style=\"--smush-placeholder-width: 640px; --smush-placeholder-aspect-ratio: 640\/503;\" \/><\/a><\/figure>\n\n\n\n<p>\u200bActo seguido, el contador <strong>Leandro Basbus<\/strong> present\u00f3 el an\u00e1lisis t\u00e9cnico del balance contable. El informe arroj\u00f3 un <strong>saldo positivo<\/strong> en las cuentas del gremio, garantizando la salud financiera de la instituci\u00f3n. En un gesto de transparencia, se inform\u00f3 que el libro general de cuentas se encuentra a entera disposici\u00f3n de los afiliados que deseen verificar la informaci\u00f3n presentada.<\/p>\n\n\n\n<p>\u200bPor su parte, la <strong>Prof. Perla Garnica<\/strong> detall\u00f3 el informe de ingresos y egresos, destacando acciones de impacto social y gremial, tales como las donaciones efectuadas a diversos establecimientos educativos y la entrega de premios en fechas significativas para el sector.<\/p>\n\n\n\n<figure class=\"wp-block-image size-large\"><a href=\"https:\/\/i0.wp.com\/elterritorialweb.com.ar\/web\/wp-content\/uploads\/2026\/03\/WhatsApp-Image-2026-03-14-at-09.41.30.jpeg\"><img data-recalc-dims=\"1\" decoding=\"async\" width=\"640\" height=\"503\" data-src=\"https:\/\/i0.wp.com\/elterritorialweb.com.ar\/web\/wp-content\/uploads\/2026\/03\/WhatsApp-Image-2026-03-14-at-09.41.30.jpeg?resize=640%2C503\" alt=\"\" class=\"wp-image-82656 lazyload\" data-srcset=\"https:\/\/i0.wp.com\/elterritorialweb.com.ar\/web\/wp-content\/uploads\/2026\/03\/WhatsApp-Image-2026-03-14-at-09.41.30.jpeg?resize=1024%2C804&amp;ssl=1 1024w, https:\/\/i0.wp.com\/elterritorialweb.com.ar\/web\/wp-content\/uploads\/2026\/03\/WhatsApp-Image-2026-03-14-at-09.41.30.jpeg?resize=300%2C235&amp;ssl=1 300w, https:\/\/i0.wp.com\/elterritorialweb.com.ar\/web\/wp-content\/uploads\/2026\/03\/WhatsApp-Image-2026-03-14-at-09.41.30.jpeg?resize=768%2C603&amp;ssl=1 768w, https:\/\/i0.wp.com\/elterritorialweb.com.ar\/web\/wp-content\/uploads\/2026\/03\/WhatsApp-Image-2026-03-14-at-09.41.30.jpeg?w=1502&amp;ssl=1 1502w, https:\/\/i0.wp.com\/elterritorialweb.com.ar\/web\/wp-content\/uploads\/2026\/03\/WhatsApp-Image-2026-03-14-at-09.41.30.jpeg?w=1280 1280w\" data-sizes=\"(max-width: 640px) 100vw, 640px\" src=\"data:image\/svg+xml;base64,PHN2ZyB3aWR0aD0iMSIgaGVpZ2h0PSIxIiB4bWxucz0iaHR0cDovL3d3dy53My5vcmcvMjAwMC9zdmciPjwvc3ZnPg==\" style=\"--smush-placeholder-width: 640px; --smush-placeholder-aspect-ratio: 640\/503;\" \/><\/a><\/figure>\n\n\n\n<h3 class=\"wp-block-heading\">\u200bUn mensaje de unidad ante la crisis<\/h3>\n\n\n\n<p>\u200bEl cierre de la asamblea estuvo marcado por un fuerte mensaje pol\u00edtico y social. Ante el complejo escenario econ\u00f3mico que atraviesa el pa\u00eds, el secretario general hizo un llamado ferviente a la <strong>unidad gremial<\/strong>.<\/p>\n\n\n\n<blockquote class=\"wp-block-quote is-layout-flow wp-block-quote-is-layout-flow\">\n<p>\u200b\u00abEs momento de trabajar unidos para seguir avanzando en la tarea de dar respuesta a las necesidades de los docentes afiliados\u00bb, concluy\u00f3 el dirigente, reafirmando que el DAS mantendr\u00e1 su rol activo en la defensa de los derechos del magisterio.<\/p>\n<\/blockquote>\n\n\n\n<figure class=\"wp-block-image size-large\"><a href=\"https:\/\/i0.wp.com\/elterritorialweb.com.ar\/web\/wp-content\/uploads\/2026\/03\/IMG_20260313_193644-scaled.jpg\"><img data-recalc-dims=\"1\" decoding=\"async\" width=\"640\" height=\"464\" data-src=\"https:\/\/i0.wp.com\/elterritorialweb.com.ar\/web\/wp-content\/uploads\/2026\/03\/IMG_20260313_193644.jpg?resize=640%2C464\" alt=\"\" class=\"wp-image-82652 lazyload\" data-srcset=\"https:\/\/i0.wp.com\/elterritorialweb.com.ar\/web\/wp-content\/uploads\/2026\/03\/IMG_20260313_193644-scaled.jpg?resize=1024%2C743&amp;ssl=1 1024w, https:\/\/i0.wp.com\/elterritorialweb.com.ar\/web\/wp-content\/uploads\/2026\/03\/IMG_20260313_193644-scaled.jpg?resize=300%2C218&amp;ssl=1 300w, https:\/\/i0.wp.com\/elterritorialweb.com.ar\/web\/wp-content\/uploads\/2026\/03\/IMG_20260313_193644-scaled.jpg?resize=768%2C557&amp;ssl=1 768w, https:\/\/i0.wp.com\/elterritorialweb.com.ar\/web\/wp-content\/uploads\/2026\/03\/IMG_20260313_193644-scaled.jpg?resize=1536%2C1114&amp;ssl=1 1536w, https:\/\/i0.wp.com\/elterritorialweb.com.ar\/web\/wp-content\/uploads\/2026\/03\/IMG_20260313_193644-scaled.jpg?resize=2048%2C1485&amp;ssl=1 2048w, https:\/\/i0.wp.com\/elterritorialweb.com.ar\/web\/wp-content\/uploads\/2026\/03\/IMG_20260313_193644-scaled.jpg?w=1280 1280w, https:\/\/i0.wp.com\/elterritorialweb.com.ar\/web\/wp-content\/uploads\/2026\/03\/IMG_20260313_193644-scaled.jpg?w=1920 1920w\" data-sizes=\"(max-width: 640px) 100vw, 640px\" src=\"data:image\/svg+xml;base64,PHN2ZyB3aWR0aD0iMSIgaGVpZ2h0PSIxIiB4bWxucz0iaHR0cDovL3d3dy53My5vcmcvMjAwMC9zdmciPjwvc3ZnPg==\" style=\"--smush-placeholder-width: 640px; --smush-placeholder-aspect-ratio: 640\/464;\" \/><\/a><\/figure>\n\n\n\n<p>Tras finalizar el acto administrativo y los discursos oficiales, la jornada concluy\u00f3 en un clima de distensi\u00f3n donde los docentes presentes <strong>disfrutaron de un break<\/strong>, compartiendo un momento de charla y camarader\u00eda.<\/p>\n\n\n\n<p><\/p>\n","protected":false},"excerpt":{"rendered":"<p>Con una masiva concurrencia de afiliados en la sede de la CGT, el gremio docente liderado por el Dr. Alfredo Basbus aprob\u00f3 el ejercicio contable 2025 y reafirm\u00f3 su compromiso con el bienestar del sector.<\/p>\n","protected":false},"author":2,"featured_media":82655,"comment_status":"open","ping_status":"open","sticky":false,"template":"","format":"standard","meta":{"om_disable_all_campaigns":false,"_monsterinsights_skip_tracking":false,"_monsterinsights_sitenote_active":false,"_monsterinsights_sitenote_note":"","_monsterinsights_sitenote_category":0,"_uf_show_specific_survey":0,"_uf_disable_surveys":false,"jetpack_post_was_ever_published":false,"_jetpack_newsletter_access":"","_jetpack_dont_email_post_to_subs":false,"_jetpack_newsletter_tier_id":0,"_jetpack_memberships_contains_paywalled_content":false,"_jetpack_memberships_contains_paid_content":false,"footnotes":"","jetpack_publicize_message":"","jetpack_publicize_feature_enabled":true,"jetpack_social_post_already_shared":true,"jetpack_social_options":{"image_generator_settings":{"template":"highway","default_image_id":0,"font":"","enabled":false},"version":2}},"categories":[4,19],"tags":[1646,553,1647],"class_list":["post-82649","post","type-post","status-publish","format-standard","has-post-thumbnail","hentry","category-destacadas","category-educacion","tag-asamblea-anual-ordinaria","tag-docentes-agremiados-santiaguenos-das","tag-dr-alfredo-basbus"],"aioseo_notices":[],"views":16,"jetpack_publicize_connections":[],"jetpack_featured_media_url":"https:\/\/i0.wp.com\/elterritorialweb.com.ar\/web\/wp-content\/uploads\/2026\/03\/WhatsApp-Image-2026-03-14-at-09.41.31.jpeg?fit=1600%2C907&ssl=1","jetpack_sharing_enabled":true,"_links":{"self":[{"href":"https:\/\/elterritorialweb.com.ar\/web\/wp-json\/wp\/v2\/posts\/82649","targetHints":{"allow":["GET"]}}],"collection":[{"href":"https:\/\/elterritorialweb.com.ar\/web\/wp-json\/wp\/v2\/posts"}],"about":[{"href":"https:\/\/elterritorialweb.com.ar\/web\/wp-json\/wp\/v2\/types\/post"}],"author":[{"embeddable":true,"href":"https:\/\/elterritorialweb.com.ar\/web\/wp-json\/wp\/v2\/users\/2"}],"replies":[{"embeddable":true,"href":"https:\/\/elterritorialweb.com.ar\/web\/wp-json\/wp\/v2\/comments?post=82649"}],"version-history":[{"count":1,"href":"https:\/\/elterritorialweb.com.ar\/web\/wp-json\/wp\/v2\/posts\/82649\/revisions"}],"predecessor-version":[{"id":82657,"href":"https:\/\/elterritorialweb.com.ar\/web\/wp-json\/wp\/v2\/posts\/82649\/revisions\/82657"}],"wp:featuredmedia":[{"embeddable":true,"href":"https:\/\/elterritorialweb.com.ar\/web\/wp-json\/wp\/v2\/media\/82655"}],"wp:attachment":[{"href":"https:\/\/elterritorialweb.com.ar\/web\/wp-json\/wp\/v2\/media?parent=82649"}],"wp:term":[{"taxonomy":"category","embeddable":true,"href":"https:\/\/elterritorialweb.com.ar\/web\/wp-json\/wp\/v2\/categories?post=82649"},{"taxonomy":"post_tag","embeddable":true,"href":"https:\/\/elterritorialweb.com.ar\/web\/wp-json\/wp\/v2\/tags?post=82649"}],"curies":[{"name":"wp","href":"https:\/\/api.w.org\/{rel}","templated":true}]}}