{"id":82662,"date":"2026-03-14T17:29:00","date_gmt":"2026-03-14T17:29:00","guid":{"rendered":"https:\/\/elterritorialweb.com.ar\/web\/?p=82662"},"modified":"2026-03-14T17:29:08","modified_gmt":"2026-03-14T17:29:08","slug":"el-gobernador-superviso-trabajos-de-asistencia-y-prevencion-por-el-desborde-del-rio-dulce","status":"publish","type":"post","link":"https:\/\/elterritorialweb.com.ar\/web\/el-gobernador-superviso-trabajos-de-asistencia-y-prevencion-por-el-desborde-del-rio-dulce\/","title":{"rendered":"\u200bEL GOBERNADOR SUPERVIS\u00d3 TRABAJOS DE ASISTENCIA Y PREVENCI\u00d3N POR EL DESBORDE DEL R\u00cdO DULCE"},"content":{"rendered":"\n<p>\u200bAnte la creciente del cauce h\u00eddrico que afecta a diversos sectores de la provincia, el gobernador El\u00edas Miguel Su\u00e1rez encabez\u00f3 este s\u00e1bado una jornada de supervisi\u00f3n en las zonas m\u00e1s cr\u00edticas del departamento Capital. El mandatario recorri\u00f3 los frentes de obra y los operativos de emergencia desplegados para mitigar el impacto del agua en las \u00e1reas rurales y urbanas.<\/p>\n\n\n\n<h3 class=\"wp-block-heading\">\u200bIntervenci\u00f3n en puntos cr\u00edticos<\/h3>\n\n\n\n<p>\u200bDurante la recorrida, Su\u00e1rez se hizo presente en la localidad de <strong>Los Cardozos<\/strong>, una de las zonas rurales m\u00e1s comprometidas por el desborde. All\u00ed, junto a equipos operativos, constat\u00f3 el avance de los trabajos de refuerzo de defensas y terraplenes. La inspecci\u00f3n tambi\u00e9n se extendi\u00f3 al sector del <strong>desag\u00fce pluvial sur<\/strong> y la zona de la <strong>Costanera<\/strong>, puntos estrat\u00e9gicos para el drenaje y la contenci\u00f3n del r\u00edo.<\/p>\n\n\n\n<figure class=\"wp-block-image size-large\"><a href=\"https:\/\/i0.wp.com\/elterritorialweb.com.ar\/web\/wp-content\/uploads\/2026\/03\/FB_IMG_1773508467920.jpg\"><img data-recalc-dims=\"1\" decoding=\"async\" width=\"640\" height=\"480\" data-src=\"https:\/\/i0.wp.com\/elterritorialweb.com.ar\/web\/wp-content\/uploads\/2026\/03\/FB_IMG_1773508467920.jpg?resize=640%2C480\" alt=\"\" class=\"wp-image-82664 lazyload\" data-srcset=\"https:\/\/i0.wp.com\/elterritorialweb.com.ar\/web\/wp-content\/uploads\/2026\/03\/FB_IMG_1773508467920.jpg?resize=1024%2C768&amp;ssl=1 1024w, https:\/\/i0.wp.com\/elterritorialweb.com.ar\/web\/wp-content\/uploads\/2026\/03\/FB_IMG_1773508467920.jpg?resize=300%2C225&amp;ssl=1 300w, https:\/\/i0.wp.com\/elterritorialweb.com.ar\/web\/wp-content\/uploads\/2026\/03\/FB_IMG_1773508467920.jpg?resize=768%2C576&amp;ssl=1 768w, https:\/\/i0.wp.com\/elterritorialweb.com.ar\/web\/wp-content\/uploads\/2026\/03\/FB_IMG_1773508467920.jpg?resize=1536%2C1152&amp;ssl=1 1536w, https:\/\/i0.wp.com\/elterritorialweb.com.ar\/web\/wp-content\/uploads\/2026\/03\/FB_IMG_1773508467920.jpg?w=2048&amp;ssl=1 2048w, https:\/\/i0.wp.com\/elterritorialweb.com.ar\/web\/wp-content\/uploads\/2026\/03\/FB_IMG_1773508467920.jpg?w=1280 1280w, https:\/\/i0.wp.com\/elterritorialweb.com.ar\/web\/wp-content\/uploads\/2026\/03\/FB_IMG_1773508467920.jpg?w=1920 1920w\" data-sizes=\"(max-width: 640px) 100vw, 640px\" src=\"data:image\/svg+xml;base64,PHN2ZyB3aWR0aD0iMSIgaGVpZ2h0PSIxIiB4bWxucz0iaHR0cDovL3d3dy53My5vcmcvMjAwMC9zdmciPjwvc3ZnPg==\" style=\"--smush-placeholder-width: 640px; --smush-placeholder-aspect-ratio: 640\/480;\" \/><\/a><\/figure>\n\n\n\n<blockquote class=\"wp-block-quote is-layout-flow wp-block-quote-is-layout-flow\">\n<p>\u200b\u00bbEstamos recorriendo distintos sectores donde se est\u00e1n ejecutando trabajos de contenci\u00f3n y prevenci\u00f3n tras el desborde del r\u00edo\u00bb, afirm\u00f3 el titular del Ejecutivo provincial a trav\u00e9s de sus canales oficiales.<\/p>\n<\/blockquote>\n\n\n\n<h3 class=\"wp-block-heading\">\u200bCompromiso y solidaridad<\/h3>\n\n\n\n<p>\u200bEl operativo no solo se centra en la infraestructura, sino tambi\u00e9n en el acompa\u00f1amiento social. El gobernador destac\u00f3 la labor del personal t\u00e9cnico que trabaja de manera ininterrumpida para asistir a los vecinos que sufrieron el ingreso de agua en sus hogares.<\/p>\n\n\n\n<figure class=\"wp-block-image size-full\"><a href=\"https:\/\/i0.wp.com\/elterritorialweb.com.ar\/web\/wp-content\/uploads\/2026\/03\/1000363430.jpg?ssl=1\"><img data-recalc-dims=\"1\" decoding=\"async\" width=\"640\" height=\"708\" data-src=\"https:\/\/i0.wp.com\/elterritorialweb.com.ar\/web\/wp-content\/uploads\/2026\/03\/1000363430.jpg?resize=640%2C708&#038;ssl=1\" alt=\"\" class=\"wp-image-82665 lazyload\" data-srcset=\"https:\/\/i0.wp.com\/elterritorialweb.com.ar\/web\/wp-content\/uploads\/2026\/03\/1000363430.jpg?w=720&amp;ssl=1 720w, https:\/\/i0.wp.com\/elterritorialweb.com.ar\/web\/wp-content\/uploads\/2026\/03\/1000363430.jpg?resize=271%2C300&amp;ssl=1 271w\" data-sizes=\"(max-width: 640px) 100vw, 640px\" src=\"data:image\/svg+xml;base64,PHN2ZyB3aWR0aD0iMSIgaGVpZ2h0PSIxIiB4bWxucz0iaHR0cDovL3d3dy53My5vcmcvMjAwMC9zdmciPjwvc3ZnPg==\" style=\"--smush-placeholder-width: 640px; --smush-placeholder-aspect-ratio: 640\/708;\" \/><\/a><\/figure>\n\n\n\n<p>\u200bEn este contexto, Su\u00e1rez resalt\u00f3 los valores de la ciudadan\u00eda frente a la contingencia:<\/p>\n\n\n\n<ul class=\"wp-block-list\">\n<li>\u200b<strong>Labor t\u00e9cnica:<\/strong> Supervisi\u00f3n constante de los puntos de filtraci\u00f3n.<\/li>\n\n\n\n<li>\u200b<strong>Asistencia directa:<\/strong> Coordinaci\u00f3n con \u00e1reas de emergencia para familias afectadas.<\/li>\n\n\n\n<li>\u200b<strong>Esp\u00edritu comunitario:<\/strong> El mandatario valor\u00f3 la solidaridad de los santiague\u00f1os, subrayando la fortaleza y unidad caracter\u00edstica de la provincia ante las adversidades clim\u00e1ticas.<\/li>\n<\/ul>\n\n\n\n<p>\u200bPor el momento, las cuadrillas provinciales permanecen en alerta permanente, monitoreando el comportamiento del r\u00edo y reforzando los puntos de contenci\u00f3n para evitar mayores complicaciones en el ejido urbano y rural.<\/p>\n","protected":false},"excerpt":{"rendered":"<p>\u200bEl\u00edas Miguel Su\u00e1rez recorri\u00f3 las zonas afectadas en el departamento Capital, donde equipos t\u00e9cnicos ejecutan tareas de contenci\u00f3n en defensas y brindan asistencia directa a las familias damnificadas.<\/p>\n","protected":false},"author":2,"featured_media":82663,"comment_status":"open","ping_status":"open","sticky":false,"template":"","format":"standard","meta":{"om_disable_all_campaigns":false,"_monsterinsights_skip_tracking":false,"_monsterinsights_sitenote_active":false,"_monsterinsights_sitenote_note":"","_monsterinsights_sitenote_category":0,"_uf_show_specific_survey":0,"_uf_disable_surveys":false,"jetpack_post_was_ever_published":false,"_jetpack_newsletter_access":"","_jetpack_dont_email_post_to_subs":false,"_jetpack_newsletter_tier_id":0,"_jetpack_memberships_contains_paywalled_content":false,"_jetpack_memberships_contains_paid_content":false,"footnotes":"","jetpack_publicize_message":"","jetpack_publicize_feature_enabled":true,"jetpack_social_post_already_shared":true,"jetpack_social_options":{"image_generator_settings":{"template":"highway","default_image_id":0,"font":"","enabled":false},"version":2}},"categories":[4,21],"tags":[322],"class_list":["post-82662","post","type-post","status-publish","format-standard","has-post-thumbnail","hentry","category-destacadas","category-locales","tag-elias-suarez"],"aioseo_notices":[],"views":8,"jetpack_publicize_connections":[],"jetpack_featured_media_url":"https:\/\/i0.wp.com\/elterritorialweb.com.ar\/web\/wp-content\/uploads\/2026\/03\/FB_IMG_1773508464679.jpg?fit=1320%2C1212&ssl=1","jetpack_sharing_enabled":true,"_links":{"self":[{"href":"https:\/\/elterritorialweb.com.ar\/web\/wp-json\/wp\/v2\/posts\/82662","targetHints":{"allow":["GET"]}}],"collection":[{"href":"https:\/\/elterritorialweb.com.ar\/web\/wp-json\/wp\/v2\/posts"}],"about":[{"href":"https:\/\/elterritorialweb.com.ar\/web\/wp-json\/wp\/v2\/types\/post"}],"author":[{"embeddable":true,"href":"https:\/\/elterritorialweb.com.ar\/web\/wp-json\/wp\/v2\/users\/2"}],"replies":[{"embeddable":true,"href":"https:\/\/elterritorialweb.com.ar\/web\/wp-json\/wp\/v2\/comments?post=82662"}],"version-history":[{"count":1,"href":"https:\/\/elterritorialweb.com.ar\/web\/wp-json\/wp\/v2\/posts\/82662\/revisions"}],"predecessor-version":[{"id":82666,"href":"https:\/\/elterritorialweb.com.ar\/web\/wp-json\/wp\/v2\/posts\/82662\/revisions\/82666"}],"wp:featuredmedia":[{"embeddable":true,"href":"https:\/\/elterritorialweb.com.ar\/web\/wp-json\/wp\/v2\/media\/82663"}],"wp:attachment":[{"href":"https:\/\/elterritorialweb.com.ar\/web\/wp-json\/wp\/v2\/media?parent=82662"}],"wp:term":[{"taxonomy":"category","embeddable":true,"href":"https:\/\/elterritorialweb.com.ar\/web\/wp-json\/wp\/v2\/categories?post=82662"},{"taxonomy":"post_tag","embeddable":true,"href":"https:\/\/elterritorialweb.com.ar\/web\/wp-json\/wp\/v2\/tags?post=82662"}],"curies":[{"name":"wp","href":"https:\/\/api.w.org\/{rel}","templated":true}]}}