{"id":82669,"date":"2026-03-14T19:52:05","date_gmt":"2026-03-14T19:52:05","guid":{"rendered":"https:\/\/elterritorialweb.com.ar\/web\/?p=82669"},"modified":"2026-03-14T19:53:26","modified_gmt":"2026-03-14T19:53:26","slug":"el-comite-de-emergencias-trabaja-arduamente-para-brindar-asistencia-a-los-vecinos-damnificados-en-b-salta-prolongacion","status":"publish","type":"post","link":"https:\/\/elterritorialweb.com.ar\/web\/el-comite-de-emergencias-trabaja-arduamente-para-brindar-asistencia-a-los-vecinos-damnificados-en-b-salta-prolongacion\/","title":{"rendered":"EL COMIT\u00c9 DE EMERGENCIAS TRABAJA ARDUAMENTE PARA BRINDAR ASISTENCIA A LOS VECINOS DAMNIFICADOS EN B\u00b0 SALTA PROLONGACI\u00d3N"},"content":{"rendered":"\n<p>\u200b\u200bDurante la ma\u00f1ana de este s\u00e1bado, el <strong>Comit\u00e9 de Emergencia Municipal<\/strong> intensific\u00f3 sus labores en el barrio Salta Prolongaci\u00f3n. El operativo, centrado en la asistencia directa a los damnificados y el uso de maquinaria pesada, tiene como objetivo principal garantizar el escurrimiento de las aguas en los sectores anegados tras el avance del cauce del r\u00edo.<\/p>\n\n\n\n<h3 class=\"wp-block-heading\">\u200bIntervenci\u00f3n t\u00e9cnica y contenci\u00f3n social<\/h3>\n\n\n\n<p>\u200bLas tareas est\u00e1n siendo supervisadas personalmente por el intendente, <strong>Ing. Roger Nediani<\/strong>, quien moviliz\u00f3 a las diferentes carteras municipales para reforzar la contenci\u00f3n en el sector. En el plano t\u00e9cnico, la Secretar\u00eda de Obras P\u00fablicas dispuso de maquinaria pesada en la ribera del <strong>R\u00edo Dulce<\/strong> para bloquear un desag\u00fce por el cual estaba ingresando agua del r\u00edo, factor que imped\u00eda el drenaje natural de las calles.<\/p>\n\n\n\n<figure class=\"wp-block-image size-large\"><a href=\"https:\/\/i0.wp.com\/elterritorialweb.com.ar\/web\/wp-content\/uploads\/2026\/03\/1000363574.jpg?ssl=1\"><img data-recalc-dims=\"1\" decoding=\"async\" width=\"640\" height=\"427\" data-src=\"https:\/\/i0.wp.com\/elterritorialweb.com.ar\/web\/wp-content\/uploads\/2026\/03\/1000363574-1024x683.jpg?resize=640%2C427&#038;ssl=1\" alt=\"\" class=\"wp-image-82672 lazyload\" data-srcset=\"https:\/\/i0.wp.com\/elterritorialweb.com.ar\/web\/wp-content\/uploads\/2026\/03\/1000363574.jpg?resize=1024%2C683&amp;ssl=1 1024w, https:\/\/i0.wp.com\/elterritorialweb.com.ar\/web\/wp-content\/uploads\/2026\/03\/1000363574.jpg?resize=300%2C200&amp;ssl=1 300w, https:\/\/i0.wp.com\/elterritorialweb.com.ar\/web\/wp-content\/uploads\/2026\/03\/1000363574.jpg?resize=768%2C512&amp;ssl=1 768w, https:\/\/i0.wp.com\/elterritorialweb.com.ar\/web\/wp-content\/uploads\/2026\/03\/1000363574.jpg?w=1536&amp;ssl=1 1536w, https:\/\/i0.wp.com\/elterritorialweb.com.ar\/web\/wp-content\/uploads\/2026\/03\/1000363574.jpg?w=1280 1280w\" data-sizes=\"(max-width: 640px) 100vw, 640px\" src=\"data:image\/svg+xml;base64,PHN2ZyB3aWR0aD0iMSIgaGVpZ2h0PSIxIiB4bWxucz0iaHR0cDovL3d3dy53My5vcmcvMjAwMC9zdmciPjwvc3ZnPg==\" style=\"--smush-placeholder-width: 640px; --smush-placeholder-aspect-ratio: 640\/427;\" \/><\/a><\/figure>\n\n\n\n<p>\u200bEn simult\u00e1neo, se despleg\u00f3 un esquema de asistencia sanitaria y log\u00edstica:<\/p>\n\n\n\n<ul class=\"wp-block-list\">\n<li>\u200b<strong>Salud y Alerta Banda:<\/strong> Realizaron el traslado de adultos mayores y vecinos hacia zonas seguras. Muchos residentes debieron abandonar sus hogares con sus pertenencias b\u00e1sicas para salvaguardarse.<\/li>\n\n\n\n<li>\u200b<strong>Nutrici\u00f3n Comunitaria y Desarrollo Social:<\/strong> Proveyeron agua potable y relevaron las necesidades de aquellas familias que optaron por permanecer en sus domicilios.<\/li>\n<\/ul>\n\n\n\n<h3 class=\"wp-block-heading\">\u200bTrabajo articulado y solidaridad<\/h3>\n\n\n\n<p>\u200bEl operativo cuenta con el apoyo estrat\u00e9gico de <strong>Defensa Civil de la Provincia<\/strong> y el personal policial. Adem\u00e1s, se destac\u00f3 el rol de la comunidad y de una iglesia evang\u00e9lica local, que abri\u00f3 sus puertas para funcionar como centro de evacuados.<\/p>\n\n\n\n<blockquote class=\"wp-block-quote is-layout-flow wp-block-quote-is-layout-flow\">\n<p>\u200b\u00bbEstamos monitoreando la costanera para identificar y tapar las bocas de desag\u00fces que permiten el ingreso de agua del r\u00edo\u00bb, explic\u00f3 el secretario de Obras P\u00fablicas, <strong>Cristian Alzamora<\/strong>. El funcionario llev\u00f3 tranquilidad a la poblaci\u00f3n asegurando que las tareas no cesar\u00e1n: \u00abPedimos paciencia a los vecinos; trabajaremos durante todo el d\u00eda y ma\u00f1ana hasta alcanzar una soluci\u00f3n definitiva\u00bb.<\/p>\n<\/blockquote>\n","protected":false},"excerpt":{"rendered":"<p>Bajo la coordinaci\u00f3n del intendente Roger Nediani, diversas \u00e1reas municipales y provinciales despliegan un operativo integral de asistencia social y obras de infraestructura para mitigar las inundaciones en el sector.<\/p>\n","protected":false},"author":2,"featured_media":82670,"comment_status":"open","ping_status":"open","sticky":false,"template":"","format":"standard","meta":{"om_disable_all_campaigns":false,"_monsterinsights_skip_tracking":false,"_monsterinsights_sitenote_active":false,"_monsterinsights_sitenote_note":"","_monsterinsights_sitenote_category":0,"_uf_show_specific_survey":0,"_uf_disable_surveys":false,"jetpack_post_was_ever_published":false,"_jetpack_newsletter_access":"","_jetpack_dont_email_post_to_subs":false,"_jetpack_newsletter_tier_id":0,"_jetpack_memberships_contains_paywalled_content":false,"_jetpack_memberships_contains_paid_content":false,"footnotes":"","jetpack_publicize_message":"","jetpack_publicize_feature_enabled":true,"jetpack_social_post_already_shared":true,"jetpack_social_options":{"image_generator_settings":{"template":"highway","default_image_id":0,"font":"","enabled":false},"version":2}},"categories":[9,4],"tags":[],"class_list":["post-82669","post","type-post","status-publish","format-standard","has-post-thumbnail","hentry","category-banda","category-destacadas"],"aioseo_notices":[],"views":10,"jetpack_publicize_connections":[],"jetpack_featured_media_url":"https:\/\/i0.wp.com\/elterritorialweb.com.ar\/web\/wp-content\/uploads\/2026\/03\/IMG-20260314-WA0008.jpg?fit=1504%2C1000&ssl=1","jetpack_sharing_enabled":true,"_links":{"self":[{"href":"https:\/\/elterritorialweb.com.ar\/web\/wp-json\/wp\/v2\/posts\/82669","targetHints":{"allow":["GET"]}}],"collection":[{"href":"https:\/\/elterritorialweb.com.ar\/web\/wp-json\/wp\/v2\/posts"}],"about":[{"href":"https:\/\/elterritorialweb.com.ar\/web\/wp-json\/wp\/v2\/types\/post"}],"author":[{"embeddable":true,"href":"https:\/\/elterritorialweb.com.ar\/web\/wp-json\/wp\/v2\/users\/2"}],"replies":[{"embeddable":true,"href":"https:\/\/elterritorialweb.com.ar\/web\/wp-json\/wp\/v2\/comments?post=82669"}],"version-history":[{"count":2,"href":"https:\/\/elterritorialweb.com.ar\/web\/wp-json\/wp\/v2\/posts\/82669\/revisions"}],"predecessor-version":[{"id":82673,"href":"https:\/\/elterritorialweb.com.ar\/web\/wp-json\/wp\/v2\/posts\/82669\/revisions\/82673"}],"wp:featuredmedia":[{"embeddable":true,"href":"https:\/\/elterritorialweb.com.ar\/web\/wp-json\/wp\/v2\/media\/82670"}],"wp:attachment":[{"href":"https:\/\/elterritorialweb.com.ar\/web\/wp-json\/wp\/v2\/media?parent=82669"}],"wp:term":[{"taxonomy":"category","embeddable":true,"href":"https:\/\/elterritorialweb.com.ar\/web\/wp-json\/wp\/v2\/categories?post=82669"},{"taxonomy":"post_tag","embeddable":true,"href":"https:\/\/elterritorialweb.com.ar\/web\/wp-json\/wp\/v2\/tags?post=82669"}],"curies":[{"name":"wp","href":"https:\/\/api.w.org\/{rel}","templated":true}]}}