{"id":82679,"date":"2026-03-14T20:06:39","date_gmt":"2026-03-14T20:06:39","guid":{"rendered":"https:\/\/elterritorialweb.com.ar\/web\/?p=82679"},"modified":"2026-03-14T20:06:41","modified_gmt":"2026-03-14T20:06:41","slug":"la-municipalidad-refuerza-las-tareas-de-prevencion-ante-la-creciente-extraordinaria-del-rio-dulce","status":"publish","type":"post","link":"https:\/\/elterritorialweb.com.ar\/web\/la-municipalidad-refuerza-las-tareas-de-prevencion-ante-la-creciente-extraordinaria-del-rio-dulce\/","title":{"rendered":"\u200bLA MUNICIPALIDAD REFUERZA LAS TAREAS DE PREVENCI\u00d3N ANTE LA CRECIENTE EXTRAORDINARIA DEL R\u00cdO DULCE"},"content":{"rendered":"\n<p>\u200b\u200bEn el marco de un operativo de emergencia, la Municipalidad de la Capital contin\u00faa ejecutando trabajos cr\u00edticos a lo largo de la Costanera ante el paso de una creciente extraordinaria del R\u00edo Dulce. Las tareas buscan resguardar la infraestructura urbana y garantizar la seguridad en las zonas ribere\u00f1as.<\/p>\n\n\n\n<h3 class=\"wp-block-heading\">\u200bSupervisi\u00f3n en terreno<\/h3>\n\n\n\n<figure class=\"wp-block-image size-large\"><a href=\"https:\/\/i0.wp.com\/elterritorialweb.com.ar\/web\/wp-content\/uploads\/2026\/03\/1000363577.jpg?ssl=1\"><img data-recalc-dims=\"1\" decoding=\"async\" width=\"640\" height=\"427\" data-src=\"https:\/\/i0.wp.com\/elterritorialweb.com.ar\/web\/wp-content\/uploads\/2026\/03\/1000363577-1024x683.jpg?resize=640%2C427&#038;ssl=1\" alt=\"\" class=\"wp-image-82681 lazyload\" data-srcset=\"https:\/\/i0.wp.com\/elterritorialweb.com.ar\/web\/wp-content\/uploads\/2026\/03\/1000363577.jpg?resize=1024%2C683&amp;ssl=1 1024w, https:\/\/i0.wp.com\/elterritorialweb.com.ar\/web\/wp-content\/uploads\/2026\/03\/1000363577.jpg?resize=300%2C200&amp;ssl=1 300w, https:\/\/i0.wp.com\/elterritorialweb.com.ar\/web\/wp-content\/uploads\/2026\/03\/1000363577.jpg?resize=768%2C512&amp;ssl=1 768w, https:\/\/i0.wp.com\/elterritorialweb.com.ar\/web\/wp-content\/uploads\/2026\/03\/1000363577.jpg?w=1392&amp;ssl=1 1392w, https:\/\/i0.wp.com\/elterritorialweb.com.ar\/web\/wp-content\/uploads\/2026\/03\/1000363577.jpg?w=1280 1280w\" data-sizes=\"(max-width: 640px) 100vw, 640px\" src=\"data:image\/svg+xml;base64,PHN2ZyB3aWR0aD0iMSIgaGVpZ2h0PSIxIiB4bWxucz0iaHR0cDovL3d3dy53My5vcmcvMjAwMC9zdmciPjwvc3ZnPg==\" style=\"--smush-placeholder-width: 640px; --smush-placeholder-aspect-ratio: 640\/427;\" \/><\/a><\/figure>\n\n\n\n<p>\u200bLa intendente de la Capital, <strong>Ing. Norma Fuentes<\/strong>, junto al subsecretario de Obras P\u00fablicas de la provincia, <strong>Jorge Zua\u00edn<\/strong>, recorrieron los puntos estrat\u00e9gicos donde se despliega maquinaria y personal t\u00e9cnico. Durante la inspecci\u00f3n, se evalu\u00f3 el estado de las defensas y la capacidad de respuesta de los sistemas de drenaje frente al aumento del caudal.<\/p>\n\n\n\n<h3 class=\"wp-block-heading\">\u200bCoordinaci\u00f3n con la Provincia<\/h3>\n\n\n\n<p>\u200bEl despliegue cuenta con un fuerte respaldo del Gobierno Provincial. En este sentido, durante las intervenciones realizadas en el <strong>Desag\u00fce Principal Sur<\/strong>, la jefa comunal mantuvo un encuentro de trabajo con el jefe de Gabinete, <strong>El\u00edas Su\u00e1rez<\/strong>.<\/p>\n\n\n\n<figure class=\"wp-block-image size-large\"><a href=\"https:\/\/i0.wp.com\/elterritorialweb.com.ar\/web\/wp-content\/uploads\/2026\/03\/1000363576.jpg?ssl=1\"><img data-recalc-dims=\"1\" decoding=\"async\" width=\"640\" height=\"427\" data-src=\"https:\/\/i0.wp.com\/elterritorialweb.com.ar\/web\/wp-content\/uploads\/2026\/03\/1000363576-1024x683.jpg?resize=640%2C427&#038;ssl=1\" alt=\"\" class=\"wp-image-82682 lazyload\" data-srcset=\"https:\/\/i0.wp.com\/elterritorialweb.com.ar\/web\/wp-content\/uploads\/2026\/03\/1000363576.jpg?resize=1024%2C683&amp;ssl=1 1024w, https:\/\/i0.wp.com\/elterritorialweb.com.ar\/web\/wp-content\/uploads\/2026\/03\/1000363576.jpg?resize=300%2C200&amp;ssl=1 300w, https:\/\/i0.wp.com\/elterritorialweb.com.ar\/web\/wp-content\/uploads\/2026\/03\/1000363576.jpg?resize=768%2C512&amp;ssl=1 768w, https:\/\/i0.wp.com\/elterritorialweb.com.ar\/web\/wp-content\/uploads\/2026\/03\/1000363576.jpg?w=1392&amp;ssl=1 1392w, https:\/\/i0.wp.com\/elterritorialweb.com.ar\/web\/wp-content\/uploads\/2026\/03\/1000363576.jpg?w=1280 1280w\" data-sizes=\"(max-width: 640px) 100vw, 640px\" src=\"data:image\/svg+xml;base64,PHN2ZyB3aWR0aD0iMSIgaGVpZ2h0PSIxIiB4bWxucz0iaHR0cDovL3d3dy53My5vcmcvMjAwMC9zdmciPjwvc3ZnPg==\" style=\"--smush-placeholder-width: 640px; --smush-placeholder-aspect-ratio: 640\/427;\" \/><\/a><\/figure>\n\n\n\n<p>\u200bEl funcionario provincial recorri\u00f3 las zonas afectadas para fiscalizar el avance de las tareas preventivas, subrayando la importancia de la acci\u00f3n conjunta entre las distintas \u00e1reas del Estado para monitorear el comportamiento del r\u00edo en las pr\u00f3ximas horas.<\/p>\n\n\n\n<p><\/p>\n","protected":false},"excerpt":{"rendered":"<p>La intendente Norma Fuentes supervis\u00f3 los operativos en la zona de la Costanera junto a autoridades provinciales para mitigar el impacto del caudal h\u00eddrico.<\/p>\n","protected":false},"author":2,"featured_media":82680,"comment_status":"open","ping_status":"open","sticky":false,"template":"","format":"standard","meta":{"om_disable_all_campaigns":false,"_monsterinsights_skip_tracking":false,"_monsterinsights_sitenote_active":false,"_monsterinsights_sitenote_note":"","_monsterinsights_sitenote_category":0,"_uf_show_specific_survey":0,"_uf_disable_surveys":false,"jetpack_post_was_ever_published":false,"_jetpack_newsletter_access":"","_jetpack_dont_email_post_to_subs":false,"_jetpack_newsletter_tier_id":0,"_jetpack_memberships_contains_paywalled_content":false,"_jetpack_memberships_contains_paid_content":false,"footnotes":"","jetpack_publicize_message":"","jetpack_publicize_feature_enabled":true,"jetpack_social_post_already_shared":true,"jetpack_social_options":{"image_generator_settings":{"template":"highway","default_image_id":0,"font":"","enabled":false},"version":2}},"categories":[4,21],"tags":[73,116],"class_list":["post-82679","post","type-post","status-publish","format-standard","has-post-thumbnail","hentry","category-destacadas","category-locales","tag-municipalidad-de-la-capital","tag-norma-fuentes"],"aioseo_notices":[],"views":9,"jetpack_publicize_connections":[],"jetpack_featured_media_url":"https:\/\/i0.wp.com\/elterritorialweb.com.ar\/web\/wp-content\/uploads\/2026\/03\/FB_IMG_1773518537462.jpg?fit=1392%2C928&ssl=1","jetpack_sharing_enabled":true,"_links":{"self":[{"href":"https:\/\/elterritorialweb.com.ar\/web\/wp-json\/wp\/v2\/posts\/82679","targetHints":{"allow":["GET"]}}],"collection":[{"href":"https:\/\/elterritorialweb.com.ar\/web\/wp-json\/wp\/v2\/posts"}],"about":[{"href":"https:\/\/elterritorialweb.com.ar\/web\/wp-json\/wp\/v2\/types\/post"}],"author":[{"embeddable":true,"href":"https:\/\/elterritorialweb.com.ar\/web\/wp-json\/wp\/v2\/users\/2"}],"replies":[{"embeddable":true,"href":"https:\/\/elterritorialweb.com.ar\/web\/wp-json\/wp\/v2\/comments?post=82679"}],"version-history":[{"count":1,"href":"https:\/\/elterritorialweb.com.ar\/web\/wp-json\/wp\/v2\/posts\/82679\/revisions"}],"predecessor-version":[{"id":82683,"href":"https:\/\/elterritorialweb.com.ar\/web\/wp-json\/wp\/v2\/posts\/82679\/revisions\/82683"}],"wp:featuredmedia":[{"embeddable":true,"href":"https:\/\/elterritorialweb.com.ar\/web\/wp-json\/wp\/v2\/media\/82680"}],"wp:attachment":[{"href":"https:\/\/elterritorialweb.com.ar\/web\/wp-json\/wp\/v2\/media?parent=82679"}],"wp:term":[{"taxonomy":"category","embeddable":true,"href":"https:\/\/elterritorialweb.com.ar\/web\/wp-json\/wp\/v2\/categories?post=82679"},{"taxonomy":"post_tag","embeddable":true,"href":"https:\/\/elterritorialweb.com.ar\/web\/wp-json\/wp\/v2\/tags?post=82679"}],"curies":[{"name":"wp","href":"https:\/\/api.w.org\/{rel}","templated":true}]}}