{"id":82704,"date":"2026-03-15T03:05:27","date_gmt":"2026-03-15T03:05:27","guid":{"rendered":"https:\/\/elterritorialweb.com.ar\/web\/?p=82704"},"modified":"2026-03-15T03:05:31","modified_gmt":"2026-03-15T03:05:31","slug":"guemes-no-logro-sostener-la-diferencia-y-repartio-puntos-ante-tristan-suarez","status":"publish","type":"post","link":"https:\/\/elterritorialweb.com.ar\/web\/guemes-no-logro-sostener-la-diferencia-y-repartio-puntos-ante-tristan-suarez\/","title":{"rendered":"G\u00dcEMES NO LOGR\u00d3 SOSTENER LA DIFERENCIA Y REPARTI\u00d3 PUNTOS ANTE TRIST\u00c1N SU\u00c1REZ"},"content":{"rendered":"\n<p>\u200bEn un encuentro de tr\u00e1mite cambiante, <strong>Club Atl\u00e9tico G\u00fcemes<\/strong> igual\u00f3 1-1 en su visita a <strong>Trist\u00e1n Su\u00e1rez<\/strong>. El conjunto santiague\u00f1o, que mostr\u00f3 pasajes de buen f\u00fatbol y solidez t\u00e1ctica, no pudo cerrar el partido a su favor y termin\u00f3 cediendo dos unidades tras un inicio accidentado en la segunda mitad.<\/p>\n\n\n\n<h3 class=\"wp-block-heading\">\u200b<strong>Un zapatazo para romper la paridad<\/strong><\/h3>\n\n\n\n<p>\u200bLa primera parte se desarroll\u00f3 bajo un marco de paridad absoluta, con ambos equipos disputando la posesi\u00f3n en la zona media. Sin embargo, el equipo de Santiago del Estero insinuaba mayor peligrosidad en sus transiciones ofensivas.<\/p>\n\n\n\n<p>\u200bCuando el primer tiempo se extingu\u00eda, a los <strong>42 minutos<\/strong>, lleg\u00f3 la joya de la tarde: <strong>Ben\u00edtez<\/strong> captur\u00f3 un bal\u00f3n fuera del \u00e1rea y, con un remate potente y preciso, colg\u00f3 el cuero en el \u00e1ngulo derecho del portero Bigo. Un gol de otro partido que le daba al \u00abGaucho\u00bb la ventaja m\u00ednima antes de irse a los vestuarios.<\/p>\n\n\n\n<h3 class=\"wp-block-heading\">\u200b<strong>Reacci\u00f3n local y desenlace<\/strong><\/h3>\n\n\n\n<p>\u200bEl libreto cambi\u00f3 dr\u00e1sticamente en el inicio del complemento. Trist\u00e1n Su\u00e1rez adelant\u00f3 sus l\u00edneas y, antes de que G\u00fcemes pudiera acomodarse, encontr\u00f3 la igualdad. A los <strong>3 minutos<\/strong>, <strong>Kevin Colli<\/strong> aprovech\u00f3 una desatenci\u00f3n defensiva para marcar el 1-1, devolvi\u00e9ndole la intensidad al conjunto local.<\/p>\n\n\n\n<p>\u200bA partir del empate, el juego se volvi\u00f3 de ida y vuelta. Si bien ambos t\u00e9cnicos movieron el banco buscando frescura para romper la defensa rival, la falta de punter\u00eda en los \u00faltimos metros sentenci\u00f3 la paridad.<\/p>\n\n\n\n<blockquote class=\"wp-block-quote is-layout-flow wp-block-quote-is-layout-flow\"><\/blockquote>\n\n\n\n<h3 class=\"wp-block-heading\">\u200b<strong>Lo que viene<\/strong><\/h3>\n\n\n\n<p>\u200bCon este resultado, G\u00fcemes suma una unidad valiosa en condici\u00f3n de visitante, aunque queda el sabor amargo de haber tenido el triunfo en sus manos. El plantel regresar\u00e1 a Santiago para preparar su pr\u00f3ximo desaf\u00edo: recibir\u00e1 a <strong>Agropecuario Argentino<\/strong> por la sexta fecha, con la premisa de reencontrarse con la victoria ante su gente.<\/p>\n","protected":false},"excerpt":{"rendered":"<p>El \u00abGaucho\u00bb lo ganaba con un golazo de Ben\u00edtez, pero el \u00abLechero\u00bb reaccion\u00f3 al inicio del complemento para sellar el 1-1 definitivo por la quinta fecha de la Primera Nacional.<\/p>\n","protected":false},"author":2,"featured_media":82703,"comment_status":"open","ping_status":"open","sticky":false,"template":"","format":"standard","meta":{"om_disable_all_campaigns":false,"_monsterinsights_skip_tracking":false,"_monsterinsights_sitenote_active":false,"_monsterinsights_sitenote_note":"","_monsterinsights_sitenote_category":0,"_uf_show_specific_survey":0,"_uf_disable_surveys":false,"jetpack_post_was_ever_published":false,"_jetpack_newsletter_access":"","_jetpack_dont_email_post_to_subs":false,"_jetpack_newsletter_tier_id":0,"_jetpack_memberships_contains_paywalled_content":false,"_jetpack_memberships_contains_paid_content":false,"footnotes":"","jetpack_publicize_message":"","jetpack_publicize_feature_enabled":true,"jetpack_social_post_already_shared":true,"jetpack_social_options":{"image_generator_settings":{"template":"highway","default_image_id":0,"font":"","enabled":false},"version":2}},"categories":[6,4],"tags":[818,94,1648,532],"class_list":["post-82704","post","type-post","status-publish","format-standard","has-post-thumbnail","hentry","category-deportes","category-destacadas","tag-club-atletico-guemes","tag-primera-nacional","tag-tri","tag-tristan-suarez"],"aioseo_notices":[],"views":24,"jetpack_publicize_connections":[],"jetpack_featured_media_url":"https:\/\/i0.wp.com\/elterritorialweb.com.ar\/web\/wp-content\/uploads\/2026\/03\/20260314_234413.jpg?fit=961%2C802&ssl=1","jetpack_sharing_enabled":true,"_links":{"self":[{"href":"https:\/\/elterritorialweb.com.ar\/web\/wp-json\/wp\/v2\/posts\/82704","targetHints":{"allow":["GET"]}}],"collection":[{"href":"https:\/\/elterritorialweb.com.ar\/web\/wp-json\/wp\/v2\/posts"}],"about":[{"href":"https:\/\/elterritorialweb.com.ar\/web\/wp-json\/wp\/v2\/types\/post"}],"author":[{"embeddable":true,"href":"https:\/\/elterritorialweb.com.ar\/web\/wp-json\/wp\/v2\/users\/2"}],"replies":[{"embeddable":true,"href":"https:\/\/elterritorialweb.com.ar\/web\/wp-json\/wp\/v2\/comments?post=82704"}],"version-history":[{"count":1,"href":"https:\/\/elterritorialweb.com.ar\/web\/wp-json\/wp\/v2\/posts\/82704\/revisions"}],"predecessor-version":[{"id":82705,"href":"https:\/\/elterritorialweb.com.ar\/web\/wp-json\/wp\/v2\/posts\/82704\/revisions\/82705"}],"wp:featuredmedia":[{"embeddable":true,"href":"https:\/\/elterritorialweb.com.ar\/web\/wp-json\/wp\/v2\/media\/82703"}],"wp:attachment":[{"href":"https:\/\/elterritorialweb.com.ar\/web\/wp-json\/wp\/v2\/media?parent=82704"}],"wp:term":[{"taxonomy":"category","embeddable":true,"href":"https:\/\/elterritorialweb.com.ar\/web\/wp-json\/wp\/v2\/categories?post=82704"},{"taxonomy":"post_tag","embeddable":true,"href":"https:\/\/elterritorialweb.com.ar\/web\/wp-json\/wp\/v2\/tags?post=82704"}],"curies":[{"name":"wp","href":"https:\/\/api.w.org\/{rel}","templated":true}]}}