{"id":83562,"date":"2026-04-09T14:46:15","date_gmt":"2026-04-09T14:46:15","guid":{"rendered":"https:\/\/elterritorialweb.com.ar\/web\/?p=83562"},"modified":"2026-04-09T14:46:18","modified_gmt":"2026-04-09T14:46:18","slug":"sancionaron-la-reforma-de-la-ley-de-glaciares-en-diputados","status":"publish","type":"post","link":"https:\/\/elterritorialweb.com.ar\/web\/sancionaron-la-reforma-de-la-ley-de-glaciares-en-diputados\/","title":{"rendered":"SANCIONARON LA REFORMA DE LA LEY DE GLACIARES EN DIPUTADOS"},"content":{"rendered":"\n<p>En una sesi\u00f3n que se extendi\u00f3 hasta las primeras horas de este jueves, la <strong>C\u00e1mara de Diputados de la Naci\u00f3n<\/strong> sancion\u00f3 de manera definitiva el proyecto de reforma a la <strong>Ley de Glaciares<\/strong>. La iniciativa, que cont\u00f3 con un respaldo de <strong>137 votos a favor<\/strong>, introduce modificaciones estructurales en la protecci\u00f3n de \u00e1reas periglaciares con el objetivo de facilitar el desarrollo de la actividad extractiva en la zona cordillerana.<\/p>\n\n\n\n<p>\u200bDesde el Poder Ejecutivo calificaron la jornada como un hito para la econom\u00eda nacional. Fuentes oficiales argumentaron que la nueva normativa proporcionar\u00e1 la <strong>\u00abseguridad jur\u00eddica\u00bb<\/strong> necesaria para atraer inversiones extranjeras a gran escala, poniendo el foco principalmente en la extracci\u00f3n de <strong>litio y cobre<\/strong>, minerales considerados cr\u00edticos para la transici\u00f3n energ\u00e9tica global. Seg\u00fan la visi\u00f3n oficial, esta adecuaci\u00f3n permitir\u00e1 delimitar con mayor precisi\u00f3n las zonas de exclusi\u00f3n sin obstaculizar el potencial minero de las provincias.<\/p>\n\n\n\n<p>\u200bSin embargo, la sanci\u00f3n desat\u00f3 una reacci\u00f3n inmediata de los sectores civiles. Organizaciones de peso como <strong>Greenpeace<\/strong> y la <strong>Fundaci\u00f3n Ambiente y Recursos Naturales (FARN)<\/strong> anunciaron el lanzamiento de una <strong>demanda colectiva<\/strong> ante la Justicia. Los referentes ambientales sostienen que la reforma constituye un \u00abretroceso irreversible\u00bb para el ecosistema y advierten que la flexibilizaci\u00f3n de los controles pone en riesgo las principales reservas h\u00eddricas del pa\u00eds, las cuales dependen directamente de la salud de los glaciares y su entorno periglaciar.<\/p>\n\n\n\n<p>\u200bEl conflicto ahora se trasladar\u00e1 a los tribunales, donde se espera una batalla legal que determinar\u00e1 el alcance real de la explotaci\u00f3n minera frente a la protecci\u00f3n de los recursos naturales en la alta monta\u00f1a.<\/p>\n\n\n\n<p><\/p>\n","protected":false},"excerpt":{"rendered":"<p>\u200bLa C\u00e1mara Baja aprob\u00f3 con 137 votos la adecuaci\u00f3n de la normativa vigente, impulsando la seguridad jur\u00eddica para la explotaci\u00f3n minera de litio y cobre. Mientras el Gobierno celebra la medida, organizaciones ambientalistas presentaron una demanda colectiva para frenar su aplicaci\u00f3n.<\/p>\n","protected":false},"author":2,"featured_media":83563,"comment_status":"open","ping_status":"open","sticky":false,"template":"","format":"standard","meta":{"om_disable_all_campaigns":false,"_monsterinsights_skip_tracking":false,"_monsterinsights_sitenote_active":false,"_monsterinsights_sitenote_note":"","_monsterinsights_sitenote_category":0,"_uf_show_specific_survey":0,"_uf_disable_surveys":false,"jetpack_post_was_ever_published":false,"_jetpack_newsletter_access":"","_jetpack_dont_email_post_to_subs":false,"_jetpack_newsletter_tier_id":0,"_jetpack_memberships_contains_paywalled_content":false,"_jetpack_memberships_contains_paid_content":false,"footnotes":"","jetpack_publicize_message":"","jetpack_publicize_feature_enabled":true,"jetpack_social_post_already_shared":true,"jetpack_social_options":{"image_generator_settings":{"template":"highway","default_image_id":0,"font":"","enabled":false},"version":2}},"categories":[4,7],"tags":[1449,1688],"class_list":["post-83562","post","type-post","status-publish","format-standard","has-post-thumbnail","hentry","category-destacadas","category-nacionales","tag-camara-de-diputados-de-la-nacion-2","tag-ley-de-glaciares"],"aioseo_notices":[],"views":7,"jetpack_publicize_connections":[],"jetpack_featured_media_url":"https:\/\/i0.wp.com\/elterritorialweb.com.ar\/web\/wp-content\/uploads\/2026\/04\/sesionglaciares202601-scaled.jpeg?fit=2560%2C1707&ssl=1","jetpack_sharing_enabled":true,"_links":{"self":[{"href":"https:\/\/elterritorialweb.com.ar\/web\/wp-json\/wp\/v2\/posts\/83562","targetHints":{"allow":["GET"]}}],"collection":[{"href":"https:\/\/elterritorialweb.com.ar\/web\/wp-json\/wp\/v2\/posts"}],"about":[{"href":"https:\/\/elterritorialweb.com.ar\/web\/wp-json\/wp\/v2\/types\/post"}],"author":[{"embeddable":true,"href":"https:\/\/elterritorialweb.com.ar\/web\/wp-json\/wp\/v2\/users\/2"}],"replies":[{"embeddable":true,"href":"https:\/\/elterritorialweb.com.ar\/web\/wp-json\/wp\/v2\/comments?post=83562"}],"version-history":[{"count":1,"href":"https:\/\/elterritorialweb.com.ar\/web\/wp-json\/wp\/v2\/posts\/83562\/revisions"}],"predecessor-version":[{"id":83564,"href":"https:\/\/elterritorialweb.com.ar\/web\/wp-json\/wp\/v2\/posts\/83562\/revisions\/83564"}],"wp:featuredmedia":[{"embeddable":true,"href":"https:\/\/elterritorialweb.com.ar\/web\/wp-json\/wp\/v2\/media\/83563"}],"wp:attachment":[{"href":"https:\/\/elterritorialweb.com.ar\/web\/wp-json\/wp\/v2\/media?parent=83562"}],"wp:term":[{"taxonomy":"category","embeddable":true,"href":"https:\/\/elterritorialweb.com.ar\/web\/wp-json\/wp\/v2\/categories?post=83562"},{"taxonomy":"post_tag","embeddable":true,"href":"https:\/\/elterritorialweb.com.ar\/web\/wp-json\/wp\/v2\/tags?post=83562"}],"curies":[{"name":"wp","href":"https:\/\/api.w.org\/{rel}","templated":true}]}}