{"id":83565,"date":"2026-04-09T14:54:58","date_gmt":"2026-04-09T14:54:58","guid":{"rendered":"https:\/\/elterritorialweb.com.ar\/web\/?p=83565"},"modified":"2026-04-09T14:55:59","modified_gmt":"2026-04-09T14:55:59","slug":"sancionaron-la-reforma-de-la-ley-de-glaciares-los-puntos-claves-del-proyecto","status":"publish","type":"post","link":"https:\/\/elterritorialweb.com.ar\/web\/sancionaron-la-reforma-de-la-ley-de-glaciares-los-puntos-claves-del-proyecto\/","title":{"rendered":"SANCIONARON LA REFORMA DE LA LEY DE GLACIARES: LOS PUNTOS CLAVES DEL PROYECTO"},"content":{"rendered":"\n<p>\u200bLa <strong>C\u00e1mara de Diputados<\/strong> aprob\u00f3 modificaciones estructurales a la normativa de protecci\u00f3n de hielos continentales. El nuevo marco legal redefine las zonas de explotaci\u00f3n, prioriza la seguridad jur\u00eddica para la miner\u00eda de litio y cobre, y establece nuevos criterios t\u00e9cnicos para la delimitaci\u00f3n del \u00e1rea periglaciar.<\/p>\n\n\n\n<p>\u200bTras una extensa jornada legislativa, la reforma de la <strong>Ley de Presupuestos M\u00ednimos para la Preservaci\u00f3n de los Glaciares y del Entorno Periglaciar<\/strong> fue convertida en ley. La iniciativa busca \u00abmodernizar\u00bb un marco regulatorio que, seg\u00fan el sector productivo, manten\u00eda zonas grises que frenaban inversiones millonarias.<\/p>\n\n\n\n<p>\u200bA continuaci\u00f3n, los ejes centrales que definen la nueva normativa:<\/p>\n\n\n\n<h3 class=\"wp-block-heading\">\u200b1. Redefinici\u00f3n del Ambiente Periglaciar<\/h3>\n\n\n\n<p>\u200bEl punto m\u00e1s controversial de la reforma es la nueva delimitaci\u00f3n t\u00e9cnica de lo que se considera <strong>ambiente periglaciar<\/strong>. A diferencia de la ley anterior, ahora solo se proteger\u00e1n aquellas \u00e1reas que act\u00faen como \u00abreservas h\u00eddricas estrat\u00e9gicas\u00bb. Esto permitir\u00eda la actividad minera en zonas que, pese a tener suelos congelados, no contribuyen directamente al caudal de las cuencas h\u00eddricas.<\/p>\n\n\n\n<h3 class=\"wp-block-heading\">\u200b2. Seguridad Jur\u00eddica para el Litio y el Cobre<\/h3>\n\n\n\n<p>\u200bEl texto aprobado introduce garant\u00edas espec\u00edficas para las empresas transnacionales. El objetivo principal es blindar los proyectos de extracci\u00f3n de <strong>litio y cobre<\/strong> en las provincias cordilleranas, asegurando que las autorizaciones ambientales otorgadas no sean revertidas por interpretaciones variables de la ley anterior.<\/p>\n\n\n\n<h3 class=\"wp-block-heading\">\u200b3. Autoridad de Aplicaci\u00f3n Provincial<\/h3>\n\n\n\n<p>\u200bSi bien se mantienen los presupuestos m\u00ednimos nacionales, la reforma otorga mayor peso a las provincias en la gesti\u00f3n de sus recursos naturales. Las autoridades locales tendr\u00e1n una participaci\u00f3n m\u00e1s activa en la validaci\u00f3n de los inventarios de glaciares dentro de sus jurisdicciones, agilizando los procesos de aprobaci\u00f3n de Impacto Ambiental.<\/p>\n\n\n\n<h3 class=\"wp-block-heading\">\u200b4. Inventario Nacional Actualizado<\/h3>\n\n\n\n<p>\u200bLa ley ordena una actualizaci\u00f3n inmediata del <strong>Inventario Nacional de Glaciares<\/strong>. Este relevamiento t\u00e9cnico ser\u00e1 fundamental para determinar qu\u00e9 cuerpos de hielo quedan bajo protecci\u00f3n absoluta y cu\u00e1les zonas quedan liberadas para el desarrollo de infraestructura y miner\u00eda.<\/p>\n\n\n\n<h3 class=\"wp-block-heading\">\u200b5. Reacci\u00f3n Civil y Judicializaci\u00f3n<\/h3>\n\n\n\n<p>\u200bEl punto final de la jornada no se dio en el recinto, sino en los tribunales. Organizaciones ambientales ya han interpuesto recursos de amparo, argumentando que la ley viola el <strong>principio de no regresividad<\/strong> en materia ambiental, ya que reduce el est\u00e1ndar de protecci\u00f3n de un ecosistema cr\u00edtico en plena crisis clim\u00e1tica.<\/p>\n","protected":false},"excerpt":{"rendered":"<p>\u200bLa C\u00e1mara de Diputados aprob\u00f3 modificaciones estructurales a la normativa de protecci\u00f3n de hielos continentales. El nuevo marco legal redefine las zonas de explotaci\u00f3n, prioriza la seguridad jur\u00eddica para la miner\u00eda de litio y cobre, y establece nuevos criterios t\u00e9cnicos para la delimitaci\u00f3n del \u00e1rea periglaciar.<\/p>\n","protected":false},"author":2,"featured_media":83566,"comment_status":"open","ping_status":"open","sticky":false,"template":"","format":"standard","meta":{"om_disable_all_campaigns":false,"_monsterinsights_skip_tracking":false,"_monsterinsights_sitenote_active":false,"_monsterinsights_sitenote_note":"","_monsterinsights_sitenote_category":0,"_uf_show_specific_survey":0,"_uf_disable_surveys":false,"jetpack_post_was_ever_published":false,"_jetpack_newsletter_access":"","_jetpack_dont_email_post_to_subs":false,"_jetpack_newsletter_tier_id":0,"_jetpack_memberships_contains_paywalled_content":false,"_jetpack_memberships_contains_paid_content":false,"footnotes":"","jetpack_publicize_message":"","jetpack_publicize_feature_enabled":true,"jetpack_social_post_already_shared":true,"jetpack_social_options":{"image_generator_settings":{"template":"highway","default_image_id":0,"font":"","enabled":false},"version":2}},"categories":[4,7],"tags":[1688],"class_list":["post-83565","post","type-post","status-publish","format-standard","has-post-thumbnail","hentry","category-destacadas","category-nacionales","tag-ley-de-glaciares"],"aioseo_notices":[],"views":7,"jetpack_publicize_connections":[],"jetpack_featured_media_url":"https:\/\/i0.wp.com\/elterritorialweb.com.ar\/web\/wp-content\/uploads\/2026\/04\/1000392534.jpg?fit=800%2C532&ssl=1","jetpack_sharing_enabled":true,"_links":{"self":[{"href":"https:\/\/elterritorialweb.com.ar\/web\/wp-json\/wp\/v2\/posts\/83565","targetHints":{"allow":["GET"]}}],"collection":[{"href":"https:\/\/elterritorialweb.com.ar\/web\/wp-json\/wp\/v2\/posts"}],"about":[{"href":"https:\/\/elterritorialweb.com.ar\/web\/wp-json\/wp\/v2\/types\/post"}],"author":[{"embeddable":true,"href":"https:\/\/elterritorialweb.com.ar\/web\/wp-json\/wp\/v2\/users\/2"}],"replies":[{"embeddable":true,"href":"https:\/\/elterritorialweb.com.ar\/web\/wp-json\/wp\/v2\/comments?post=83565"}],"version-history":[{"count":2,"href":"https:\/\/elterritorialweb.com.ar\/web\/wp-json\/wp\/v2\/posts\/83565\/revisions"}],"predecessor-version":[{"id":83568,"href":"https:\/\/elterritorialweb.com.ar\/web\/wp-json\/wp\/v2\/posts\/83565\/revisions\/83568"}],"wp:featuredmedia":[{"embeddable":true,"href":"https:\/\/elterritorialweb.com.ar\/web\/wp-json\/wp\/v2\/media\/83566"}],"wp:attachment":[{"href":"https:\/\/elterritorialweb.com.ar\/web\/wp-json\/wp\/v2\/media?parent=83565"}],"wp:term":[{"taxonomy":"category","embeddable":true,"href":"https:\/\/elterritorialweb.com.ar\/web\/wp-json\/wp\/v2\/categories?post=83565"},{"taxonomy":"post_tag","embeddable":true,"href":"https:\/\/elterritorialweb.com.ar\/web\/wp-json\/wp\/v2\/tags?post=83565"}],"curies":[{"name":"wp","href":"https:\/\/api.w.org\/{rel}","templated":true}]}}